{"id":48531,"date":"2024-12-04T18:12:10","date_gmt":"2024-12-04T21:12:10","guid":{"rendered":"https:\/\/radiorevelacionfm.cl\/?p=48531"},"modified":"2024-12-04T18:12:10","modified_gmt":"2024-12-04T21:12:10","slug":"empresa-lanarq-de-la-region-aysen-destaca-en-premiacion-de-los-85-anos-de-corfo-por-su-liderazgo-femenino-e-innovacion-sostenible","status":"publish","type":"post","link":"https:\/\/radiorevelacionfm.cl\/?p=48531","title":{"rendered":"Empresa Lanarq de la regi\u00f3n Ays\u00e9n destaca en premiaci\u00f3n de los 85 a\u00f1os de Corfo por su liderazgo femenino e innovaci\u00f3n sostenible"},"content":{"rendered":"<div class=\"flex_column av_one_full  flex_column_div av-zero-column-padding first  avia-builder-el-0  el_before_av_one_full  avia-builder-el-first  \" style='border-radius:0px; '><div  class='avia-image-container  av-styling-    avia-builder-el-1  avia-builder-el-no-sibling  avia-align-center '  itemprop=\"image\" itemscope=\"itemscope\" itemtype=\"https:\/\/schema.org\/ImageObject\"  ><div class='avia-image-container-inner'><div class='avia-image-overlay-wrap'><img decoding=\"async\" class='wp-image-48532 avia-img-lazy-loading-not-48532 avia_image' src=\"https:\/\/radiorevelacionfm.cl\/wp-content\/uploads\/2024\/12\/01-premiados_etmday-1_optimized.jpg\" alt='' title='01-premiados_etmday-(1)_optimized' height=\"600\" width=\"831\"  itemprop=\"thumbnailUrl\" srcset=\"https:\/\/radiorevelacionfm.cl\/wp-content\/uploads\/2024\/12\/01-premiados_etmday-1_optimized.jpg 831w, https:\/\/radiorevelacionfm.cl\/wp-content\/uploads\/2024\/12\/01-premiados_etmday-1_optimized-300x217.jpg 300w, https:\/\/radiorevelacionfm.cl\/wp-content\/uploads\/2024\/12\/01-premiados_etmday-1_optimized-768x555.jpg 768w, https:\/\/radiorevelacionfm.cl\/wp-content\/uploads\/2024\/12\/01-premiados_etmday-1_optimized-705x509.jpg 705w, https:\/\/radiorevelacionfm.cl\/wp-content\/uploads\/2024\/12\/01-premiados_etmday-1_optimized-450x325.jpg 450w, https:\/\/radiorevelacionfm.cl\/wp-content\/uploads\/2024\/12\/01-premiados_etmday-1_optimized-600x433.jpg 600w\" sizes=\"(max-width: 831px) 100vw, 831px\" \/><\/div><\/div><\/div><\/div><div class=\"flex_column av_one_full  flex_column_div av-zero-column-padding first  avia-builder-el-2  el_after_av_one_full  el_before_av_one_full  column-top-margin\" style='border-radius:0px; '><section class=\"av_textblock_section \"  itemscope=\"itemscope\" itemtype=\"https:\/\/schema.org\/BlogPosting\" itemprop=\"blogPost\" ><div class='avia_textblock  '   itemprop=\"text\" ><p style=\"text-align: center;\"><strong><span style=\"font-size: 18pt;\">Empresa Lanarq de la regi\u00f3n Ays\u00e9n destaca en premiaci\u00f3n de los 85 a\u00f1os de Corfo por su liderazgo femenino e innovaci\u00f3n sostenible<\/span><\/strong><\/p>\n<div id=\"gtx-trans\" style=\"position: absolute; left: -50px; top: 4.31534px;\">\n<div class=\"gtx-trans-icon\"><\/div>\n<\/div>\n<\/div><\/section><\/div><div class=\"flex_column av_one_full  flex_column_div av-zero-column-padding first  avia-builder-el-4  el_after_av_one_full  el_before_av_hr  column-top-margin\" style='border-radius:0px; '><section class=\"av_textblock_section \"  itemscope=\"itemscope\" itemtype=\"https:\/\/schema.org\/BlogPosting\" itemprop=\"blogPost\" ><div class='avia_textblock  '   itemprop=\"text\" ><p style=\"font-weight: 400; text-align: justify;\"><em>La empresaria de la Regi\u00f3n de Ays\u00e9n recibi\u00f3 el reconocimiento por su liderazgo femenino en el marco del EtMDAY 2024, evento que reuni\u00f3 a m\u00e1s de 40.000 mil emprendedores, inversionistas y l\u00edderes del ecosistema empresarial de Chile y el mundo, generando valiosas oportunidades de negocio y colaboraci\u00f3n.<\/em><\/p>\n<p style=\"font-weight: 400; text-align: justify;\">En el marco del EtMDAY 2024, desarrollado en el Parque Bicentenario de Vitacura, Corfo celebr\u00f3 el talento y liderazgo femenino al premiar a Arquitectura Mar\u00eda de los \u00c1ngeles Lobos E.I.R.L. &#8211; LANARQ, de la Regi\u00f3n de Ays\u00e9n, como ganadora en la categor\u00eda Empresas Lideradas por Mujeres.<\/p>\n<p style=\"font-weight: 400; text-align: justify;\">Este reconocimiento, parte de los esfuerzos de Corfo por promover la innovaci\u00f3n y la equidad de g\u00e9nero en el ecosistema emprendedor, se realiz\u00f3 durante la Premiaci\u00f3n 85 a\u00f1os de Corfo: Innovaci\u00f3n de Impacto, que destac\u00f3 la relevancia de la innovaci\u00f3n empresarial en la actividad econ\u00f3mica del pa\u00eds en categor\u00edas como Sostenibilidad y Desarrollo Territorial.<\/p>\n<p style=\"font-weight: 400; text-align: justify;\">Mar\u00eda de los \u00c1ngeles Lobos, CEO de Lanarq, expres\u00f3 su agradecimiento por el galard\u00f3n, subrayando que refleja el compromiso de su empresa con la innovaci\u00f3n sostenible. \u201cEste premio no solo es un honor, sino tambi\u00e9n un impulso para seguir trabajando con pasi\u00f3n y dedicaci\u00f3n. Las mujeres en Ays\u00e9n y en todo Chile lideramos proyectos que innovan y contribuyen al desarrollo econ\u00f3mico y la sostenibilidad\u201d, afirm\u00f3 Lobos.<\/p>\n<p style=\"font-weight: 400; text-align: justify;\">Por su parte, Humberto Mar\u00edn Leiva, director de Corfo Ays\u00e9n, destac\u00f3 el impacto de las mujeres en el fortalecimiento del emprendimiento regional y nacional, subrayando el aporte de Lanarq, que fusiona sostenibilidad e innovaci\u00f3n en sus proyectos arquitect\u00f3nicos, como el uso de lana de oveja como aislante. \u201cEs un honor reconocer a empresas como Lanarq, que est\u00e1n marcando la diferencia en su sector y abriendo camino para otras emprendedoras. Este premio refuerza el camino hacia una mayor inclusi\u00f3n y representaci\u00f3n femenina en sectores clave como la arquitectura\u201d, se\u00f1al\u00f3 Mar\u00edn.<\/p>\n<p style=\"font-weight: 400; text-align: justify;\"><strong>EtMDAY2024<\/strong><\/p>\n<p style=\"font-weight: 400; text-align: justify;\">Durante el evento, el Presidente de la Rep\u00fablica, Gabriel Boric Font, tambi\u00e9n particip\u00f3 en el evento y destac\u00f3 la importancia de iniciativas como la creaci\u00f3n de la Agencia de Financiamiento e Inversi\u00f3n para el Desarrollo (AFIDE), un proyecto clave para fortalecer la industria del capital de riesgo en Chile. \u00abSabemos que no todos los emprendedores pueden acceder a estas fuentes de financiamiento en otros mercados. Yo me pregunto: \u00bfCu\u00e1ntas oportunidades nos perdemos por, como pa\u00eds, no estar otorg\u00e1ndole ese financiamiento, no estar generando las condiciones para entregarle ese financiamiento a estas empresas? Es por eso que el proyecto de ley que crea AFIDE va a lograr dar el mayor impulso, en d\u00e9cadas, a la industria de capital de riesgo de todo el pa\u00eds\u00bb, expres\u00f3 Boric.<\/p>\n<p style=\"font-weight: 400; text-align: justify;\">El vicepresidente ejecutivo de Corfo, Jos\u00e9 Miguel Benavente Hormaz\u00e1bal, tambi\u00e9n particip\u00f3, destacando el espacio como un punto de encuentro para el emprendimiento. \u201cContamos con un stand con muchas actividades, desde emprendedores hasta nuestros Centros Tecnol\u00f3gicos y Start-Up Chile\u201d, coment\u00f3.<\/p>\n<p style=\"font-weight: 400; text-align: justify;\">Adem\u00e1s de la premiaci\u00f3n, Corfo organiz\u00f3 diversas actividades: mentor\u00edas, charlas TED, el DemoDay de Start-Up Chile y la presentaci\u00f3n de iniciativas innovadoras. Entre estas, se destac\u00f3 el lanzamiento de la nueva plataforma\u00a0<a href=\"https:\/\/corfoconecta.cl\/\" data-saferedirecturl=\"https:\/\/www.google.com\/url?q=https:\/\/corfoconecta.cl\/&amp;source=gmail&amp;ust=1733426614072000&amp;usg=AOvVaw1MJlOB44IKgSHSKurqLIHc\">CorfoConecta<\/a>, dise\u00f1ada para facilitar el acceso a recursos y redes a emprendedores de todo el pa\u00eds.<\/p>\n<\/div><\/section><\/div><div  style='height:50px' class='hr hr-invisible   avia-builder-el-6  el_after_av_one_full  el_before_av_social_share '><span class='hr-inner ' ><span class='hr-inner-style'><\/span><\/span><\/div><\/p>\n<div  class='av-social-sharing-box  avia-builder-el-7  el_after_av_hr  el_before_av_hr  '><div class='av-share-box'><h5 class='av-share-link-description av-no-toc '>Compartir esta noticia<\/h5><ul class='av-share-box-list noLightbox'><li class='av-share-link av-social-link-facebook' ><a target=\"_blank\" aria-label=\"Compartir en Facebook\" href='https:\/\/www.facebook.com\/sharer.php?u=https:\/\/radiorevelacionfm.cl\/?p=48531&#038;t=Empresa%20Lanarq%20de%20la%20regi%C3%B3n%20Ays%C3%A9n%20destaca%20en%20premiaci%C3%B3n%20de%20los%2085%20a%C3%B1os%20de%20Corfo%20por%20su%20liderazgo%20femenino%20e%20innovaci%C3%B3n%20sostenible' aria-hidden='false' data-av_icon='\ue8f3' data-av_iconfont='entypo-fontello' title='' data-avia-related-tooltip='Compartir en Facebook' rel=\"noopener\"><span class='avia_hidden_link_text'>Compartir en Facebook<\/span><\/a><\/li><li class='av-share-link av-social-link-twitter' ><a target=\"_blank\" aria-label=\"Compartir en Twitter\" href='https:\/\/twitter.com\/share?text=Empresa%20Lanarq%20de%20la%20regi%C3%B3n%20Ays%C3%A9n%20destaca%20en%20premiaci%C3%B3n%20de%20los%2085%20a%C3%B1os%20de%20Corfo%20por%20su%20liderazgo%20femenino%20e%20innovaci%C3%B3n%20sostenible&#038;url=https:\/\/radiorevelacionfm.cl\/?p=48531' aria-hidden='false' data-av_icon='\ue8f1' data-av_iconfont='entypo-fontello' title='' data-avia-related-tooltip='Compartir en Twitter' rel=\"noopener\"><span class='avia_hidden_link_text'>Compartir en Twitter<\/span><\/a><\/li><li class='av-share-link av-social-link-whatsapp' ><a target=\"_blank\" aria-label=\"Compartir en Whatsapp\" href='https:\/\/api.whatsapp.com\/send?text=https:\/\/radiorevelacionfm.cl\/?p=48531' aria-hidden='false' data-av_icon='\uf232' data-av_iconfont='entypo-fontello' title='' data-avia-related-tooltip='Compartir en Whatsapp' rel=\"noopener\"><span class='avia_hidden_link_text'>Compartir en Whatsapp<\/span><\/a><\/li><li class='av-share-link av-social-link-linkedin' ><a target=\"_blank\" aria-label=\"Compartir en LinkedIn\" href='https:\/\/linkedin.com\/shareArticle?mini=true&#038;title=Empresa%20Lanarq%20de%20la%20regi%C3%B3n%20Ays%C3%A9n%20destaca%20en%20premiaci%C3%B3n%20de%20los%2085%20a%C3%B1os%20de%20Corfo%20por%20su%20liderazgo%20femenino%20e%20innovaci%C3%B3n%20sostenible&#038;url=https:\/\/radiorevelacionfm.cl\/?p=48531' aria-hidden='false' data-av_icon='\ue8fc' data-av_iconfont='entypo-fontello' title='' data-avia-related-tooltip='Compartir en LinkedIn' rel=\"noopener\"><span class='avia_hidden_link_text'>Compartir en LinkedIn<\/span><\/a><\/li><li class='av-share-link av-social-link-mail' ><a  aria-label=\"Compartir por correo\" href='mailto:?subject=Empresa%20Lanarq%20de%20la%20regi%C3%B3n%20Ays%C3%A9n%20destaca%20en%20premiaci%C3%B3n%20de%20los%2085%20a%C3%B1os%20de%20Corfo%20por%20su%20liderazgo%20femenino%20e%20innovaci%C3%B3n%20sostenible&#038;body=https:\/\/radiorevelacionfm.cl\/?p=48531' aria-hidden='false' data-av_icon='\ue805' data-av_iconfont='entypo-fontello' title='' data-avia-related-tooltip='Compartir por correo'><span class='avia_hidden_link_text'>Compartir por correo<\/span><\/a><\/li><\/ul><\/div><\/div>\n<div  style='height:50px' class='hr hr-invisible   avia-builder-el-8  el_after_av_social_share  el_before_av_comments_list '><span class='hr-inner ' ><span class='hr-inner-style'><\/span><\/span><\/div>\n<div  class='av-buildercomment  av-blog-meta-html-info-disabled av-blog-meta-tag-disabled  '><\/div>\n","protected":false},"excerpt":{"rendered":"","protected":false},"author":1,"featured_media":48532,"comment_status":"open","ping_status":"open","sticky":false,"template":"","format":"standard","meta":{"footnotes":""},"categories":[38],"tags":[],"class_list":["post-48531","post","type-post","status-publish","format-standard","has-post-thumbnail","hentry","category-regional"],"jetpack_featured_media_url":"https:\/\/radiorevelacionfm.cl\/wp-content\/uploads\/2024\/12\/01-premiados_etmday-1_optimized.jpg","_links":{"self":[{"href":"https:\/\/radiorevelacionfm.cl\/index.php?rest_route=\/wp\/v2\/posts\/48531","targetHints":{"allow":["GET"]}}],"collection":[{"href":"https:\/\/radiorevelacionfm.cl\/index.php?rest_route=\/wp\/v2\/posts"}],"about":[{"href":"https:\/\/radiorevelacionfm.cl\/index.php?rest_route=\/wp\/v2\/types\/post"}],"author":[{"embeddable":true,"href":"https:\/\/radiorevelacionfm.cl\/index.php?rest_route=\/wp\/v2\/users\/1"}],"replies":[{"embeddable":true,"href":"https:\/\/radiorevelacionfm.cl\/index.php?rest_route=%2Fwp%2Fv2%2Fcomments&post=48531"}],"version-history":[{"count":1,"href":"https:\/\/radiorevelacionfm.cl\/index.php?rest_route=\/wp\/v2\/posts\/48531\/revisions"}],"predecessor-version":[{"id":48533,"href":"https:\/\/radiorevelacionfm.cl\/index.php?rest_route=\/wp\/v2\/posts\/48531\/revisions\/48533"}],"wp:featuredmedia":[{"embeddable":true,"href":"https:\/\/radiorevelacionfm.cl\/index.php?rest_route=\/wp\/v2\/media\/48532"}],"wp:attachment":[{"href":"https:\/\/radiorevelacionfm.cl\/index.php?rest_route=%2Fwp%2Fv2%2Fmedia&parent=48531"}],"wp:term":[{"taxonomy":"category","embeddable":true,"href":"https:\/\/radiorevelacionfm.cl\/index.php?rest_route=%2Fwp%2Fv2%2Fcategories&post=48531"},{"taxonomy":"post_tag","embeddable":true,"href":"https:\/\/radiorevelacionfm.cl\/index.php?rest_route=%2Fwp%2Fv2%2Ftags&post=48531"}],"curies":[{"name":"wp","href":"https:\/\/api.w.org\/{rel}","templated":true}]}}