{"id":48528,"date":"2024-12-04T21:07:01","date_gmt":"2024-12-05T00:07:01","guid":{"rendered":"https:\/\/radiorevelacionfm.cl\/?p=48528"},"modified":"2024-12-04T21:21:05","modified_gmt":"2024-12-05T00:21:05","slug":"usuarios-destacaron-presencia-de-bienes-nacionales-en-el-territorio-sur-austral-de-la-region","status":"publish","type":"post","link":"https:\/\/radiorevelacionfm.cl\/?p=48528","title":{"rendered":"Usuarios destacaron presencia de Bienes Nacionales en el territorio sur austral de la regi\u00f3n"},"content":{"rendered":"<div class=\"flex_column av_one_full  flex_column_div av-zero-column-padding first  avia-builder-el-0  el_before_av_one_full  avia-builder-el-first  \" style='border-radius:0px; '><div  class='avia-image-container  av-styling-    avia-builder-el-1  avia-builder-el-no-sibling  avia-align-center '  itemprop=\"image\" itemscope=\"itemscope\" itemtype=\"https:\/\/schema.org\/ImageObject\"  ><div class='avia-image-container-inner'><div class='avia-image-overlay-wrap'><img decoding=\"async\" class='wp-image-48552 avia-img-lazy-loading-not-48552 avia_image' src=\"https:\/\/radiorevelacionfm.cl\/wp-content\/uploads\/2024\/12\/468560729_1123468493112377_1612859612773478276_n-1_optimized-1.jpg\" alt='' title='468560729_1123468493112377_1612859612773478276_n-(1)_optimized (1)' height=\"600\" width=\"881\"  itemprop=\"thumbnailUrl\" srcset=\"https:\/\/radiorevelacionfm.cl\/wp-content\/uploads\/2024\/12\/468560729_1123468493112377_1612859612773478276_n-1_optimized-1.jpg 881w, https:\/\/radiorevelacionfm.cl\/wp-content\/uploads\/2024\/12\/468560729_1123468493112377_1612859612773478276_n-1_optimized-1-300x204.jpg 300w, https:\/\/radiorevelacionfm.cl\/wp-content\/uploads\/2024\/12\/468560729_1123468493112377_1612859612773478276_n-1_optimized-1-768x523.jpg 768w, https:\/\/radiorevelacionfm.cl\/wp-content\/uploads\/2024\/12\/468560729_1123468493112377_1612859612773478276_n-1_optimized-1-705x480.jpg 705w, https:\/\/radiorevelacionfm.cl\/wp-content\/uploads\/2024\/12\/468560729_1123468493112377_1612859612773478276_n-1_optimized-1-450x306.jpg 450w, https:\/\/radiorevelacionfm.cl\/wp-content\/uploads\/2024\/12\/468560729_1123468493112377_1612859612773478276_n-1_optimized-1-600x409.jpg 600w\" sizes=\"(max-width: 881px) 100vw, 881px\" \/><\/div><\/div><\/div><\/div><div class=\"flex_column av_one_full  flex_column_div av-zero-column-padding first  avia-builder-el-2  el_after_av_one_full  el_before_av_one_full  column-top-margin\" style='border-radius:0px; '><section class=\"av_textblock_section \"  itemscope=\"itemscope\" itemtype=\"https:\/\/schema.org\/BlogPosting\" itemprop=\"blogPost\" ><div class='avia_textblock  '   itemprop=\"text\" ><p style=\"text-align: center;\"><span style=\"font-size: 18pt;\"><strong>Usuarios destacaron presencia de Bienes Nacionales en el territorio sur austral de la regi\u00f3n<\/strong><\/span><\/p>\n<div id=\"gtx-trans\" style=\"position: absolute; left: -50px; top: 4.31534px;\">\n<div class=\"gtx-trans-icon\"><\/div>\n<\/div>\n<\/div><\/section><\/div><\/p>\n<div class=\"flex_column av_one_full  flex_column_div av-zero-column-padding first  avia-builder-el-4  el_after_av_one_full  el_before_av_hr  column-top-margin\" style='border-radius:0px; '><section class=\"av_textblock_section \"  itemscope=\"itemscope\" itemtype=\"https:\/\/schema.org\/BlogPosting\" itemprop=\"blogPost\" ><div class='avia_textblock  '   itemprop=\"text\" ><p style=\"text-align: justify;\"><em>Tras dos a\u00f1os de ejecuci\u00f3n, finaliz\u00f3 el Programa de Regularizaci\u00f3n de la Propiedad Ra\u00edz de la Provincia de Capit\u00e1n Prat.<\/em><\/p>\n<p style=\"text-align: justify;\">Emprendedores de Cochrane, Tortel y O\u00b4Higgins agradecieron que la Seremi de Bienes Nacionales de Ays\u00e9n haya ejecutado el Programa de Regularizaci\u00f3n de la Propiedad Ra\u00edz de la Provincia de Capit\u00e1n Prat, el que fue aprobado y financiado con recursos del Gobierno Regional de Ays\u00e9n, permitiendo la instalaci\u00f3n de tres oficias de gesti\u00f3n territorial para abordar situaciones de ocupaciones y tenencia de inmuebles fiscales, as\u00ed tambi\u00e9n, la regularizaci\u00f3n en propiedad particular.<\/p>\n<p style=\"text-align: justify;\">En un promedio de dos a\u00f1os, La Seremi pudo brindar atenci\u00f3n presencial, resolver consultas y tramitar arriendos de terrenos fiscales para materializar proyectos productivos, lineamiento ministerial de impulso a la reactivaci\u00f3n econ\u00f3mica, uno de los ejes del Gobierno del Presidente Gabriel Boric. Lo que signific\u00f3 para don Ra\u00fal Inostroza de Cochrane, el poder concretar un anhelo familiar, \u201ccon el arriendo de Bienes Nacionales podr\u00e9 pasar de tener un carrito de comida a un restaurant en el acceso a Cochrane\u201d; as\u00ed tambi\u00e9n, Leonora Campos, reconocida dirigenta del sector San Lorenzo, se\u00f1al\u00f3 \u201csoy una feliz arrendataria de Bienes Nacionales, produzco hortalizas y he podido sacar adelante a mis hijos. Agradezco la presencia de Bienes Nacionales porque es lo que necesitamos la gente de la provincia para no tener que dejar el campo y a la familia por tres o cuatro d\u00edas para ir a hacer tr\u00e1mites hasta Coyhaique\u201d.<\/p>\n<p style=\"text-align: justify;\">En Caleta Tortel, el joven Hern\u00e1n Videla se\u00f1al\u00f3 alegremente que en un inmueble fiscal podr\u00e1 emprender con su propia panader\u00eda. Por su parte, don Olegario Hern\u00e1ndez Yefe, con la visi\u00f3n de innovar en su trabajo, solicit\u00f3 un arriendo a Bienes Nacionales para la instalaci\u00f3n de un galp\u00f3n de secado de le\u00f1a, y \u201cdesde diciembre del a\u00f1o pasado que ya estoy vendiendo le\u00f1a seca, algo que era muy necesario en Caleta Tortel. No es lo mismo cargar le\u00f1a h\u00fameda que le\u00f1a seca por las pasarelas y as\u00ed aprovechamos de contaminar menos\u201d, sostuvo el reconocido Tejuelero, Tesoro Humano Vivo de nuestro pa\u00eds.<\/p>\n<p style=\"text-align: justify;\">Don Eduardo Forranca, principal productor de huevos de campo en Villa O\u00b4Higins, resalt\u00f3 la importancia de poder trasladar sus m\u00e1s de 200 gallinas a un nuevo espacio, donde en el marco de una tramitaci\u00f3n de arriendo, Bienes Nacionales le otorg\u00f3 un permiso de ocupaci\u00f3n. De igual forma, don Rolando Gatica, quien se dedica a la ganader\u00eda, resalt\u00f3 que \u201cmi arriendo me permitir\u00e1 seguir trabajando\u201d.<\/p>\n<p style=\"text-align: justify;\">La importancia de regularizar la ocupaci\u00f3n de inmuebles fue destacada por Jorge Calder\u00f3n, Abel Becerra y Jos\u00e9 Fica, entonces alcaldes de Cochrane, Tortel y O\u00b4Higgins respectivamente, ya que los tres municipios han agradecido la oportunidad de contar con el trabajo directo del programa para regularizar la administraci\u00f3n de inmuebles con el fin de implementar mejoras en infraestructura comunitaria emplazada hist\u00f3ricamente sobre suelo fiscal.<\/p>\n<p style=\"text-align: justify;\"><strong><em>Participaci\u00f3n Ciudadana<\/em><\/strong><\/p>\n<p style=\"text-align: justify;\">Junto con la atenci\u00f3n presencial, otro eje relevante a destacar en el desarrollo de este programa fue la puesta en marcha de instancias de participaci\u00f3n ciudadana en torno a la planificaci\u00f3n de usos de inmuebles fiscales, donde la voz de las comunidades fue clave, marc\u00e1ndose as\u00ed otro hito para el Ministerio en la regi\u00f3n.<\/p>\n<p style=\"text-align: justify;\">El ejemplo m\u00e1s destacado a nivel nacional por la ministra de la cartera, Marcela Sandoval Osorio, fue la recuperaci\u00f3n de 10 hect\u00e1reas en el sector conocido como El H\u00fangaro en Cochrane a partir del desalojo de una ocupaci\u00f3n ilegal realizado en marzo de 2023. Posterior a esta acci\u00f3n destacada por la propia comunidad, se realizaron tres instancias de participaci\u00f3n ciudadana para finalmente proponer la subdivisi\u00f3n administrativa de 13 lotes, para que organizaciones y municipalidad puedan postular a arriendos y concesiones y as\u00ed levantar proyectos productivos y comunitarios.<\/p>\n<p style=\"text-align: justify;\">\u201cEn casi dos a\u00f1os de trabajo en el territorio sur austral, el equipo del programa ya ha superado las metas de ejecuci\u00f3n llevando m\u00e1s del 200% de cumplimiento, de esta forma, los usuarios han podido realizar consultas, presentar postulaciones a tramitaciones de arriendos productivos y concesiones gratuitas de inmuebles fiscales, adem\u00e1s de resolver situaciones de larga data como mensuras y fiscalizaciones que ameritaron muchas veces extensas salidas a terreno, todo en post de resolver la regularizaci\u00f3n y administraci\u00f3n de inmuebles, justamente en la tercera regi\u00f3n con m\u00e1s territorio fiscal del pa\u00eds, tarea que no es f\u00e1cil pero que desarrollamos con compromiso ya que somos el ministerio de los territorios\u201d, finaliz\u00f3 se\u00f1alando la Seremi de Bienes Nacionales de Ays\u00e9n, Irina Morend Valdebenito.<\/p>\n<\/div><\/section><\/div>\n<div  style='height:50px' class='hr hr-invisible   avia-builder-el-6  el_after_av_one_full  el_before_av_social_share '><span class='hr-inner ' ><span class='hr-inner-style'><\/span><\/span><\/div>\n<div  class='av-social-sharing-box  avia-builder-el-7  el_after_av_hr  el_before_av_hr  '><div class='av-share-box'><h5 class='av-share-link-description av-no-toc '>Compartir esta noticia<\/h5><ul class='av-share-box-list noLightbox'><li class='av-share-link av-social-link-facebook' ><a target=\"_blank\" aria-label=\"Compartir en Facebook\" href='https:\/\/www.facebook.com\/sharer.php?u=https:\/\/radiorevelacionfm.cl\/?p=48528&#038;t=Usuarios%20destacaron%20presencia%20de%20Bienes%20Nacionales%20en%20el%20territorio%20sur%20austral%20de%20la%20regi%C3%B3n' aria-hidden='false' data-av_icon='\ue8f3' data-av_iconfont='entypo-fontello' title='' data-avia-related-tooltip='Compartir en Facebook' rel=\"noopener\"><span class='avia_hidden_link_text'>Compartir en Facebook<\/span><\/a><\/li><li class='av-share-link av-social-link-twitter' ><a target=\"_blank\" aria-label=\"Compartir en Twitter\" href='https:\/\/twitter.com\/share?text=Usuarios%20destacaron%20presencia%20de%20Bienes%20Nacionales%20en%20el%20territorio%20sur%20austral%20de%20la%20regi%C3%B3n&#038;url=https:\/\/radiorevelacionfm.cl\/?p=48528' aria-hidden='false' data-av_icon='\ue8f1' data-av_iconfont='entypo-fontello' title='' data-avia-related-tooltip='Compartir en Twitter' rel=\"noopener\"><span class='avia_hidden_link_text'>Compartir en Twitter<\/span><\/a><\/li><li class='av-share-link av-social-link-whatsapp' ><a target=\"_blank\" aria-label=\"Compartir en Whatsapp\" href='https:\/\/api.whatsapp.com\/send?text=https:\/\/radiorevelacionfm.cl\/?p=48528' aria-hidden='false' data-av_icon='\uf232' data-av_iconfont='entypo-fontello' title='' data-avia-related-tooltip='Compartir en Whatsapp' rel=\"noopener\"><span class='avia_hidden_link_text'>Compartir en Whatsapp<\/span><\/a><\/li><li class='av-share-link av-social-link-linkedin' ><a target=\"_blank\" aria-label=\"Compartir en LinkedIn\" href='https:\/\/linkedin.com\/shareArticle?mini=true&#038;title=Usuarios%20destacaron%20presencia%20de%20Bienes%20Nacionales%20en%20el%20territorio%20sur%20austral%20de%20la%20regi%C3%B3n&#038;url=https:\/\/radiorevelacionfm.cl\/?p=48528' aria-hidden='false' data-av_icon='\ue8fc' data-av_iconfont='entypo-fontello' title='' data-avia-related-tooltip='Compartir en LinkedIn' rel=\"noopener\"><span class='avia_hidden_link_text'>Compartir en LinkedIn<\/span><\/a><\/li><li class='av-share-link av-social-link-mail' ><a  aria-label=\"Compartir por correo\" href='mailto:?subject=Usuarios%20destacaron%20presencia%20de%20Bienes%20Nacionales%20en%20el%20territorio%20sur%20austral%20de%20la%20regi%C3%B3n&#038;body=https:\/\/radiorevelacionfm.cl\/?p=48528' aria-hidden='false' data-av_icon='\ue805' data-av_iconfont='entypo-fontello' title='' data-avia-related-tooltip='Compartir por correo'><span class='avia_hidden_link_text'>Compartir por correo<\/span><\/a><\/li><\/ul><\/div><\/div>\n<div  style='height:50px' class='hr hr-invisible   avia-builder-el-8  el_after_av_social_share  el_before_av_comments_list '><span class='hr-inner ' ><span class='hr-inner-style'><\/span><\/span><\/div>\n<div  class='av-buildercomment  av-blog-meta-html-info-disabled av-blog-meta-tag-disabled  '><\/div>\n","protected":false},"excerpt":{"rendered":"","protected":false},"author":1,"featured_media":48552,"comment_status":"open","ping_status":"open","sticky":false,"template":"","format":"standard","meta":{"footnotes":""},"categories":[38],"tags":[],"class_list":["post-48528","post","type-post","status-publish","format-standard","has-post-thumbnail","hentry","category-regional"],"jetpack_featured_media_url":"https:\/\/radiorevelacionfm.cl\/wp-content\/uploads\/2024\/12\/468560729_1123468493112377_1612859612773478276_n-1_optimized-1.jpg","_links":{"self":[{"href":"https:\/\/radiorevelacionfm.cl\/index.php?rest_route=\/wp\/v2\/posts\/48528","targetHints":{"allow":["GET"]}}],"collection":[{"href":"https:\/\/radiorevelacionfm.cl\/index.php?rest_route=\/wp\/v2\/posts"}],"about":[{"href":"https:\/\/radiorevelacionfm.cl\/index.php?rest_route=\/wp\/v2\/types\/post"}],"author":[{"embeddable":true,"href":"https:\/\/radiorevelacionfm.cl\/index.php?rest_route=\/wp\/v2\/users\/1"}],"replies":[{"embeddable":true,"href":"https:\/\/radiorevelacionfm.cl\/index.php?rest_route=%2Fwp%2Fv2%2Fcomments&post=48528"}],"version-history":[{"count":2,"href":"https:\/\/radiorevelacionfm.cl\/index.php?rest_route=\/wp\/v2\/posts\/48528\/revisions"}],"predecessor-version":[{"id":48553,"href":"https:\/\/radiorevelacionfm.cl\/index.php?rest_route=\/wp\/v2\/posts\/48528\/revisions\/48553"}],"wp:featuredmedia":[{"embeddable":true,"href":"https:\/\/radiorevelacionfm.cl\/index.php?rest_route=\/wp\/v2\/media\/48552"}],"wp:attachment":[{"href":"https:\/\/radiorevelacionfm.cl\/index.php?rest_route=%2Fwp%2Fv2%2Fmedia&parent=48528"}],"wp:term":[{"taxonomy":"category","embeddable":true,"href":"https:\/\/radiorevelacionfm.cl\/index.php?rest_route=%2Fwp%2Fv2%2Fcategories&post=48528"},{"taxonomy":"post_tag","embeddable":true,"href":"https:\/\/radiorevelacionfm.cl\/index.php?rest_route=%2Fwp%2Fv2%2Ftags&post=48528"}],"curies":[{"name":"wp","href":"https:\/\/api.w.org\/{rel}","templated":true}]}}