{"id":48525,"date":"2024-12-04T16:28:16","date_gmt":"2024-12-04T19:28:16","guid":{"rendered":"https:\/\/radiorevelacionfm.cl\/?p=48525"},"modified":"2024-12-04T16:28:16","modified_gmt":"2024-12-04T19:28:16","slug":"soluciones-en-conectividad-vial-lacustre-y-aerea-anuncio-autoridad-nacional-del-mop-en-visita-a-la-region","status":"publish","type":"post","link":"https:\/\/radiorevelacionfm.cl\/?p=48525","title":{"rendered":"Soluciones en conectividad vial, lacustre y a\u00e9rea anunci\u00f3 autoridad nacional del MOP en visita a la regi\u00f3n"},"content":{"rendered":"<div class=\"flex_column av_one_full  flex_column_div av-zero-column-padding first  avia-builder-el-0  el_before_av_one_full  avia-builder-el-first  \" style='border-radius:0px; '><div  class='avia-image-container  av-styling-    avia-builder-el-1  avia-builder-el-no-sibling  avia-align-center '  itemprop=\"image\" itemscope=\"itemscope\" itemtype=\"https:\/\/schema.org\/ImageObject\"  ><div class='avia-image-container-inner'><div class='avia-image-overlay-wrap'><img decoding=\"async\" class='wp-image-48526 avia-img-lazy-loading-not-48526 avia_image' src=\"https:\/\/radiorevelacionfm.cl\/wp-content\/uploads\/2024\/12\/img_8048-1-1_optimized.jpg\" alt='' title='img_8048-1-(1)_optimized' height=\"600\" width=\"1144\"  itemprop=\"thumbnailUrl\" srcset=\"https:\/\/radiorevelacionfm.cl\/wp-content\/uploads\/2024\/12\/img_8048-1-1_optimized.jpg 1144w, https:\/\/radiorevelacionfm.cl\/wp-content\/uploads\/2024\/12\/img_8048-1-1_optimized-300x157.jpg 300w, https:\/\/radiorevelacionfm.cl\/wp-content\/uploads\/2024\/12\/img_8048-1-1_optimized-1030x540.jpg 1030w, https:\/\/radiorevelacionfm.cl\/wp-content\/uploads\/2024\/12\/img_8048-1-1_optimized-768x403.jpg 768w, https:\/\/radiorevelacionfm.cl\/wp-content\/uploads\/2024\/12\/img_8048-1-1_optimized-705x370.jpg 705w, https:\/\/radiorevelacionfm.cl\/wp-content\/uploads\/2024\/12\/img_8048-1-1_optimized-450x236.jpg 450w, https:\/\/radiorevelacionfm.cl\/wp-content\/uploads\/2024\/12\/img_8048-1-1_optimized-600x315.jpg 600w\" sizes=\"(max-width: 1144px) 100vw, 1144px\" \/><\/div><\/div><\/div><\/div><div class=\"flex_column av_one_full  flex_column_div av-zero-column-padding first  avia-builder-el-2  el_after_av_one_full  el_before_av_one_full  column-top-margin\" style='border-radius:0px; '><section class=\"av_textblock_section \"  itemscope=\"itemscope\" itemtype=\"https:\/\/schema.org\/BlogPosting\" itemprop=\"blogPost\" ><div class='avia_textblock  '   itemprop=\"text\" ><p style=\"text-align: center;\"><strong><span style=\"font-size: 18pt;\">Soluciones en conectividad vial, lacustre y a\u00e9rea anunci\u00f3 autoridad nacional del MOP en visita a la regi\u00f3n<\/span><\/strong><\/p>\n<div id=\"gtx-trans\" style=\"position: absolute; left: -50px; top: 4.31534px;\">\n<div class=\"gtx-trans-icon\"><\/div>\n<\/div>\n<\/div><\/section><\/div><div class=\"flex_column av_one_full  flex_column_div av-zero-column-padding first  avia-builder-el-4  el_after_av_one_full  el_before_av_hr  column-top-margin\" style='border-radius:0px; '><section class=\"av_textblock_section \"  itemscope=\"itemscope\" itemtype=\"https:\/\/schema.org\/BlogPosting\" itemprop=\"blogPost\" ><div class='avia_textblock  '   itemprop=\"text\" ><p style=\"text-align: justify;\"><em>\u201cPara 2025 tenemos un presupuesto relevante, sobre todo, en materia de conexi\u00f3n vial\u201d, asegur\u00f3 el Director General de Obras P\u00fablicas, Boris Olgu\u00edn, en su reciente recorrido por diversos sectores de Ays\u00e9n.<\/em><\/p>\n<p style=\"text-align: justify;\">Reuniones en terreno con diversas comunidades de la provincia de Ays\u00e9n para informar avances de compromisos de conectividad terrestre adquiridos en el primer semestre de 2024 y soluciones a contingencias actuales, inspecci\u00f3n de obras en la Ruta 7 y anuncios en conectividad lacustre y a\u00e9rea fueron parte de las actividades realizadas por el Director General de Obras P\u00fablicas del MOP (DGOP), Boris Olgu\u00edn, en su segunda visita en menos de un a\u00f1o a la regi\u00f3n.<\/p>\n<p style=\"text-align: justify;\"><strong>Visitas a comunidades\u00a0<\/strong><\/p>\n<p style=\"text-align: justify;\">Primero, las vecinas y vecinos del sector de R\u00edo Blanco de Puerto Ays\u00e9n recibieron una buena noticia: el propio Director Olgu\u00edn se reuni\u00f3 con ellos para confirmarles que est\u00e1 en proceso la licitaci\u00f3n de los primeros trabajos para la futura instalaci\u00f3n de un puente mecano que permitir\u00e1 habilitar una segunda v\u00eda de conexi\u00f3n entre esa localidad y Coyhaique.<\/p>\n<p style=\"text-align: justify;\">\u201cEstoy muy contento de poder transmitirle a los vecinos que estamos avanzando decididamente para cumplir el compromiso de disponer de un puente que le d\u00e9 conectividad e integraci\u00f3n a este sector\u201d, asegur\u00f3 la autoridad nacional, y agreg\u00f3 que \u201cesto le va a traer desarrollo a la comunidad, que lleva muchos a\u00f1os esperando. Es un proyecto que comprometimos y que tiene todos los recursos en la ley de presupuestos del pr\u00f3ximo a\u00f1o\u201d.<\/p>\n<p style=\"text-align: justify;\">Posteriormente, visit\u00f3 a la comunidad usuaria de la balsa El Blanco, servicio de transporte que cruza el r\u00edo Blanco y conecta a zonas de Ays\u00e9n y Coyhaique. Pese a tener horarios de funcionamiento establecidos, estos se ven afectados cuando aumenta el caudal del r\u00edo, lo que perjudica la calidad de vida de las personas que atraviesan en la balsa. Contar con un puente es, entonces, un anhelo de d\u00e9cadas.<\/p>\n<p style=\"text-align: justify;\">Olgu\u00edn cont\u00f3 que \u201cnos comprometimos con las vecinas y vecinos a instalar un puente de acero que permita la conectividad donde est\u00e1 la balsa El Blanco. Esperamos tener resuelta esa conexi\u00f3n durante el primer semestre del pr\u00f3ximo a\u00f1o\u201d.<\/p>\n<p style=\"text-align: justify;\">Una situaci\u00f3n similar ocurri\u00f3 en el sector de la pasarela El Pangal 2, estructura que recientemente sufri\u00f3 el corte de uno de sus hilos tensores, por lo que hubo que restringir el paso de veh\u00edculos.<\/p>\n<p style=\"text-align: justify;\">\u201cMe reun\u00ed con la comunidad y le hice saber que entendemos las dificultades que esta situaci\u00f3n les trae. Por lo mismo, comprometimos la instalaci\u00f3n de un puente de acero, cuyo traslado se har\u00e1 a fines de diciembre y esperamos que las obras civiles que necesitamos ejecutar para poder cementar y colocar el puente, se inicien durante el primer semestre del 2025\u201d, inform\u00f3 el Director Olgu\u00edn.<\/p>\n<p style=\"text-align: justify;\"><strong>Ruta 7\u00a0<\/strong><\/p>\n<p style=\"text-align: justify;\">La autoridad del MOP visit\u00f3 las obras en curso para mejorar el est\u00e1ndar de la Ruta 7 en los casi 10 kil\u00f3metros que van desde el cruce Vista Hermosa, por el norte, al puente Laguna Verde, por el sur.<\/p>\n<p style=\"text-align: justify;\">En la supervisi\u00f3n, se\u00f1al\u00f3 que \u201ceste tramo quedar\u00e1 con un nuevo pavimento de asfalto y toda la se\u00f1al\u00e9tica de seguridad. Adem\u00e1s, en diciembre vamos a comenzar los trabajos en el tramo que contin\u00faa hacia el sur. Estas son obras concretas, obras que est\u00e1n d\u00e1ndole dinamismo a la econom\u00eda regional y estimulando la creaci\u00f3n de empleo\u201d.<\/p>\n<p style=\"text-align: justify;\"><strong>Conectividad lacustre y a\u00e9rea\u00a0<\/strong><\/p>\n<p style=\"text-align: justify;\">La visita de Olgu\u00edn incluy\u00f3, asimismo, la inspecci\u00f3n a las obras de mejoramiento del terminal de pasajeros de Puerto Ingeniero Ib\u00e1\u00f1ez, donde inform\u00f3 que el MOP tiene programado publicar la licitaci\u00f3n de los trabajos de conservaci\u00f3n de la barcaza Pilchero antes de fin de a\u00f1o, para que la nave, con capacidad para transportar 72 pasajeros, pueda volver a estar operativa durante el primer semestre de 2025. La inversi\u00f3n contempla un monto cercano a los $1.000 millones de pesos.<\/p>\n<p style=\"text-align: justify;\">\u201cEste proyecto se enmarca en una serie de conservaciones que realizaremos a las barcazas de la regi\u00f3n, entre las que se cuentan las naves La Tehuelche, Padre Antonio Ronchi y El Tehuelche, con el objeto de continuar reforzando la prevenci\u00f3n de inconvenientes y as\u00ed entregar un servicio \u00f3ptimo a la comunidad\u201d, ampli\u00f3 el Director.<\/p>\n<p style=\"text-align: justify;\">En cuanto a la conectividad a\u00e9rea, cont\u00f3 que \u201cen 2025 comenzar\u00e1 la implementaci\u00f3n de una red de puntos de posada de emergencia para helic\u00f3pteros en la regi\u00f3n, mediante la cual se pretende asegurar la conexi\u00f3n r\u00e1pida en situaciones de emergencia, junto con proporcionar soporte para operaciones policiales, evacuaciones m\u00e9dicas y combate de incendios forestales\u201d.<\/p>\n<p style=\"text-align: justify;\">El primer paso, en este sentido, es la pr\u00f3xima publicaci\u00f3n de la licitaci\u00f3n de las obras de construcci\u00f3n del helipuerto de emergencia de Villa \u00d1irehuao, en la comuna de Coyhaique. Los trabajos se ejecutar\u00e1n durante el primer semestre de 2025 con una inversi\u00f3n aproximada de $700 millones.<\/p>\n<p style=\"text-align: justify;\"><strong>Reuniones con sectores productivos\u00a0<\/strong><\/p>\n<p style=\"text-align: justify;\">\u201cEstuve navegando en el r\u00edo Ays\u00e9n, junto a transportistas, armadores y operadores de turismo, para verificar el embancamiento natural que se produce en el sector de La Barra cuando baja la marea, situaci\u00f3n cuya frecuencia ha aumentado en los \u00faltimos a\u00f1os, y evaluar soluciones. Junto con dificultar la navegaci\u00f3n, esto impacta directamente en las actividades productivas y en la econom\u00eda regional\u201d, explic\u00f3 el DGOP.<\/p>\n<p style=\"text-align: justify;\">La autoridad reconoci\u00f3 que \u201ceste es un proyecto de gran envergadura para la regi\u00f3n. Por lo mismo, tenemos que unir esfuerzos el nuevo gobernador, los nuevos consejeros regionales, los alcaldes y el MOP para asumirlo\u201d.<\/p>\n<p style=\"text-align: justify;\">Al respecto, dijo que espera que durante 2025 se puedan iniciar los estudios que permitan darle la viabilidad a un proyecto de largo aliento como este.<\/p>\n<p style=\"text-align: justify;\">Asimismo, Olgu\u00edn se reuni\u00f3 con representantes de la sede regional de la C\u00e1mara Chilena de la Construcci\u00f3n para conversar tanto de la situaci\u00f3n del embancamiento en el r\u00edo Ays\u00e9n como de los proyectos que el MOP est\u00e1 desarrollando, de los que est\u00e1n por iniciarse y de los que se tienen proyectados.<\/p>\n<p style=\"text-align: justify;\">\u201cLes he manifestado que la planificaci\u00f3n es fundamental. Para eso, presentamos el Plan Nacional de Infraestructura P\u00fablica del MOP a 30 a\u00f1os, el que contempl\u00f3 un diagn\u00f3stico territorial participativo del que se derivaron una serie de iniciativas, entre ellas, obras de infraestructura p\u00fablica fundamentales para la vida y el desarrollo del territorio aysenino, como el mejoramiento de aeropuertos y caminos\u201d, se\u00f1al\u00f3 la autoridad de Obras P\u00fablicas.<\/p>\n<p style=\"text-align: justify;\">\u201cTambi\u00e9n los invit\u00e9 a so\u00f1ar con una conectividad que nos permita integrar toda la Patagonia Austral, desde Puerto Montt, a trav\u00e9s de la Ruta 7, hasta Magallanes\u201d, manifest\u00f3. \u201cEsta regi\u00f3n tiene condiciones naturales y una belleza esc\u00e9nica fundamental; por lo mismo, la infraestructura va a poder ser parte o debe ser parte de su desarrollo, pero un desarrollo sostenible, uno que permita potenciar todos sus atributos\u201d, complement\u00f3.<\/p>\n<p style=\"text-align: justify;\">Finalmente, Olgu\u00edn comunic\u00f3 que \u201cpara 2025, vamos a tener un presupuesto relevante, sobre todo, en materia de conexi\u00f3n vial. Aqu\u00ed, la Ruta 7 es esencial. As\u00ed es que estamos avanzando en el cumplimiento de los compromisos hechos por el Presidente Boric, en enero de 2023, para mejorar la integraci\u00f3n territorial y la conectividad f\u00edsica de la zona\u201d.<\/p>\n<p style=\"text-align: justify;\">\u201cNuestra Ministra Jessica L\u00f3pez nos ha instruido acelerar el tranco, desplegarnos en terreno y hacer las gestiones necesarias para que, al final del d\u00eda, la gente reciba estas obras, varias de las cuales han tardado, pero que hoy se est\u00e1n concretando\u201d, concluy\u00f3.<\/p>\n<p style=\"text-align: justify;\">Por su parte, la Secretaria Regional Ministerial de Obras P\u00fablicas, Paloma Jara Vald\u00e9s, destac\u00f3 el trabajo en terreno y con la comunidad que realiz\u00f3 el Director General de Obras P\u00fablicas (DGOP), indicando al respecto que \u201cen menos de un a\u00f1o \u00e9l vino a la regi\u00f3n para informar los avances en los compromisos que se hab\u00edan adoptado en anterior visita y ha sido muy grato poder apreciar la importancia que nuestras autoridades nacionales le entregan a la comunidad de nuestra regi\u00f3n, lo que tambi\u00e9n nos trae a colaci\u00f3n la impronta de nuestro gobierno en cuanto a que estas ocasiones manifiestan con hechos concretos la descentralizaci\u00f3n que hacemos en la gesti\u00f3n, con el objetivo de entregar mayor bienestar a las personas y estrechar las brechas territoriales y la equidad. Son significativas las obras que estaremos construyendo en los pr\u00f3ximos meses, no s\u00f3lo por su cuantiosa inversi\u00f3n, sino fundamentalmente porque nacen de las necesidades, del sentir de las personas, que requieren de ellas para mejorar su calidad de vida, lo que para nosotros tiene sentido, porque construimos infraestructura para que las ocupen, se empoderen con ellas y les sirvan como una herramienta que el Estado les entrega para que puedan progresar y vivir mejor\u201d.<\/p>\n<\/div><\/section><\/div><div  style='height:50px' class='hr hr-invisible   avia-builder-el-6  el_after_av_one_full  el_before_av_social_share '><span class='hr-inner ' ><span class='hr-inner-style'><\/span><\/span><\/div><\/p>\n<div  class='av-social-sharing-box  avia-builder-el-7  el_after_av_hr  el_before_av_hr  '><div class='av-share-box'><h5 class='av-share-link-description av-no-toc '>Compartir esta noticia<\/h5><ul class='av-share-box-list noLightbox'><li class='av-share-link av-social-link-facebook' ><a target=\"_blank\" aria-label=\"Compartir en Facebook\" href='https:\/\/www.facebook.com\/sharer.php?u=https:\/\/radiorevelacionfm.cl\/?p=48525&#038;t=Soluciones%20en%20conectividad%20vial%2C%20lacustre%20y%20a%C3%A9rea%20anunci%C3%B3%20autoridad%20nacional%20del%20MOP%20en%20visita%20a%20la%20regi%C3%B3n' aria-hidden='false' data-av_icon='\ue8f3' data-av_iconfont='entypo-fontello' title='' data-avia-related-tooltip='Compartir en Facebook' rel=\"noopener\"><span class='avia_hidden_link_text'>Compartir en Facebook<\/span><\/a><\/li><li class='av-share-link av-social-link-twitter' ><a target=\"_blank\" aria-label=\"Compartir en Twitter\" href='https:\/\/twitter.com\/share?text=Soluciones%20en%20conectividad%20vial%2C%20lacustre%20y%20a%C3%A9rea%20anunci%C3%B3%20autoridad%20nacional%20del%20MOP%20en%20visita%20a%20la%20regi%C3%B3n&#038;url=https:\/\/radiorevelacionfm.cl\/?p=48525' aria-hidden='false' data-av_icon='\ue8f1' data-av_iconfont='entypo-fontello' title='' data-avia-related-tooltip='Compartir en Twitter' rel=\"noopener\"><span class='avia_hidden_link_text'>Compartir en Twitter<\/span><\/a><\/li><li class='av-share-link av-social-link-whatsapp' ><a target=\"_blank\" aria-label=\"Compartir en Whatsapp\" href='https:\/\/api.whatsapp.com\/send?text=https:\/\/radiorevelacionfm.cl\/?p=48525' aria-hidden='false' data-av_icon='\uf232' data-av_iconfont='entypo-fontello' title='' data-avia-related-tooltip='Compartir en Whatsapp' rel=\"noopener\"><span class='avia_hidden_link_text'>Compartir en Whatsapp<\/span><\/a><\/li><li class='av-share-link av-social-link-linkedin' ><a target=\"_blank\" aria-label=\"Compartir en LinkedIn\" href='https:\/\/linkedin.com\/shareArticle?mini=true&#038;title=Soluciones%20en%20conectividad%20vial%2C%20lacustre%20y%20a%C3%A9rea%20anunci%C3%B3%20autoridad%20nacional%20del%20MOP%20en%20visita%20a%20la%20regi%C3%B3n&#038;url=https:\/\/radiorevelacionfm.cl\/?p=48525' aria-hidden='false' data-av_icon='\ue8fc' data-av_iconfont='entypo-fontello' title='' data-avia-related-tooltip='Compartir en LinkedIn' rel=\"noopener\"><span class='avia_hidden_link_text'>Compartir en LinkedIn<\/span><\/a><\/li><li class='av-share-link av-social-link-mail' ><a  aria-label=\"Compartir por correo\" href='mailto:?subject=Soluciones%20en%20conectividad%20vial%2C%20lacustre%20y%20a%C3%A9rea%20anunci%C3%B3%20autoridad%20nacional%20del%20MOP%20en%20visita%20a%20la%20regi%C3%B3n&#038;body=https:\/\/radiorevelacionfm.cl\/?p=48525' aria-hidden='false' data-av_icon='\ue805' data-av_iconfont='entypo-fontello' title='' data-avia-related-tooltip='Compartir por correo'><span class='avia_hidden_link_text'>Compartir por correo<\/span><\/a><\/li><\/ul><\/div><\/div>\n<div  style='height:50px' class='hr hr-invisible   avia-builder-el-8  el_after_av_social_share  el_before_av_comments_list '><span class='hr-inner ' ><span class='hr-inner-style'><\/span><\/span><\/div>\n<div  class='av-buildercomment  av-blog-meta-html-info-disabled av-blog-meta-tag-disabled  '><\/div>\n","protected":false},"excerpt":{"rendered":"","protected":false},"author":1,"featured_media":48526,"comment_status":"open","ping_status":"open","sticky":false,"template":"","format":"standard","meta":{"footnotes":""},"categories":[38],"tags":[],"class_list":["post-48525","post","type-post","status-publish","format-standard","has-post-thumbnail","hentry","category-regional"],"jetpack_featured_media_url":"https:\/\/radiorevelacionfm.cl\/wp-content\/uploads\/2024\/12\/img_8048-1-1_optimized.jpg","_links":{"self":[{"href":"https:\/\/radiorevelacionfm.cl\/index.php?rest_route=\/wp\/v2\/posts\/48525","targetHints":{"allow":["GET"]}}],"collection":[{"href":"https:\/\/radiorevelacionfm.cl\/index.php?rest_route=\/wp\/v2\/posts"}],"about":[{"href":"https:\/\/radiorevelacionfm.cl\/index.php?rest_route=\/wp\/v2\/types\/post"}],"author":[{"embeddable":true,"href":"https:\/\/radiorevelacionfm.cl\/index.php?rest_route=\/wp\/v2\/users\/1"}],"replies":[{"embeddable":true,"href":"https:\/\/radiorevelacionfm.cl\/index.php?rest_route=%2Fwp%2Fv2%2Fcomments&post=48525"}],"version-history":[{"count":1,"href":"https:\/\/radiorevelacionfm.cl\/index.php?rest_route=\/wp\/v2\/posts\/48525\/revisions"}],"predecessor-version":[{"id":48527,"href":"https:\/\/radiorevelacionfm.cl\/index.php?rest_route=\/wp\/v2\/posts\/48525\/revisions\/48527"}],"wp:featuredmedia":[{"embeddable":true,"href":"https:\/\/radiorevelacionfm.cl\/index.php?rest_route=\/wp\/v2\/media\/48526"}],"wp:attachment":[{"href":"https:\/\/radiorevelacionfm.cl\/index.php?rest_route=%2Fwp%2Fv2%2Fmedia&parent=48525"}],"wp:term":[{"taxonomy":"category","embeddable":true,"href":"https:\/\/radiorevelacionfm.cl\/index.php?rest_route=%2Fwp%2Fv2%2Fcategories&post=48525"},{"taxonomy":"post_tag","embeddable":true,"href":"https:\/\/radiorevelacionfm.cl\/index.php?rest_route=%2Fwp%2Fv2%2Ftags&post=48525"}],"curies":[{"name":"wp","href":"https:\/\/api.w.org\/{rel}","templated":true}]}}