{"id":48522,"date":"2024-12-04T17:15:49","date_gmt":"2024-12-04T20:15:49","guid":{"rendered":"https:\/\/radiorevelacionfm.cl\/?p=48522"},"modified":"2024-12-04T17:15:49","modified_gmt":"2024-12-04T20:15:49","slug":"ceremonia-de-certificacion-de-competencias-laborales-chilevalora-reconociendo-el-talento-y-compromiso-de-los-trabajadores-municipales-de-la-region-aysen","status":"publish","type":"post","link":"https:\/\/radiorevelacionfm.cl\/?p=48522","title":{"rendered":"Ceremonia de Certificaci\u00f3n de Competencias Laborales ChileValora: Reconociendo el talento y compromiso de los trabajadores municipales de la Regi\u00f3n Ays\u00e9n"},"content":{"rendered":"<div class=\"flex_column av_one_full  flex_column_div av-zero-column-padding first  avia-builder-el-0  el_before_av_one_full  avia-builder-el-first  \" style='border-radius:0px; '><div  class='avia-image-container  av-styling-    avia-builder-el-1  avia-builder-el-no-sibling  avia-align-center '  itemprop=\"image\" itemscope=\"itemscope\" itemtype=\"https:\/\/schema.org\/ImageObject\"  ><div class='avia-image-container-inner'><div class='avia-image-overlay-wrap'><img decoding=\"async\" class='wp-image-48523 avia-img-lazy-loading-not-48523 avia_image' src=\"https:\/\/radiorevelacionfm.cl\/wp-content\/uploads\/2024\/12\/Foto-1-57-1-1.jpeg\" alt='' title='Foto 1 (57) (1) (1)' height=\"600\" width=\"1033\"  itemprop=\"thumbnailUrl\" srcset=\"https:\/\/radiorevelacionfm.cl\/wp-content\/uploads\/2024\/12\/Foto-1-57-1-1.jpeg 1033w, https:\/\/radiorevelacionfm.cl\/wp-content\/uploads\/2024\/12\/Foto-1-57-1-1-300x174.jpeg 300w, https:\/\/radiorevelacionfm.cl\/wp-content\/uploads\/2024\/12\/Foto-1-57-1-1-1030x598.jpeg 1030w, https:\/\/radiorevelacionfm.cl\/wp-content\/uploads\/2024\/12\/Foto-1-57-1-1-768x446.jpeg 768w, https:\/\/radiorevelacionfm.cl\/wp-content\/uploads\/2024\/12\/Foto-1-57-1-1-705x409.jpeg 705w, https:\/\/radiorevelacionfm.cl\/wp-content\/uploads\/2024\/12\/Foto-1-57-1-1-450x261.jpeg 450w, https:\/\/radiorevelacionfm.cl\/wp-content\/uploads\/2024\/12\/Foto-1-57-1-1-600x348.jpeg 600w\" sizes=\"(max-width: 1033px) 100vw, 1033px\" \/><\/div><\/div><\/div><\/div><div class=\"flex_column av_one_full  flex_column_div av-zero-column-padding first  avia-builder-el-2  el_after_av_one_full  el_before_av_one_full  column-top-margin\" style='border-radius:0px; '><section class=\"av_textblock_section \"  itemscope=\"itemscope\" itemtype=\"https:\/\/schema.org\/BlogPosting\" itemprop=\"blogPost\" ><div class='avia_textblock  '   itemprop=\"text\" ><p style=\"text-align: center;\"><strong><span style=\"font-size: 18pt;\">Ceremonia de Certificaci\u00f3n de Competencias Laborales ChileValora: Reconociendo el talento y compromiso de los trabajadores municipales de la Regi\u00f3n Ays\u00e9n<\/span><\/strong><\/p>\n<div id=\"gtx-trans\" style=\"position: absolute; left: -50px; top: 4.31534px;\">\n<div class=\"gtx-trans-icon\"><\/div>\n<\/div>\n<\/div><\/section><\/div><div class=\"flex_column av_one_full  flex_column_div av-zero-column-padding first  avia-builder-el-4  el_after_av_one_full  el_before_av_hr  column-top-margin\" style='border-radius:0px; '><section class=\"av_textblock_section \"  itemscope=\"itemscope\" itemtype=\"https:\/\/schema.org\/BlogPosting\" itemprop=\"blogPost\" ><div class='avia_textblock  '   itemprop=\"text\" ><p style=\"text-align: justify;\">Por primera vez en nuestra regi\u00f3n y en una emotiva ceremonia realizada en Coyhaique, trabajadores municipales de las comunas de Guaitecas, Coyhaique, Puerto Cisnes y Ays\u00e9n recibieron sus certificaciones de competencias laborales, otorgadas por ChileValora, con el apoyo de fondos de la Subsecretar\u00eda de Desarrollo Regional y Administrativo (Subdere) y en colaboraci\u00f3n con el Centro de Evaluaci\u00f3n y Certificaci\u00f3n de Competencias Laborales de la Universidad Cat\u00f3lica de Temuco.<\/p>\n<p style=\"text-align: justify;\">Este hito representa un reconocimiento al esfuerzo, conocimiento y habilidades de los trabajadores en cinco perfiles del sector de la Administraci\u00f3n p\u00fablica claves para la gesti\u00f3n y el desarrollo de las municipalidades:<\/p>\n<p style=\"text-align: justify;\">Encargado(a) de Seguridad Ciudadana, Encargado(a) de Oficina de Partes, Inspector(a) de Tr\u00e1nsito, Conductor(a) de Veh\u00edculo Municipal, Encargado(a) de Deportes.<\/p>\n<p style=\"text-align: justify;\">La iniciativa busca valorizar el rol fundamental que cumplen los funcionarios municipales en la entrega de servicios a las comunidades locales, promoviendo la profesionalizaci\u00f3n y el fortalecimiento de sus competencias laborales.<\/p>\n<p style=\"text-align: justify;\">Durante la ceremonia, autoridades regionales, representantes de ChileValora, Seremi del Trabajo, Subdere y la Universidad Cat\u00f3lica de Temuco destacaron la importancia de este proceso de certificaci\u00f3n como una herramienta para validar oficialmente las capacidades de los trabajadores, aumentando su empleabilidad y contribuyendo al mejoramiento continuo de los servicios p\u00fablicos.<\/p>\n<p style=\"text-align: justify;\">\u201cEl objetivo de reconocer las competencias de funcionarios y funcionarias municipales es poder profesionalizar su rol, un rol estrat\u00e9gico que exige la capacidad de abordar, en forma eficiente, pol\u00edticas p\u00fablicas a nivel local y, por tanto, intentar dar soluci\u00f3n a las demandas inmediatas que enfrentan las comunidades. El trabajo que realizan estos funcionarios es clave para el desarrollo de nuestras comunas. Hoy reconocemos su esfuerzo y compromiso al certificar sus competencias, garantizando que los servicios municipales sean cada vez m\u00e1s eficientes y de calidad para todos los habitantes,\u201d se\u00f1al\u00f3 Rodrigo Moreno Rivera, Coordinador Regional de ChileValora.<\/p>\n<p style=\"text-align: justify;\">Este proceso de certificaci\u00f3n beneficia directamente a las comunas de Guaitecas, Coyhaique, Puerto Cisnes y Ays\u00e9n, fortaleciendo las capacidades de los funcionarios para enfrentar los desaf\u00edos diarios que exige el servicio p\u00fablico. Adem\u00e1s, contribuye al desarrollo integral de las localidades, potenciando \u00e1reas clave como la seguridad ciudadana, el deporte, el tr\u00e1nsito, y la gesti\u00f3n administrativa.<\/p>\n<p style=\"text-align: justify;\">Juan Bravo, conductor municipal de la comuna de las Guaitecas, uno de los beneficiarios de la certificaci\u00f3n, se\u00f1al\u00f3: \u201cEste reconocimiento nos motiva a seguir trabajando con dedicaci\u00f3n por nuestras comunidades. Es una oportunidad para validar lo que hacemos diariamente y mejorar continuamente.\u201d<\/p>\n<p style=\"text-align: justify;\">El proceso de certificaci\u00f3n fue posible gracias al trabajo coordinado entre las municipalidades participantes, el Centro de Evaluaci\u00f3n de Competencias Laborales de la Universidad Cat\u00f3lica de Temuco, ChileValora y la Subdere. Este esfuerzo conjunto demuestra el compromiso con el fortalecimiento de las capacidades de los funcionarios municipales, en beneficio de las comunidades que representan.<\/p>\n<p style=\"text-align: justify;\">Con esta ceremonia, ChileValora reafirma su compromiso de seguir trabajando en la certificaci\u00f3n de competencias laborales, contribuyendo al desarrollo humano, profesional y laboral en el sector p\u00fablico y privado en Chile.<\/p>\n<\/div><\/section><\/div><div  style='height:50px' class='hr hr-invisible   avia-builder-el-6  el_after_av_one_full  el_before_av_social_share '><span class='hr-inner ' ><span class='hr-inner-style'><\/span><\/span><\/div><\/p>\n<div  class='av-social-sharing-box  avia-builder-el-7  el_after_av_hr  el_before_av_hr  '><div class='av-share-box'><h5 class='av-share-link-description av-no-toc '>Compartir esta noticia<\/h5><ul class='av-share-box-list noLightbox'><li class='av-share-link av-social-link-facebook' ><a target=\"_blank\" aria-label=\"Compartir en Facebook\" href='https:\/\/www.facebook.com\/sharer.php?u=https:\/\/radiorevelacionfm.cl\/?p=48522&#038;t=Ceremonia%20de%20Certificaci%C3%B3n%20de%20Competencias%20Laborales%20ChileValora%3A%20Reconociendo%20el%20talento%20y%20compromiso%20de%20los%20trabajadores%20municipales%20de%20la%20Regi%C3%B3n%20Ays%C3%A9n' aria-hidden='false' data-av_icon='\ue8f3' data-av_iconfont='entypo-fontello' title='' data-avia-related-tooltip='Compartir en Facebook' rel=\"noopener\"><span class='avia_hidden_link_text'>Compartir en Facebook<\/span><\/a><\/li><li class='av-share-link av-social-link-twitter' ><a target=\"_blank\" aria-label=\"Compartir en Twitter\" href='https:\/\/twitter.com\/share?text=Ceremonia%20de%20Certificaci%C3%B3n%20de%20Competencias%20Laborales%20ChileValora%3A%20Reconociendo%20el%20talento%20y%20compromiso%20de%20los%20trabajadores%20municipales%20de%20la%20Regi%C3%B3n%20Ays%C3%A9n&#038;url=https:\/\/radiorevelacionfm.cl\/?p=48522' aria-hidden='false' data-av_icon='\ue8f1' data-av_iconfont='entypo-fontello' title='' data-avia-related-tooltip='Compartir en Twitter' rel=\"noopener\"><span class='avia_hidden_link_text'>Compartir en Twitter<\/span><\/a><\/li><li class='av-share-link av-social-link-whatsapp' ><a target=\"_blank\" aria-label=\"Compartir en Whatsapp\" href='https:\/\/api.whatsapp.com\/send?text=https:\/\/radiorevelacionfm.cl\/?p=48522' aria-hidden='false' data-av_icon='\uf232' data-av_iconfont='entypo-fontello' title='' data-avia-related-tooltip='Compartir en Whatsapp' rel=\"noopener\"><span class='avia_hidden_link_text'>Compartir en Whatsapp<\/span><\/a><\/li><li class='av-share-link av-social-link-linkedin' ><a target=\"_blank\" aria-label=\"Compartir en LinkedIn\" href='https:\/\/linkedin.com\/shareArticle?mini=true&#038;title=Ceremonia%20de%20Certificaci%C3%B3n%20de%20Competencias%20Laborales%20ChileValora%3A%20Reconociendo%20el%20talento%20y%20compromiso%20de%20los%20trabajadores%20municipales%20de%20la%20Regi%C3%B3n%20Ays%C3%A9n&#038;url=https:\/\/radiorevelacionfm.cl\/?p=48522' aria-hidden='false' data-av_icon='\ue8fc' data-av_iconfont='entypo-fontello' title='' data-avia-related-tooltip='Compartir en LinkedIn' rel=\"noopener\"><span class='avia_hidden_link_text'>Compartir en LinkedIn<\/span><\/a><\/li><li class='av-share-link av-social-link-mail' ><a  aria-label=\"Compartir por correo\" href='mailto:?subject=Ceremonia%20de%20Certificaci%C3%B3n%20de%20Competencias%20Laborales%20ChileValora%3A%20Reconociendo%20el%20talento%20y%20compromiso%20de%20los%20trabajadores%20municipales%20de%20la%20Regi%C3%B3n%20Ays%C3%A9n&#038;body=https:\/\/radiorevelacionfm.cl\/?p=48522' aria-hidden='false' data-av_icon='\ue805' data-av_iconfont='entypo-fontello' title='' data-avia-related-tooltip='Compartir por correo'><span class='avia_hidden_link_text'>Compartir por correo<\/span><\/a><\/li><\/ul><\/div><\/div>\n<div  style='height:50px' class='hr hr-invisible   avia-builder-el-8  el_after_av_social_share  el_before_av_comments_list '><span class='hr-inner ' ><span class='hr-inner-style'><\/span><\/span><\/div>\n<div  class='av-buildercomment  av-blog-meta-html-info-disabled av-blog-meta-tag-disabled  '><\/div>\n","protected":false},"excerpt":{"rendered":"","protected":false},"author":1,"featured_media":48523,"comment_status":"open","ping_status":"open","sticky":false,"template":"","format":"standard","meta":{"footnotes":""},"categories":[38],"tags":[],"class_list":["post-48522","post","type-post","status-publish","format-standard","has-post-thumbnail","hentry","category-regional"],"jetpack_featured_media_url":"https:\/\/radiorevelacionfm.cl\/wp-content\/uploads\/2024\/12\/Foto-1-57-1-1.jpeg","_links":{"self":[{"href":"https:\/\/radiorevelacionfm.cl\/index.php?rest_route=\/wp\/v2\/posts\/48522","targetHints":{"allow":["GET"]}}],"collection":[{"href":"https:\/\/radiorevelacionfm.cl\/index.php?rest_route=\/wp\/v2\/posts"}],"about":[{"href":"https:\/\/radiorevelacionfm.cl\/index.php?rest_route=\/wp\/v2\/types\/post"}],"author":[{"embeddable":true,"href":"https:\/\/radiorevelacionfm.cl\/index.php?rest_route=\/wp\/v2\/users\/1"}],"replies":[{"embeddable":true,"href":"https:\/\/radiorevelacionfm.cl\/index.php?rest_route=%2Fwp%2Fv2%2Fcomments&post=48522"}],"version-history":[{"count":1,"href":"https:\/\/radiorevelacionfm.cl\/index.php?rest_route=\/wp\/v2\/posts\/48522\/revisions"}],"predecessor-version":[{"id":48524,"href":"https:\/\/radiorevelacionfm.cl\/index.php?rest_route=\/wp\/v2\/posts\/48522\/revisions\/48524"}],"wp:featuredmedia":[{"embeddable":true,"href":"https:\/\/radiorevelacionfm.cl\/index.php?rest_route=\/wp\/v2\/media\/48523"}],"wp:attachment":[{"href":"https:\/\/radiorevelacionfm.cl\/index.php?rest_route=%2Fwp%2Fv2%2Fmedia&parent=48522"}],"wp:term":[{"taxonomy":"category","embeddable":true,"href":"https:\/\/radiorevelacionfm.cl\/index.php?rest_route=%2Fwp%2Fv2%2Fcategories&post=48522"},{"taxonomy":"post_tag","embeddable":true,"href":"https:\/\/radiorevelacionfm.cl\/index.php?rest_route=%2Fwp%2Fv2%2Ftags&post=48522"}],"curies":[{"name":"wp","href":"https:\/\/api.w.org\/{rel}","templated":true}]}}