{"id":48519,"date":"2024-12-04T14:59:05","date_gmt":"2024-12-04T17:59:05","guid":{"rendered":"https:\/\/radiorevelacionfm.cl\/?p=48519"},"modified":"2024-12-04T14:59:05","modified_gmt":"2024-12-04T17:59:05","slug":"senadis-conmemora-dia-internacional-de-las-personas-con-discapacidad","status":"publish","type":"post","link":"https:\/\/radiorevelacionfm.cl\/?p=48519","title":{"rendered":"Senadis conmemora D\u00eda Internacional de las Personas con Discapacidad"},"content":{"rendered":"<div class=\"flex_column av_one_full  flex_column_div av-zero-column-padding first  avia-builder-el-0  el_before_av_one_full  avia-builder-el-first  \" style='border-radius:0px; '><div  class='avia-image-container  av-styling-    avia-builder-el-1  avia-builder-el-no-sibling  avia-align-center '  itemprop=\"image\" itemscope=\"itemscope\" itemtype=\"https:\/\/schema.org\/ImageObject\"  ><div class='avia-image-container-inner'><div class='avia-image-overlay-wrap'><img decoding=\"async\" class='wp-image-48520 avia-img-lazy-loading-not-48520 avia_image' src=\"https:\/\/radiorevelacionfm.cl\/wp-content\/uploads\/2024\/12\/foto-2-60-1_optimized.jpg\" alt='' title='foto-2-(60)-(1)_optimized' height=\"635\" width=\"806\"  itemprop=\"thumbnailUrl\" srcset=\"https:\/\/radiorevelacionfm.cl\/wp-content\/uploads\/2024\/12\/foto-2-60-1_optimized.jpg 806w, https:\/\/radiorevelacionfm.cl\/wp-content\/uploads\/2024\/12\/foto-2-60-1_optimized-300x236.jpg 300w, https:\/\/radiorevelacionfm.cl\/wp-content\/uploads\/2024\/12\/foto-2-60-1_optimized-768x605.jpg 768w, https:\/\/radiorevelacionfm.cl\/wp-content\/uploads\/2024\/12\/foto-2-60-1_optimized-705x555.jpg 705w, https:\/\/radiorevelacionfm.cl\/wp-content\/uploads\/2024\/12\/foto-2-60-1_optimized-450x355.jpg 450w, https:\/\/radiorevelacionfm.cl\/wp-content\/uploads\/2024\/12\/foto-2-60-1_optimized-600x473.jpg 600w\" sizes=\"(max-width: 806px) 100vw, 806px\" \/><\/div><\/div><\/div><\/div><div class=\"flex_column av_one_full  flex_column_div av-zero-column-padding first  avia-builder-el-2  el_after_av_one_full  el_before_av_one_full  column-top-margin\" style='border-radius:0px; '><section class=\"av_textblock_section \"  itemscope=\"itemscope\" itemtype=\"https:\/\/schema.org\/BlogPosting\" itemprop=\"blogPost\" ><div class='avia_textblock  '   itemprop=\"text\" ><p style=\"text-align: center;\"><strong><span style=\"font-size: 18pt;\">Senadis conmemora D\u00eda Internacional de las Personas con Discapacidad<\/span><\/strong><\/p>\n<div id=\"gtx-trans\" style=\"position: absolute; left: -50px; top: 4.31534px;\">\n<div class=\"gtx-trans-icon\"><\/div>\n<\/div>\n<\/div><\/section><\/div><div class=\"flex_column av_one_full  flex_column_div av-zero-column-padding first  avia-builder-el-4  el_after_av_one_full  el_before_av_hr  column-top-margin\" style='border-radius:0px; '><section class=\"av_textblock_section \"  itemscope=\"itemscope\" itemtype=\"https:\/\/schema.org\/BlogPosting\" itemprop=\"blogPost\" ><div class='avia_textblock  '   itemprop=\"text\" ><p style=\"text-align: justify;\">En el marco de la conmemoraci\u00f3n del D\u00eda Internacional de las Personas con Discapacidad, SENADIS Ays\u00e9n, realiz\u00f3 en el auditorio de la Biblioteca Regional un significativo encuentro, donde los y las protagonistas fueron personas con discapacidad de la regi\u00f3n, quienes compartieron con autoridades regionales y p\u00fablico presente sus diferentes vivencias, con el objetivo de visibilizar su participaci\u00f3n y el aporte que hacen como parte de la comunidad regional.<\/p>\n<p style=\"text-align: justify;\">Durante el encuentro tambi\u00e9n se\u00a0 hizo entrega de un importante\u00a0 reconocimiento a distintas organizaciones y personas que se han destacado por su aporte a la inclusi\u00f3n de las personas con discapacidad de la regi\u00f3n;\u00a0 Centro de Padres y Apoderados de la Escuela Diferencial Espa\u00f1a de Coyhaique, Centro de Padres y Apoderados de la\u00a0 Escuela Diferencial Despertar de Puerto Ays\u00e9n y a Jos\u00e9 Lep\u00edo Vargas, emprendedor.<\/p>\n<p style=\"text-align: justify;\">A la actividad conmemorativa, asisti\u00f3 el Gobernador Regional de Ays\u00e9n, Omar Mu\u00f1oz Sierra,\u00a0 Seremi de Energ\u00eda y Seremi de Gobierno (s), Tom\u00e1s Laibe S\u00e1ez, Seremi de Justicia y Derechos Humanos, Samuel Navarro Castro, Seremi del Deporte, Mar\u00eda Eugenia Dur\u00e1n, Seremi de las Culturas, las Artes y el Patrimonio, Joaqu\u00edn Bizama Director del Instituto de Derechos Humanos, Gabriela Retamal, Alcaldesa (S) de Coyhaique, Concejala de la comuna de Coyhaique, Ana Mar\u00eda Navarrete, Directora Regional del Senadis, Viviana Mu\u00f1oz Vargas, Presidenta del Consejo de la Sociedad Civil del Senadis,\u00a0 Cristina Barrientos Ojeda y representantes de organizaciones de y para personas con discapacidad.<\/p>\n<p style=\"text-align: justify;\">\u201cQuiero felicitar la actividad de Senadis, es una actividad sumamente relevante, llama a la concientizaci\u00f3n de la comunidad, para instalar pol\u00edticas m\u00e1s potentes, m\u00e1s fuertes, para la inclusi\u00f3n de las personas con discapacidad al desarrollo, primero de ellos como personas y luego en la comunidad, ellos son personas valiosas que pueden contribuir de mil maneras como cualquiera de nosotros al desarrollo de la comunidad. Nosotros desde el Gobierno Regional tambi\u00e9n vamos a estar disponibles para colaborar con las instituciones a cargo, para seguir instalando m\u00e1s programas, m\u00e1s proyectos que contribuyan a ser de la regi\u00f3n un territorio m\u00e1s inclusivo para todos ellos\u201d, sostuvo el Gobernador Regional de Ays\u00e9n, Omar Mu\u00f1oz Sierra.<\/p>\n<p style=\"text-align: justify;\">En tanto, el Seremi (s) de Gobierno, Tom\u00e1s Laibe S\u00e1ez, en representaci\u00f3n del Delegado Presidencial Regional, Jorge D\u00edaz Guzm\u00e1n, indic\u00f3 que \u201ceste d\u00eda lo vivimos con gran compromiso y expectativa, reafirmando nuestro trabajo por una regi\u00f3n m\u00e1s inclusiva. Hemos avanzado en temas esenciales como el fortalecimiento de la salud mental, con el env\u00edo al Congreso de un proyecto de Ley de Salud Mental y la construcci\u00f3n de 15 nuevos COSAM, incluyendo uno en Puerto Ays\u00e9n. Adem\u00e1s, celebramos el presupuesto aprobado para 2025 para la Escuela Espa\u00f1a y la implementaci\u00f3n de la Ley TEA. Los testimonios de hoy nos inspiran a seguir trabajando para transformar estas iniciativas en cambios reales que mejoren la calidad de vida de las personas con discapacidad y sus familias\u201d.<\/p>\n<p style=\"text-align: justify;\">La directora regional del Senadis Ays\u00e9n, Viviana Mu\u00f1oz Vargas, explic\u00f3 que \u00a0\u201cen esta nueva conmemoraci\u00f3n hemos querido visibilizar y relevar la participaci\u00f3n de personas con discapacidad en nuestra comunidad regional, j\u00f3venes, adultos, personas mayores, mujeres, hombres; tambi\u00e9n, reconocer a organizaciones sociales que se han destacado por contribuir significativamente a la inclusi\u00f3n de las personas con discapacidad. En Senadis y con el Ministerio de Desarrollo Social y Familia hemos trabajado intensamente para lograr avances importantes como la modificaci\u00f3n a la Ley de Inclusi\u00f3n Laboral, el Sistema Nacional de Apoyos y Cuidados, entre otras iniciativas. Sabemos que las brechas e inequidades requieren de un esfuerzo sostenido para mejorar la calidad de vida de las personas con discapacidad. Nuestro desaf\u00edo y compromiso es continuar trabajando para hacer de nuestra regi\u00f3n y el pa\u00eds, territorios m\u00e1s inclusivos, tal como nos ha mandatado el Presidente Boric\u201d.<\/p>\n<p style=\"text-align: justify;\">Para la Presidenta del Consejo de la Sociedad Civil (COSOC) de Senadis y Presidenta de la Agrupaci\u00f3n de Ciegos de la Patagonia, Cristina Barrientos Ojeda, la actividad estuvo llena de emociones \u201cescuchar a mis compa\u00f1eras y compa\u00f1eros con discapacidad contando sus historias de vida, las barreras que han tenido que superar. Nosotras las personas con discapacidad d\u00eda a d\u00eda superamos nuestras propias barreras, entonces, hoy d\u00eda poder presentarles eso a las autoridades, a las familias que nos acompa\u00f1aron, de verdad que es muy importante, porque como sociedad tenemos que ir en conjunto eliminando barreras\u201d.<\/p>\n<p style=\"text-align: justify;\">Finalmente el Consejero del COSOC de Senadis Ays\u00e9n, Jimmy N\u00fa\u00f1ez Barahona, afirm\u00f3 que \u201cestas instancias me parecen s\u00faper importantes para que las personas con discapacidad puedan expresar su sentir, sus experiencias y esto poder tomarlo de cierta forma para poder hacer pol\u00edticas p\u00fablicas o avanzar en cosas para las personas con discapacidad, entonces son buenas instancias para poder aprender y conocer en primera persona las experiencias, lo encuentro muy bueno\u201d.<\/p>\n<p style=\"text-align: justify;\">El 3 de diciembre es el D\u00eda Internacional de las Personas con Discapacidad, declarado en 1992 por la Asamblea General de las Naciones Unidas. Se conmemora anualmente para promover la participaci\u00f3n plena e igualitaria de las personas con discapacidad y para tomar medidas para la inclusi\u00f3n de las personas con discapacidad en todos los aspectos de la sociedad y el desarrollo.<\/p>\n<p style=\"text-align: justify;\">Naciones Unidas estableci\u00f3 que el tema de este a\u00f1o, 2024, es \u201cFomentar el liderazgo de las personas con discapacidad para un futuro inclusivo y sostenible\u201d. Una de las prioridades de la agenda mundial sobre discapacidad es promover el liderazgo y la participaci\u00f3n activa de las personas con discapacidad. En las \u00faltimas d\u00e9cadas, estas personas y las organizaciones que los representan han impulsado cambios clave en sus comunidades, han llevado a cabo iniciativas que no solo promueven sus derechos y bienestar, sino que tambi\u00e9n fomentan el desarrollo inclusivo.<\/p>\n<p style=\"text-align: justify;\"><strong>Datos regionales<\/strong><\/p>\n<p style=\"text-align: justify;\">El Tercer Estudio Nacional de la Discapacidad (ENDISC III), establece que la regi\u00f3n de Ays\u00e9n presenta un 18,9% de prevalencia de discapacidad en personas de 2 y m\u00e1s a\u00f1os, siendo esta de un 19,6% si se toma solo la poblaci\u00f3n adulta. En tanto, en el pa\u00eds la prevalencia es de 17% y 17,6%, respectivamente. As\u00ed, 15.748 personas adultas viven con discapacidad en la regi\u00f3n de Ays\u00e9n, siendo 19.927 personas, al incluir a ni\u00f1os, ni\u00f1as y adolescentes de la regi\u00f3n. Respecto al grado de discapacidad, el 8,4% de las personas adultas de la regi\u00f3n presentan discapacidad leve a moderada y un 11,2%, discapacidad severa.<\/p>\n<p style=\"text-align: justify;\">Las mujeres presentan una mayor prevalencia de discapacidad que los hombres. Esto se expresa en un mayor porcentaje de mujeres con discapacidad (23,7%) que hombres con discapacidad (15,6%). Asimismo, la severidad de la discapacidad es significativamente mayor en mujeres (14,2%) que en hombres (8,2%).<\/p>\n<\/div><\/section><\/div><div  style='height:50px' class='hr hr-invisible   avia-builder-el-6  el_after_av_one_full  el_before_av_social_share '><span class='hr-inner ' ><span class='hr-inner-style'><\/span><\/span><\/div><\/p>\n<div  class='av-social-sharing-box  avia-builder-el-7  el_after_av_hr  el_before_av_hr  '><div class='av-share-box'><h5 class='av-share-link-description av-no-toc '>Compartir esta noticia<\/h5><ul class='av-share-box-list noLightbox'><li class='av-share-link av-social-link-facebook' ><a target=\"_blank\" aria-label=\"Compartir en Facebook\" href='https:\/\/www.facebook.com\/sharer.php?u=https:\/\/radiorevelacionfm.cl\/?p=48519&#038;t=Senadis%20conmemora%20D%C3%ADa%20Internacional%20de%20las%20Personas%20con%20Discapacidad' aria-hidden='false' data-av_icon='\ue8f3' data-av_iconfont='entypo-fontello' title='' data-avia-related-tooltip='Compartir en Facebook' rel=\"noopener\"><span class='avia_hidden_link_text'>Compartir en Facebook<\/span><\/a><\/li><li class='av-share-link av-social-link-twitter' ><a target=\"_blank\" aria-label=\"Compartir en Twitter\" href='https:\/\/twitter.com\/share?text=Senadis%20conmemora%20D%C3%ADa%20Internacional%20de%20las%20Personas%20con%20Discapacidad&#038;url=https:\/\/radiorevelacionfm.cl\/?p=48519' aria-hidden='false' data-av_icon='\ue8f1' data-av_iconfont='entypo-fontello' title='' data-avia-related-tooltip='Compartir en Twitter' rel=\"noopener\"><span class='avia_hidden_link_text'>Compartir en Twitter<\/span><\/a><\/li><li class='av-share-link av-social-link-whatsapp' ><a target=\"_blank\" aria-label=\"Compartir en Whatsapp\" href='https:\/\/api.whatsapp.com\/send?text=https:\/\/radiorevelacionfm.cl\/?p=48519' aria-hidden='false' data-av_icon='\uf232' data-av_iconfont='entypo-fontello' title='' data-avia-related-tooltip='Compartir en Whatsapp' rel=\"noopener\"><span class='avia_hidden_link_text'>Compartir en Whatsapp<\/span><\/a><\/li><li class='av-share-link av-social-link-linkedin' ><a target=\"_blank\" aria-label=\"Compartir en LinkedIn\" href='https:\/\/linkedin.com\/shareArticle?mini=true&#038;title=Senadis%20conmemora%20D%C3%ADa%20Internacional%20de%20las%20Personas%20con%20Discapacidad&#038;url=https:\/\/radiorevelacionfm.cl\/?p=48519' aria-hidden='false' data-av_icon='\ue8fc' data-av_iconfont='entypo-fontello' title='' data-avia-related-tooltip='Compartir en LinkedIn' rel=\"noopener\"><span class='avia_hidden_link_text'>Compartir en LinkedIn<\/span><\/a><\/li><li class='av-share-link av-social-link-mail' ><a  aria-label=\"Compartir por correo\" href='mailto:?subject=Senadis%20conmemora%20D%C3%ADa%20Internacional%20de%20las%20Personas%20con%20Discapacidad&#038;body=https:\/\/radiorevelacionfm.cl\/?p=48519' aria-hidden='false' data-av_icon='\ue805' data-av_iconfont='entypo-fontello' title='' data-avia-related-tooltip='Compartir por correo'><span class='avia_hidden_link_text'>Compartir por correo<\/span><\/a><\/li><\/ul><\/div><\/div>\n<div  style='height:50px' class='hr hr-invisible   avia-builder-el-8  el_after_av_social_share  el_before_av_comments_list '><span class='hr-inner ' ><span class='hr-inner-style'><\/span><\/span><\/div>\n<div  class='av-buildercomment  av-blog-meta-html-info-disabled av-blog-meta-tag-disabled  '><\/div>\n","protected":false},"excerpt":{"rendered":"","protected":false},"author":1,"featured_media":48520,"comment_status":"open","ping_status":"open","sticky":false,"template":"","format":"standard","meta":{"footnotes":""},"categories":[38],"tags":[],"class_list":["post-48519","post","type-post","status-publish","format-standard","has-post-thumbnail","hentry","category-regional"],"jetpack_featured_media_url":"https:\/\/radiorevelacionfm.cl\/wp-content\/uploads\/2024\/12\/foto-2-60-1_optimized.jpg","_links":{"self":[{"href":"https:\/\/radiorevelacionfm.cl\/index.php?rest_route=\/wp\/v2\/posts\/48519","targetHints":{"allow":["GET"]}}],"collection":[{"href":"https:\/\/radiorevelacionfm.cl\/index.php?rest_route=\/wp\/v2\/posts"}],"about":[{"href":"https:\/\/radiorevelacionfm.cl\/index.php?rest_route=\/wp\/v2\/types\/post"}],"author":[{"embeddable":true,"href":"https:\/\/radiorevelacionfm.cl\/index.php?rest_route=\/wp\/v2\/users\/1"}],"replies":[{"embeddable":true,"href":"https:\/\/radiorevelacionfm.cl\/index.php?rest_route=%2Fwp%2Fv2%2Fcomments&post=48519"}],"version-history":[{"count":1,"href":"https:\/\/radiorevelacionfm.cl\/index.php?rest_route=\/wp\/v2\/posts\/48519\/revisions"}],"predecessor-version":[{"id":48521,"href":"https:\/\/radiorevelacionfm.cl\/index.php?rest_route=\/wp\/v2\/posts\/48519\/revisions\/48521"}],"wp:featuredmedia":[{"embeddable":true,"href":"https:\/\/radiorevelacionfm.cl\/index.php?rest_route=\/wp\/v2\/media\/48520"}],"wp:attachment":[{"href":"https:\/\/radiorevelacionfm.cl\/index.php?rest_route=%2Fwp%2Fv2%2Fmedia&parent=48519"}],"wp:term":[{"taxonomy":"category","embeddable":true,"href":"https:\/\/radiorevelacionfm.cl\/index.php?rest_route=%2Fwp%2Fv2%2Fcategories&post=48519"},{"taxonomy":"post_tag","embeddable":true,"href":"https:\/\/radiorevelacionfm.cl\/index.php?rest_route=%2Fwp%2Fv2%2Ftags&post=48519"}],"curies":[{"name":"wp","href":"https:\/\/api.w.org\/{rel}","templated":true}]}}