{"id":48516,"date":"2024-12-04T15:29:31","date_gmt":"2024-12-04T18:29:31","guid":{"rendered":"https:\/\/radiorevelacionfm.cl\/?p=48516"},"modified":"2024-12-04T15:29:31","modified_gmt":"2024-12-04T18:29:31","slug":"uaysen-se-adjudica-fondo-del-minciencia-para-el-desarrollo-de-investigacion","status":"publish","type":"post","link":"https:\/\/radiorevelacionfm.cl\/?p=48516","title":{"rendered":"UAys\u00e9n se adjudica fondo del MinCiencia para el desarrollo de investigaci\u00f3n"},"content":{"rendered":"<div class=\"flex_column av_one_full  flex_column_div av-zero-column-padding first  avia-builder-el-0  el_before_av_one_full  avia-builder-el-first  \" style='border-radius:0px; '><div  class='avia-image-container  av-styling-    avia-builder-el-1  avia-builder-el-no-sibling  avia-align-center '  itemprop=\"image\" itemscope=\"itemscope\" itemtype=\"https:\/\/schema.org\/ImageObject\"  ><div class='avia-image-container-inner'><div class='avia-image-overlay-wrap'><img decoding=\"async\" class='wp-image-48517 avia-img-lazy-loading-not-48517 avia_image' src=\"https:\/\/radiorevelacionfm.cl\/wp-content\/uploads\/2024\/12\/laboratorio2-1-1.jpeg\" alt='' title='laboratorio2 (1) (1)' height=\"600\" width=\"898\"  itemprop=\"thumbnailUrl\" srcset=\"https:\/\/radiorevelacionfm.cl\/wp-content\/uploads\/2024\/12\/laboratorio2-1-1.jpeg 898w, https:\/\/radiorevelacionfm.cl\/wp-content\/uploads\/2024\/12\/laboratorio2-1-1-300x200.jpeg 300w, https:\/\/radiorevelacionfm.cl\/wp-content\/uploads\/2024\/12\/laboratorio2-1-1-768x513.jpeg 768w, https:\/\/radiorevelacionfm.cl\/wp-content\/uploads\/2024\/12\/laboratorio2-1-1-705x471.jpeg 705w, https:\/\/radiorevelacionfm.cl\/wp-content\/uploads\/2024\/12\/laboratorio2-1-1-450x301.jpeg 450w, https:\/\/radiorevelacionfm.cl\/wp-content\/uploads\/2024\/12\/laboratorio2-1-1-600x401.jpeg 600w\" sizes=\"(max-width: 898px) 100vw, 898px\" \/><\/div><\/div><\/div><\/div><div class=\"flex_column av_one_full  flex_column_div av-zero-column-padding first  avia-builder-el-2  el_after_av_one_full  el_before_av_one_full  column-top-margin\" style='border-radius:0px; '><section class=\"av_textblock_section \"  itemscope=\"itemscope\" itemtype=\"https:\/\/schema.org\/BlogPosting\" itemprop=\"blogPost\" ><div class='avia_textblock  '   itemprop=\"text\" ><p style=\"text-align: center;\"><strong><span style=\"font-size: 18pt;\">UAys\u00e9n se adjudica fondo del MinCiencia para el desarrollo de investigaci\u00f3n <\/span><\/strong><\/p>\n<div id=\"gtx-trans\" style=\"position: absolute; left: -50px; top: 4.31534px;\">\n<div class=\"gtx-trans-icon\"><\/div>\n<\/div>\n<\/div><\/section><\/div><div class=\"flex_column av_one_full  flex_column_div av-zero-column-padding first  avia-builder-el-4  el_after_av_one_full  el_before_av_hr  column-top-margin\" style='border-radius:0px; '><section class=\"av_textblock_section \"  itemscope=\"itemscope\" itemtype=\"https:\/\/schema.org\/BlogPosting\" itemprop=\"blogPost\" ><div class='avia_textblock  '   itemprop=\"text\" ><p dir=\"ltr\" style=\"text-align: justify;\"><em>La casa de estudios estatal podr\u00e1 fortalecer la investigaci\u00f3n universitaria y participar en un fondo estructural que se proyecta a 10 a\u00f1os por intermedio del Programa de Financiamiento Estructural I+D+i Universitario (FIU).\u00a0<\/em><\/p>\n<p dir=\"ltr\" style=\"text-align: justify;\">El pasado jueves, el Ministerio de Ciencia, Tecnolog\u00eda, Conocimiento e Innovaci\u00f3n (MinCiencia) entreg\u00f3 los resultados a las postulaciones al Programa de Financiamiento Estructural I+D+i Universitario (FIU) que tiene como objetivo apoyar a las universidades p\u00fablicas y privadas en la generaci\u00f3n, mantenci\u00f3n y gesti\u00f3n de las capacidades de Investigaci\u00f3n, Desarrollo e Innovaci\u00f3n (I+D+i) y la Universidad de Ays\u00e9n fue una de las seleccionadas con la\u00a0 adjudicaci\u00f3n del FIU Territorial (FIUT).<\/p>\n<p dir=\"ltr\" style=\"text-align: justify;\">Al respecto, el administrador provisional de la Universidad de Ays\u00e9n, Juan Pablo Prieto Cox, manifest\u00f3 que como instituci\u00f3n, \u00abnos llena de orgullo compartir una gran noticia, este logro no solo refuerza nuestro compromiso con el desarrollo del conocimiento y la investigaci\u00f3n en la regi\u00f3n de Ays\u00e9n, sino que tambi\u00e9n nos permite participar en el fondo estructural a 10 a\u00f1os, destinado al fortalecimiento de la investigaci\u00f3n universitaria\u00bb, expres\u00f3.<\/p>\n<p dir=\"ltr\" style=\"text-align: justify;\">La seremi de Ciencia, Ver\u00f3nica Vallejos Marchant, destac\u00f3 el trabajo realizado por la casa de estudios para adjudicarse esta primera etapa. \u00abFelicito a la Universidad de Ays\u00e9n, una de las 20 instituciones que se adjudic\u00f3 la etapa 1 del FIU por un monto de $100 millones, los que les permitir\u00e1n elaborar el diagn\u00f3stico de sus capacidades y brechas institucionales en I+D+i, as\u00ed como dise\u00f1ar un plan de desarrollo de capacidades de investigaci\u00f3n, los cuales deber\u00e1n presentar a la convocatoria de la etapa 2. Es muy importante recalcar que este instrumento modifica la forma en que hasta ahora se ha realizado la inversi\u00f3n en ciencias y conocimientos, complementando el modelo de financiamiento institucional, pero fortaleciendo su contribuci\u00f3n al desarrollo regional y, desde el territorio, al resto del pa\u00eds, cumpliendo as\u00ed el compromiso del Presidente Gabriel Boric con las universidades\u00bb.<\/p>\n<p dir=\"ltr\" style=\"text-align: justify;\">Por su parte, Marco Vega L\u00f3pez, director general acad\u00e9mico de la UAys\u00e9n expres\u00f3 su satisfacci\u00f3n respecto a la adjudicaci\u00f3n de este fondo. \u00abEstamos muy contentos de haber recibido la noticia de parte del MinCiencia que hemos sido adjudicados, en esta primera etapa, del Fondo Estructural para el Desarrollo de la Investigaci\u00f3n Universitaria, en este caso en su versi\u00f3n territorial, conocido como FIUT. El adjudicar el FIUT territorial para nosotros implica no solo un respaldo, sino que tambi\u00e9n un compromiso de que vamos a trabajar ahora con los equipos con m\u00e1s fuerza en poder levantar un plan de trabajo, una l\u00ednea base, \u00e1reas de fortalecimiento y un plan de desarrollo de la investigaci\u00f3n. De aqu\u00ed a unos meses podremos presentar un plan de desarrollo a largo plazo de investigaci\u00f3n para la Universidad de Ays\u00e9n que mire ya a 5 o 10 a\u00f1os plazo. Eso se va a presentar en siguientes convocatorias y lo que se llama la etapa 2 del Fondo de Investigaci\u00f3n Universitaria\u00bb, puntualiz\u00f3.<\/p>\n<p dir=\"ltr\" style=\"text-align: justify;\">A su vez, el director general acad\u00e9mico valor\u00f3 el apoyo y compromiso de los equipos y autoridades que participaron en este proceso de postulaci\u00f3n. \u00abQueremos agradecer tambi\u00e9n a todos quienes han colaborado con la elaboraci\u00f3n de esta propuesta, en especial a la seremi de Ciencia quien nos ha colaborado tambi\u00e9n desde el primer momento, pero en especial tambi\u00e9n al cuerpo acad\u00e9mico, al equipo de la Direcci\u00f3n de Investigaci\u00f3n y a los acad\u00e9micos de los distintos departamentos que participaron en la formulaci\u00f3n de la propuesta. As\u00ed que estamos muy contentos de compartir con la comunidad la noticia de que estamos dentro de la Universidades elegidas para este FIU territorial\u00bb.<\/p>\n<p dir=\"ltr\" style=\"text-align: justify;\">Fueron 26 las casas de estudios compitieron por el FIUT a nivel nacional y 12 se lo adjudicaron, adem\u00e1s de la Universidad de Ays\u00e9n, se encuentra en este listado la Universidad de Antofagasta, Universidad de Atacama, Universidad de Magallanes Universidad del B\u00edo-B\u00edo, Universidad de La Serena, Universidad Cat\u00f3lica de la Sant\u00edsima Concepci\u00f3n, Universidad de Los Lagos, Universidad Bernardo O&#8217;Higgins, Universidad Arturo Prat, Universidad Cat\u00f3lica de Temuco y la Universidad Tecnol\u00f3gica Metropolitana.<\/p>\n<p dir=\"ltr\" style=\"text-align: justify;\">Cabe se\u00f1alar que el Programa de Financiamiento Estructural I+D+i Universitario (FIU), es parte del compromiso del Presidente Gabriel Boric con las universidades del pa\u00eds y espera fortalecer y contribuir al desarrollo regional y nacional, permitiendo el mejoramiento de la calidad de vida de las personas en el territorio nacional desde una perspectiva integral de desarrollo econ\u00f3mico y sociocultural.<\/p>\n<\/div><\/section><\/div><div  style='height:50px' class='hr hr-invisible   avia-builder-el-6  el_after_av_one_full  el_before_av_social_share '><span class='hr-inner ' ><span class='hr-inner-style'><\/span><\/span><\/div><\/p>\n<div  class='av-social-sharing-box  avia-builder-el-7  el_after_av_hr  el_before_av_hr  '><div class='av-share-box'><h5 class='av-share-link-description av-no-toc '>Compartir esta noticia<\/h5><ul class='av-share-box-list noLightbox'><li class='av-share-link av-social-link-facebook' ><a target=\"_blank\" aria-label=\"Compartir en Facebook\" href='https:\/\/www.facebook.com\/sharer.php?u=https:\/\/radiorevelacionfm.cl\/?p=48516&#038;t=UAys%C3%A9n%20se%20adjudica%20fondo%20del%20MinCiencia%20para%20el%20desarrollo%20de%20investigaci%C3%B3n' aria-hidden='false' data-av_icon='\ue8f3' data-av_iconfont='entypo-fontello' title='' data-avia-related-tooltip='Compartir en Facebook' rel=\"noopener\"><span class='avia_hidden_link_text'>Compartir en Facebook<\/span><\/a><\/li><li class='av-share-link av-social-link-twitter' ><a target=\"_blank\" aria-label=\"Compartir en Twitter\" href='https:\/\/twitter.com\/share?text=UAys%C3%A9n%20se%20adjudica%20fondo%20del%20MinCiencia%20para%20el%20desarrollo%20de%20investigaci%C3%B3n&#038;url=https:\/\/radiorevelacionfm.cl\/?p=48516' aria-hidden='false' data-av_icon='\ue8f1' data-av_iconfont='entypo-fontello' title='' data-avia-related-tooltip='Compartir en Twitter' rel=\"noopener\"><span class='avia_hidden_link_text'>Compartir en Twitter<\/span><\/a><\/li><li class='av-share-link av-social-link-whatsapp' ><a target=\"_blank\" aria-label=\"Compartir en Whatsapp\" href='https:\/\/api.whatsapp.com\/send?text=https:\/\/radiorevelacionfm.cl\/?p=48516' aria-hidden='false' data-av_icon='\uf232' data-av_iconfont='entypo-fontello' title='' data-avia-related-tooltip='Compartir en Whatsapp' rel=\"noopener\"><span class='avia_hidden_link_text'>Compartir en Whatsapp<\/span><\/a><\/li><li class='av-share-link av-social-link-linkedin' ><a target=\"_blank\" aria-label=\"Compartir en LinkedIn\" href='https:\/\/linkedin.com\/shareArticle?mini=true&#038;title=UAys%C3%A9n%20se%20adjudica%20fondo%20del%20MinCiencia%20para%20el%20desarrollo%20de%20investigaci%C3%B3n&#038;url=https:\/\/radiorevelacionfm.cl\/?p=48516' aria-hidden='false' data-av_icon='\ue8fc' data-av_iconfont='entypo-fontello' title='' data-avia-related-tooltip='Compartir en LinkedIn' rel=\"noopener\"><span class='avia_hidden_link_text'>Compartir en LinkedIn<\/span><\/a><\/li><li class='av-share-link av-social-link-mail' ><a  aria-label=\"Compartir por correo\" href='mailto:?subject=UAys%C3%A9n%20se%20adjudica%20fondo%20del%20MinCiencia%20para%20el%20desarrollo%20de%20investigaci%C3%B3n&#038;body=https:\/\/radiorevelacionfm.cl\/?p=48516' aria-hidden='false' data-av_icon='\ue805' data-av_iconfont='entypo-fontello' title='' data-avia-related-tooltip='Compartir por correo'><span class='avia_hidden_link_text'>Compartir por correo<\/span><\/a><\/li><\/ul><\/div><\/div>\n<div  style='height:50px' class='hr hr-invisible   avia-builder-el-8  el_after_av_social_share  el_before_av_comments_list '><span class='hr-inner ' ><span class='hr-inner-style'><\/span><\/span><\/div>\n<div  class='av-buildercomment  av-blog-meta-html-info-disabled av-blog-meta-tag-disabled  '><\/div>\n","protected":false},"excerpt":{"rendered":"","protected":false},"author":1,"featured_media":48517,"comment_status":"open","ping_status":"open","sticky":false,"template":"","format":"standard","meta":{"footnotes":""},"categories":[49],"tags":[],"class_list":["post-48516","post","type-post","status-publish","format-standard","has-post-thumbnail","hentry","category-educacion"],"jetpack_featured_media_url":"https:\/\/radiorevelacionfm.cl\/wp-content\/uploads\/2024\/12\/laboratorio2-1-1.jpeg","_links":{"self":[{"href":"https:\/\/radiorevelacionfm.cl\/index.php?rest_route=\/wp\/v2\/posts\/48516","targetHints":{"allow":["GET"]}}],"collection":[{"href":"https:\/\/radiorevelacionfm.cl\/index.php?rest_route=\/wp\/v2\/posts"}],"about":[{"href":"https:\/\/radiorevelacionfm.cl\/index.php?rest_route=\/wp\/v2\/types\/post"}],"author":[{"embeddable":true,"href":"https:\/\/radiorevelacionfm.cl\/index.php?rest_route=\/wp\/v2\/users\/1"}],"replies":[{"embeddable":true,"href":"https:\/\/radiorevelacionfm.cl\/index.php?rest_route=%2Fwp%2Fv2%2Fcomments&post=48516"}],"version-history":[{"count":1,"href":"https:\/\/radiorevelacionfm.cl\/index.php?rest_route=\/wp\/v2\/posts\/48516\/revisions"}],"predecessor-version":[{"id":48518,"href":"https:\/\/radiorevelacionfm.cl\/index.php?rest_route=\/wp\/v2\/posts\/48516\/revisions\/48518"}],"wp:featuredmedia":[{"embeddable":true,"href":"https:\/\/radiorevelacionfm.cl\/index.php?rest_route=\/wp\/v2\/media\/48517"}],"wp:attachment":[{"href":"https:\/\/radiorevelacionfm.cl\/index.php?rest_route=%2Fwp%2Fv2%2Fmedia&parent=48516"}],"wp:term":[{"taxonomy":"category","embeddable":true,"href":"https:\/\/radiorevelacionfm.cl\/index.php?rest_route=%2Fwp%2Fv2%2Fcategories&post=48516"},{"taxonomy":"post_tag","embeddable":true,"href":"https:\/\/radiorevelacionfm.cl\/index.php?rest_route=%2Fwp%2Fv2%2Ftags&post=48516"}],"curies":[{"name":"wp","href":"https:\/\/api.w.org\/{rel}","templated":true}]}}