{"id":4851,"date":"2021-06-03T11:33:23","date_gmt":"2021-06-03T14:33:23","guid":{"rendered":"https:\/\/radiorevelacionfm.cl\/?p=4851"},"modified":"2021-06-03T11:43:51","modified_gmt":"2021-06-03T14:43:51","slug":"sandoval-pide-que-medidas-sanitarias-tengan-efecto-y-sentido-practico-considerando-realidad-que-atraviesan-el-sector-gastronomico-y-turismo-en-aysen","status":"publish","type":"post","link":"https:\/\/radiorevelacionfm.cl\/?p=4851","title":{"rendered":"Sandoval pide que medidas sanitarias tengan efecto y sentido pr\u00e1ctico considerando realidad que atraviesan el sector gastron\u00f3mico y turismo en Ays\u00e9n"},"content":{"rendered":"<div class=\"flex_column av_one_full  flex_column_div av-zero-column-padding first  avia-builder-el-0  el_before_av_one_full  avia-builder-el-first  \" style='border-radius:0px; '><div  class='avia-image-container  av-styling-    avia-builder-el-1  avia-builder-el-no-sibling  avia-align-center '  itemprop=\"image\" itemscope=\"itemscope\" itemtype=\"https:\/\/schema.org\/ImageObject\"  ><div class='avia-image-container-inner'><div class='avia-image-overlay-wrap'><img decoding=\"async\" class='wp-image-0 avia-img-lazy-loading-not-0 avia_image' src=\"https:\/\/radiorevelacionfm.cl\/wp-content\/uploads\/2021\/06\/SENADOR-SANDOVAL-2-1-1.jpg\" alt='' title=''   itemprop=\"thumbnailUrl\"  \/><\/div><\/div><\/div><\/div><div class=\"flex_column av_one_full  flex_column_div av-zero-column-padding first  avia-builder-el-2  el_after_av_one_full  el_before_av_one_full  column-top-margin\" style='border-radius:0px; '><section class=\"av_textblock_section \"  itemscope=\"itemscope\" itemtype=\"https:\/\/schema.org\/BlogPosting\" itemprop=\"blogPost\" ><div class='avia_textblock  '   itemprop=\"text\" ><p style=\"text-align: center;\"><strong><span style=\"font-size: 18pt;\">Sandoval pide que medidas sanitarias tengan efecto y sentido pr\u00e1ctico considerando realidad que atraviesan el sector gastron\u00f3mico y turismo en Ays\u00e9n<\/span><\/strong><\/p>\n<div id=\"gtx-trans\" style=\"position: absolute; left: -50px; top: 4.31534px;\">\n<div class=\"gtx-trans-icon\"><\/div>\n<\/div>\n<\/div><\/section><\/div><div class=\"flex_column av_one_full  flex_column_div av-zero-column-padding first  avia-builder-el-4  el_after_av_one_full  el_before_av_hr  column-top-margin\" style='border-radius:0px; '><section class=\"av_textblock_section \"  itemscope=\"itemscope\" itemtype=\"https:\/\/schema.org\/BlogPosting\" itemprop=\"blogPost\" ><div class='avia_textblock  '   itemprop=\"text\" ><p style=\"text-align: justify;\">El Parlamentario dijo hacerse cargo de los requerimientos que han planteado los dirigentes vinculados al rubro en la regi\u00f3n de Ays\u00e9n.<\/p>\n<p style=\"text-align: justify;\">Un oficio para dar cuenta de su inquietud respecto de las medidas sanitarias del Plan Paso a Paso y <strong>el impacto que \u00e9stas han tenido en el sector gastron\u00f3mico y turismo en la regi\u00f3n de Ays\u00e9n<\/strong>, fue el objetivo central de una presentaci\u00f3n realizada en los \u00faltimos d\u00edas por el senador David Sandoval, en la sala de la C\u00e1mara Alta.<\/p>\n<p style=\"text-align: justify;\">En su intervenci\u00f3n, el parlamentario pidi\u00f3 enviar un documento con sus planteamientos al Presidente de la Rep\u00fablica, Sebasti\u00e1n Pi\u00f1era, y a los ministros de Salud, Enrique Paris, y de Econom\u00eda, Lucas Palacios, en la cual se refiri\u00f3 al complejo momento que atraviesan los empresarios del rubro. \u201cEn varias ocasiones, en esta misma sala (del Senado) y estando el propio ministro de Salud, Enrique Par\u00eds, hemos manifestado que ciertas medidas tienen que tener un correlato con la realidad del territorio. Solemos en nuestro pa\u00eds establecer normas, donde queremos que una sola medida le sirva a Arica, Santiago y tambi\u00e9n a zonas tan extremas como las nuestras. Y no hablo solamente por Ays\u00e9n\u201d, fundament\u00f3.<\/p>\n<p style=\"text-align: justify;\">Por lo mismo, dijo hacerse cargo y parte de los requerimientos que han realizado los dirigentes. \u201cPatricia Garc\u00eda, quien incluso ha presentado, en nombre del gremio gastron\u00f3mico y tur\u00edstico, un sendo recurso de protecci\u00f3n; por Cristina Reyes, presidenta de la C\u00e1mara de Turismo de Coyhaique, por la C\u00e1mara de Comercio de Coyhaique, por la Corporaci\u00f3n Multigremial de Ays\u00e9n, por la Asociaci\u00f3n de Gastron\u00f3micos de Ays\u00e9n y por la AG Todos por el Turismo de la regi\u00f3n\u201d, puntualiz\u00f3.<\/p>\n<p style=\"text-align: justify;\">\u201cSe trata de que estas medidas de control sanitario tienen que tener un efecto pr\u00e1ctico\u201d, afirm\u00f3, subrayando que cuando se permite a restaurant, cafeter\u00edas, etc., operar solo en terrazas, estos \u00abdif\u00edcilmente pueden funcionar\u201d, sobre todo al considerar las bajas temperaturas.<\/p>\n<p style=\"text-align: justify;\">Sandoval aclar\u00f3 tambi\u00e9n que no est\u00e1 en contra de las restricciones, sino que \u00e9stas tienen que ser pr\u00e1cticas, de lo contrario, no tienen sentido l\u00f3gico. \u201cY por ello solicitar estos oficios, para que en el an\u00e1lisis se entienda que el territorio abarca una extensi\u00f3n de realidades clim\u00e1ticas muy distintas y que tienen que adaptarse para que sean realmente eficientes y contribuyan, dentro de lo posible, a la reactivaci\u00f3n de estos gremios\u201d, finaliz\u00f3.<\/p>\n<\/div><\/section><\/div><div  style='height:50px' class='hr hr-invisible   avia-builder-el-6  el_after_av_one_full  el_before_av_social_share '><span class='hr-inner ' ><span class='hr-inner-style'><\/span><\/span><\/div><\/p>\n<div  class='av-social-sharing-box  avia-builder-el-7  el_after_av_hr  el_before_av_hr  '><div class='av-share-box'><h5 class='av-share-link-description av-no-toc '>Compartir esta noticia<\/h5><ul class='av-share-box-list noLightbox'><li class='av-share-link av-social-link-facebook' ><a target=\"_blank\" aria-label=\"Compartir en Facebook\" href='https:\/\/www.facebook.com\/sharer.php?u=https:\/\/radiorevelacionfm.cl\/?p=4851&#038;t=Sandoval%20pide%20que%20medidas%20sanitarias%20tengan%20efecto%20y%20sentido%20pr%C3%A1ctico%20considerando%20realidad%20que%20atraviesan%20el%20sector%20gastron%C3%B3mico%20y%20turismo%20en%20Ays%C3%A9n' aria-hidden='false' data-av_icon='\ue8f3' data-av_iconfont='entypo-fontello' title='' data-avia-related-tooltip='Compartir en Facebook' rel=\"noopener\"><span class='avia_hidden_link_text'>Compartir en Facebook<\/span><\/a><\/li><li class='av-share-link av-social-link-twitter' ><a target=\"_blank\" aria-label=\"Compartir en Twitter\" href='https:\/\/twitter.com\/share?text=Sandoval%20pide%20que%20medidas%20sanitarias%20tengan%20efecto%20y%20sentido%20pr%C3%A1ctico%20considerando%20realidad%20que%20atraviesan%20el%20sector%20gastron%C3%B3mico%20y%20turismo%20en%20Ays%C3%A9n&#038;url=https:\/\/radiorevelacionfm.cl\/?p=4851' aria-hidden='false' data-av_icon='\ue8f1' data-av_iconfont='entypo-fontello' title='' data-avia-related-tooltip='Compartir en Twitter' rel=\"noopener\"><span class='avia_hidden_link_text'>Compartir en Twitter<\/span><\/a><\/li><li class='av-share-link av-social-link-whatsapp' ><a target=\"_blank\" aria-label=\"Compartir en Whatsapp\" href='https:\/\/api.whatsapp.com\/send?text=https:\/\/radiorevelacionfm.cl\/?p=4851' aria-hidden='false' data-av_icon='\uf232' data-av_iconfont='entypo-fontello' title='' data-avia-related-tooltip='Compartir en Whatsapp' rel=\"noopener\"><span class='avia_hidden_link_text'>Compartir en Whatsapp<\/span><\/a><\/li><li class='av-share-link av-social-link-linkedin' ><a target=\"_blank\" aria-label=\"Compartir en LinkedIn\" href='https:\/\/linkedin.com\/shareArticle?mini=true&#038;title=Sandoval%20pide%20que%20medidas%20sanitarias%20tengan%20efecto%20y%20sentido%20pr%C3%A1ctico%20considerando%20realidad%20que%20atraviesan%20el%20sector%20gastron%C3%B3mico%20y%20turismo%20en%20Ays%C3%A9n&#038;url=https:\/\/radiorevelacionfm.cl\/?p=4851' aria-hidden='false' data-av_icon='\ue8fc' data-av_iconfont='entypo-fontello' title='' data-avia-related-tooltip='Compartir en LinkedIn' rel=\"noopener\"><span class='avia_hidden_link_text'>Compartir en LinkedIn<\/span><\/a><\/li><li class='av-share-link av-social-link-mail' ><a  aria-label=\"Compartir por correo\" href='mailto:?subject=Sandoval%20pide%20que%20medidas%20sanitarias%20tengan%20efecto%20y%20sentido%20pr%C3%A1ctico%20considerando%20realidad%20que%20atraviesan%20el%20sector%20gastron%C3%B3mico%20y%20turismo%20en%20Ays%C3%A9n&#038;body=https:\/\/radiorevelacionfm.cl\/?p=4851' aria-hidden='false' data-av_icon='\ue805' data-av_iconfont='entypo-fontello' title='' data-avia-related-tooltip='Compartir por correo'><span class='avia_hidden_link_text'>Compartir por correo<\/span><\/a><\/li><\/ul><\/div><\/div>\n<div  style='height:50px' class='hr hr-invisible   avia-builder-el-8  el_after_av_social_share  el_before_av_comments_list '><span class='hr-inner ' ><span class='hr-inner-style'><\/span><\/span><\/div>\n<div  class='av-buildercomment  av-blog-meta-html-info-disabled av-blog-meta-tag-disabled  '><\/div>\n","protected":false},"excerpt":{"rendered":"","protected":false},"author":1,"featured_media":4855,"comment_status":"open","ping_status":"open","sticky":false,"template":"","format":"standard","meta":{"footnotes":""},"categories":[35],"tags":[],"class_list":["post-4851","post","type-post","status-publish","format-standard","has-post-thumbnail","hentry","category-politica"],"jetpack_featured_media_url":"https:\/\/radiorevelacionfm.cl\/wp-content\/uploads\/2021\/06\/SENADOR-SANDOVAL-3-1-1.jpg","_links":{"self":[{"href":"https:\/\/radiorevelacionfm.cl\/index.php?rest_route=\/wp\/v2\/posts\/4851","targetHints":{"allow":["GET"]}}],"collection":[{"href":"https:\/\/radiorevelacionfm.cl\/index.php?rest_route=\/wp\/v2\/posts"}],"about":[{"href":"https:\/\/radiorevelacionfm.cl\/index.php?rest_route=\/wp\/v2\/types\/post"}],"author":[{"embeddable":true,"href":"https:\/\/radiorevelacionfm.cl\/index.php?rest_route=\/wp\/v2\/users\/1"}],"replies":[{"embeddable":true,"href":"https:\/\/radiorevelacionfm.cl\/index.php?rest_route=%2Fwp%2Fv2%2Fcomments&post=4851"}],"version-history":[{"count":1,"href":"https:\/\/radiorevelacionfm.cl\/index.php?rest_route=\/wp\/v2\/posts\/4851\/revisions"}],"predecessor-version":[{"id":4853,"href":"https:\/\/radiorevelacionfm.cl\/index.php?rest_route=\/wp\/v2\/posts\/4851\/revisions\/4853"}],"wp:featuredmedia":[{"embeddable":true,"href":"https:\/\/radiorevelacionfm.cl\/index.php?rest_route=\/wp\/v2\/media\/4855"}],"wp:attachment":[{"href":"https:\/\/radiorevelacionfm.cl\/index.php?rest_route=%2Fwp%2Fv2%2Fmedia&parent=4851"}],"wp:term":[{"taxonomy":"category","embeddable":true,"href":"https:\/\/radiorevelacionfm.cl\/index.php?rest_route=%2Fwp%2Fv2%2Fcategories&post=4851"},{"taxonomy":"post_tag","embeddable":true,"href":"https:\/\/radiorevelacionfm.cl\/index.php?rest_route=%2Fwp%2Fv2%2Ftags&post=4851"}],"curies":[{"name":"wp","href":"https:\/\/api.w.org\/{rel}","templated":true}]}}