{"id":48507,"date":"2024-12-04T10:46:38","date_gmt":"2024-12-04T13:46:38","guid":{"rendered":"https:\/\/radiorevelacionfm.cl\/?p=48507"},"modified":"2024-12-04T10:46:38","modified_gmt":"2024-12-04T13:46:38","slug":"jardin-infantil-de-bahia-murta-recibe-reconocimiento-oficial","status":"publish","type":"post","link":"https:\/\/radiorevelacionfm.cl\/?p=48507","title":{"rendered":"Jard\u00edn Infantil de Bah\u00eda Murta recibe Reconocimiento Oficial"},"content":{"rendered":"<div class=\"flex_column av_one_full  flex_column_div av-zero-column-padding first  avia-builder-el-0  el_before_av_one_full  avia-builder-el-first  \" style='border-radius:0px; '><div  class='avia-image-container  av-styling-    avia-builder-el-1  avia-builder-el-no-sibling  avia-align-center '  itemprop=\"image\" itemscope=\"itemscope\" itemtype=\"https:\/\/schema.org\/ImageObject\"  ><div class='avia-image-container-inner'><div class='avia-image-overlay-wrap'><img decoding=\"async\" class='wp-image-48508 avia-img-lazy-loading-not-48508 avia_image' src=\"https:\/\/radiorevelacionfm.cl\/wp-content\/uploads\/2024\/12\/murtitas-2-1-1-e1733316664139.jpeg\" alt='' title='murtitas 2 (1) (1)' height=\"338\" width=\"600\"  itemprop=\"thumbnailUrl\" srcset=\"https:\/\/radiorevelacionfm.cl\/wp-content\/uploads\/2024\/12\/murtitas-2-1-1-e1733316664139.jpeg 600w, https:\/\/radiorevelacionfm.cl\/wp-content\/uploads\/2024\/12\/murtitas-2-1-1-e1733316664139-300x169.jpeg 300w, https:\/\/radiorevelacionfm.cl\/wp-content\/uploads\/2024\/12\/murtitas-2-1-1-e1733316664139-450x254.jpeg 450w\" sizes=\"(max-width: 600px) 100vw, 600px\" \/><\/div><\/div><\/div><\/div><div class=\"flex_column av_one_full  flex_column_div av-zero-column-padding first  avia-builder-el-2  el_after_av_one_full  el_before_av_one_full  column-top-margin\" style='border-radius:0px; '><section class=\"av_textblock_section \"  itemscope=\"itemscope\" itemtype=\"https:\/\/schema.org\/BlogPosting\" itemprop=\"blogPost\" ><div class='avia_textblock  '   itemprop=\"text\" ><p style=\"text-align: center;\"><strong><span style=\"font-size: 18pt;\">Jard\u00edn Infantil de Bah\u00eda Murta recibe Reconocimiento Oficial<\/span><\/strong><\/p>\n<div id=\"gtx-trans\" style=\"position: absolute; left: -50px; top: 4.31534px;\">\n<div class=\"gtx-trans-icon\"><\/div>\n<\/div>\n<\/div><\/section><\/div><div class=\"flex_column av_one_full  flex_column_div av-zero-column-padding first  avia-builder-el-4  el_after_av_one_full  el_before_av_hr  column-top-margin\" style='border-radius:0px; '><section class=\"av_textblock_section \"  itemscope=\"itemscope\" itemtype=\"https:\/\/schema.org\/BlogPosting\" itemprop=\"blogPost\" ><div class='avia_textblock  '   itemprop=\"text\" ><p style=\"text-align: justify;\">El 26 de noviembre de este a\u00f1o, y tras varios meses de intenso trabajo, la seremi de Educaci\u00f3n de la regi\u00f3n de Ays\u00e9n inform\u00f3 que el jard\u00edn infantil \u201cLas Murtitas\u201d en Bah\u00eda Murta, perteneciente a Fundaci\u00f3n Integra, logr\u00f3 el Reconocimiento Oficial (RO) del Estado dando as\u00ed cumplimiento a la normativa educacional vigente que busca asegurar est\u00e1ndares de calidad en el funcionamiento de este tipo de establecimientos.<\/p>\n<p style=\"text-align: justify;\">La directora regional de Fundaci\u00f3n Integra, Leticia Araya Norambuena destac\u00f3 la importancia de este proceso se\u00f1alando que es \u201cuna tremenda alegr\u00eda contar con el RO del jard\u00edn infantil Las Murtitas. Hay un trabajo importante de todos los equipos y, sobre todo del departamento de Espacios F\u00edsicos Educativos (EFE), para poder cumplir con todas las normativas que se exigen para estos casos en la que los ni\u00f1os y ni\u00f1as que ah\u00ed asisten est\u00e9n en condici\u00f3n de bienestar y, desde ah\u00ed, puedan desarrollar todas sus habilidades y potencialidades\u201d.<\/p>\n<p style=\"text-align: justify;\">Cabe se\u00f1alar, que el Reconocimiento Oficial es el acto administrativo en virtud del cual, la autoridad confiere a un establecimiento educacional la facultad de certificar v\u00e1lida y aut\u00f3nomamente la aprobaci\u00f3n de cada uno de los ciclos y niveles que conforman la educaci\u00f3n regular, y de ejercer los dem\u00e1s derechos que le confiere la ley.<\/p>\n<p style=\"text-align: justify;\">El jefe de EFE, Luis V\u00e1squez Urbina manifiesta estar \u201ccontento. Fue un proceso largo, el que no estuvo exento de algunas complicaciones pero que luego de dos a\u00f1os se logr\u00f3 el objetivo final\u201d. Al mismo tiempo relata que \u201ca pesar de todo el tiempo transcurrido logramos subsanar las observaciones que nos entregaron y sin tener que incurrir en m\u00e1s inversi\u00f3n para el proyecto\u201d.<\/p>\n<p style=\"text-align: justify;\">Para que esto fuese posible, Fundaci\u00f3n Integra invirti\u00f3 en el Jard\u00edn Infantil \u201cLas Murtitas\u201d un monto cercano a los 252 millones de pesos permitiendo con esto poder entregar educaci\u00f3n a ni\u00f1os y ni\u00f1as de la localidad entre los 2 a\u00f1os y los 5 a\u00f1os 11 meses.<\/p>\n<p style=\"text-align: justify;\">La directora regional refuerza respecto de la importancia de llegar con educaci\u00f3n de calidad a todos los sectores sin importar donde est\u00e1n ubicados destacando que \u201cel compromiso del gobierno de Gabriel Boric, como de Fundaci\u00f3n Integra de llegar a todas las localidades donde hay ni\u00f1os y ni\u00f1as es una realidad, y esa realidad implica un sentido de calidad. No porque un jard\u00edn est\u00e9 lejos, este no debe cumplir con la normativa que se exige, sino m\u00e1s bien tenemos que asegurar que esa calidad est\u00e9 presente en todos los lugares en los que estemos\u201d.<\/p>\n<p style=\"text-align: justify;\">Las obras de mejoramiento benefician, no tan s\u00f3lo a los 24 p\u00e1rvulos de la localidad -capacidad m\u00e1xima de atenci\u00f3n del establecimiento-, sino que a toda la comunidad educativa, todo esto bajo un trabajo que viene desarrollando Fundaci\u00f3n Integra desde el 2015, permitiendo con esto poder cumplir con lo que se\u00f1ala la normativa legal respecto de los establecimientos de educaci\u00f3n.<\/p>\n<p style=\"text-align: justify;\">El jefe de EFE recalca que el desaf\u00edo no solo se queda en la obtenci\u00f3n de los RO sino que tambi\u00e9n est\u00e1 \u201cen la mantenci\u00f3n de los RO, ya que no es solo su obtenci\u00f3n sino que tambi\u00e9n est\u00e1 la mantenci\u00f3n de estos edificios, ya sea por su uso, por las condiciones clim\u00e1ticas o por las modificaciones legales. Se nos viene un 2025 muy desafiante en esta materia pero para eso trabajamos d\u00eda a d\u00eda\u201d.<\/p>\n<p style=\"text-align: justify;\">Desde Integra destacan que este proyecto se comenz\u00f3 a gestar en el 2021 en el que se buscaba modificar y mejorar diversos espacios del establecimiento, pero manteniendo la estructura general del jard\u00edn, lo que permiti\u00f3 mejorar el hall de acceso, la creaci\u00f3n de una mampara, mejoras en la oficina de la directora, como tambi\u00e9n en el sector de cocinas, y la creaci\u00f3n de una nueva sala, de un patio cubierto, adem\u00e1s de ba\u00f1os, patio, entre otros.<\/p>\n<p style=\"text-align: justify;\">Fundaci\u00f3n Integra, con 34 a\u00f1os de experiencia y m\u00e1s de 1.200 salas cuna y jardines infantiles gratuitos en todo el pa\u00eds, trabaja para que ni\u00f1as y ni\u00f1os alcancen su desarrollo pleno, bienestar integral y aprendizajes significativos, a trav\u00e9s de su protagonismo en espacios educativos amorosos, inclusivos, diversos y de calidad.<\/p>\n<\/div><\/section><\/div><div  style='height:50px' class='hr hr-invisible   avia-builder-el-6  el_after_av_one_full  el_before_av_social_share '><span class='hr-inner ' ><span class='hr-inner-style'><\/span><\/span><\/div><\/p>\n<div  class='av-social-sharing-box  avia-builder-el-7  el_after_av_hr  el_before_av_hr  '><div class='av-share-box'><h5 class='av-share-link-description av-no-toc '>Compartir esta noticia<\/h5><ul class='av-share-box-list noLightbox'><li class='av-share-link av-social-link-facebook' ><a target=\"_blank\" aria-label=\"Compartir en Facebook\" href='https:\/\/www.facebook.com\/sharer.php?u=https:\/\/radiorevelacionfm.cl\/?p=48507&#038;t=Jard%C3%ADn%20Infantil%20de%20Bah%C3%ADa%20Murta%20recibe%20Reconocimiento%20Oficial' aria-hidden='false' data-av_icon='\ue8f3' data-av_iconfont='entypo-fontello' title='' data-avia-related-tooltip='Compartir en Facebook' rel=\"noopener\"><span class='avia_hidden_link_text'>Compartir en Facebook<\/span><\/a><\/li><li class='av-share-link av-social-link-twitter' ><a target=\"_blank\" aria-label=\"Compartir en Twitter\" href='https:\/\/twitter.com\/share?text=Jard%C3%ADn%20Infantil%20de%20Bah%C3%ADa%20Murta%20recibe%20Reconocimiento%20Oficial&#038;url=https:\/\/radiorevelacionfm.cl\/?p=48507' aria-hidden='false' data-av_icon='\ue8f1' data-av_iconfont='entypo-fontello' title='' data-avia-related-tooltip='Compartir en Twitter' rel=\"noopener\"><span class='avia_hidden_link_text'>Compartir en Twitter<\/span><\/a><\/li><li class='av-share-link av-social-link-whatsapp' ><a target=\"_blank\" aria-label=\"Compartir en Whatsapp\" href='https:\/\/api.whatsapp.com\/send?text=https:\/\/radiorevelacionfm.cl\/?p=48507' aria-hidden='false' data-av_icon='\uf232' data-av_iconfont='entypo-fontello' title='' data-avia-related-tooltip='Compartir en Whatsapp' rel=\"noopener\"><span class='avia_hidden_link_text'>Compartir en Whatsapp<\/span><\/a><\/li><li class='av-share-link av-social-link-linkedin' ><a target=\"_blank\" aria-label=\"Compartir en LinkedIn\" href='https:\/\/linkedin.com\/shareArticle?mini=true&#038;title=Jard%C3%ADn%20Infantil%20de%20Bah%C3%ADa%20Murta%20recibe%20Reconocimiento%20Oficial&#038;url=https:\/\/radiorevelacionfm.cl\/?p=48507' aria-hidden='false' data-av_icon='\ue8fc' data-av_iconfont='entypo-fontello' title='' data-avia-related-tooltip='Compartir en LinkedIn' rel=\"noopener\"><span class='avia_hidden_link_text'>Compartir en LinkedIn<\/span><\/a><\/li><li class='av-share-link av-social-link-mail' ><a  aria-label=\"Compartir por correo\" href='mailto:?subject=Jard%C3%ADn%20Infantil%20de%20Bah%C3%ADa%20Murta%20recibe%20Reconocimiento%20Oficial&#038;body=https:\/\/radiorevelacionfm.cl\/?p=48507' aria-hidden='false' data-av_icon='\ue805' data-av_iconfont='entypo-fontello' title='' data-avia-related-tooltip='Compartir por correo'><span class='avia_hidden_link_text'>Compartir por correo<\/span><\/a><\/li><\/ul><\/div><\/div>\n<div  style='height:50px' class='hr hr-invisible   avia-builder-el-8  el_after_av_social_share  el_before_av_comments_list '><span class='hr-inner ' ><span class='hr-inner-style'><\/span><\/span><\/div>\n<div  class='av-buildercomment  av-blog-meta-html-info-disabled av-blog-meta-tag-disabled  '><\/div>\n","protected":false},"excerpt":{"rendered":"","protected":false},"author":1,"featured_media":48508,"comment_status":"open","ping_status":"open","sticky":false,"template":"","format":"standard","meta":{"footnotes":""},"categories":[49],"tags":[],"class_list":["post-48507","post","type-post","status-publish","format-standard","has-post-thumbnail","hentry","category-educacion"],"jetpack_featured_media_url":"https:\/\/radiorevelacionfm.cl\/wp-content\/uploads\/2024\/12\/murtitas-2-1-1-e1733316664139.jpeg","_links":{"self":[{"href":"https:\/\/radiorevelacionfm.cl\/index.php?rest_route=\/wp\/v2\/posts\/48507","targetHints":{"allow":["GET"]}}],"collection":[{"href":"https:\/\/radiorevelacionfm.cl\/index.php?rest_route=\/wp\/v2\/posts"}],"about":[{"href":"https:\/\/radiorevelacionfm.cl\/index.php?rest_route=\/wp\/v2\/types\/post"}],"author":[{"embeddable":true,"href":"https:\/\/radiorevelacionfm.cl\/index.php?rest_route=\/wp\/v2\/users\/1"}],"replies":[{"embeddable":true,"href":"https:\/\/radiorevelacionfm.cl\/index.php?rest_route=%2Fwp%2Fv2%2Fcomments&post=48507"}],"version-history":[{"count":1,"href":"https:\/\/radiorevelacionfm.cl\/index.php?rest_route=\/wp\/v2\/posts\/48507\/revisions"}],"predecessor-version":[{"id":48509,"href":"https:\/\/radiorevelacionfm.cl\/index.php?rest_route=\/wp\/v2\/posts\/48507\/revisions\/48509"}],"wp:featuredmedia":[{"embeddable":true,"href":"https:\/\/radiorevelacionfm.cl\/index.php?rest_route=\/wp\/v2\/media\/48508"}],"wp:attachment":[{"href":"https:\/\/radiorevelacionfm.cl\/index.php?rest_route=%2Fwp%2Fv2%2Fmedia&parent=48507"}],"wp:term":[{"taxonomy":"category","embeddable":true,"href":"https:\/\/radiorevelacionfm.cl\/index.php?rest_route=%2Fwp%2Fv2%2Fcategories&post=48507"},{"taxonomy":"post_tag","embeddable":true,"href":"https:\/\/radiorevelacionfm.cl\/index.php?rest_route=%2Fwp%2Fv2%2Ftags&post=48507"}],"curies":[{"name":"wp","href":"https:\/\/api.w.org\/{rel}","templated":true}]}}