{"id":48480,"date":"2024-12-03T16:32:45","date_gmt":"2024-12-03T19:32:45","guid":{"rendered":"https:\/\/radiorevelacionfm.cl\/?p=48480"},"modified":"2024-12-03T16:32:45","modified_gmt":"2024-12-03T19:32:45","slug":"en-octubre-2024-las-pernoctaciones-en-establecimientos-de-alojamiento-turistico-de-la-region-de-aysen-aumentaron-287","status":"publish","type":"post","link":"https:\/\/radiorevelacionfm.cl\/?p=48480","title":{"rendered":"En octubre 2024, las pernoctaciones en establecimientos de alojamiento tur\u00edstico de la Regi\u00f3n de Ays\u00e9n aumentaron 28,7%"},"content":{"rendered":"<div class=\"flex_column av_one_full  flex_column_div av-zero-column-padding first  avia-builder-el-0  el_before_av_one_full  avia-builder-el-first  \" style='border-radius:0px; '><div  class='avia-image-container  av-styling-    avia-builder-el-1  avia-builder-el-no-sibling  avia-align-center '  itemprop=\"image\" itemscope=\"itemscope\" itemtype=\"https:\/\/schema.org\/ImageObject\"  ><div class='avia-image-container-inner'><div class='avia-image-overlay-wrap'><img decoding=\"async\" class='wp-image-48481 avia-img-lazy-loading-not-48481 avia_image' src=\"https:\/\/radiorevelacionfm.cl\/wp-content\/uploads\/2024\/12\/pernoctaciones-1-1_optimized-1.jpg\" alt='' title='pernoctaciones-(1)-(1)_optimized (1)' height=\"600\" width=\"1058\"  itemprop=\"thumbnailUrl\" srcset=\"https:\/\/radiorevelacionfm.cl\/wp-content\/uploads\/2024\/12\/pernoctaciones-1-1_optimized-1.jpg 1058w, https:\/\/radiorevelacionfm.cl\/wp-content\/uploads\/2024\/12\/pernoctaciones-1-1_optimized-1-300x170.jpg 300w, https:\/\/radiorevelacionfm.cl\/wp-content\/uploads\/2024\/12\/pernoctaciones-1-1_optimized-1-1030x584.jpg 1030w, https:\/\/radiorevelacionfm.cl\/wp-content\/uploads\/2024\/12\/pernoctaciones-1-1_optimized-1-768x436.jpg 768w, https:\/\/radiorevelacionfm.cl\/wp-content\/uploads\/2024\/12\/pernoctaciones-1-1_optimized-1-705x400.jpg 705w, https:\/\/radiorevelacionfm.cl\/wp-content\/uploads\/2024\/12\/pernoctaciones-1-1_optimized-1-450x255.jpg 450w, https:\/\/radiorevelacionfm.cl\/wp-content\/uploads\/2024\/12\/pernoctaciones-1-1_optimized-1-600x340.jpg 600w\" sizes=\"(max-width: 1058px) 100vw, 1058px\" \/><\/div><\/div><\/div><\/div><div class=\"flex_column av_one_full  flex_column_div av-zero-column-padding first  avia-builder-el-2  el_after_av_one_full  el_before_av_one_full  column-top-margin\" style='border-radius:0px; '><section class=\"av_textblock_section \"  itemscope=\"itemscope\" itemtype=\"https:\/\/schema.org\/BlogPosting\" itemprop=\"blogPost\" ><div class='avia_textblock  '   itemprop=\"text\" ><p style=\"text-align: center;\"><strong><span style=\"font-size: 18pt;\">En octubre 2024, las pernoctaciones en establecimientos de alojamiento tur\u00edstico de la Regi\u00f3n de Ays\u00e9n aumentaron 28,7%\u00a0<\/span><\/strong><\/p>\n<div id=\"gtx-trans\" style=\"position: absolute; left: -50px; top: 4.31534px;\">\n<div class=\"gtx-trans-icon\"><\/div>\n<\/div>\n<\/div><\/section><\/div><div class=\"flex_column av_one_full  flex_column_div av-zero-column-padding first  avia-builder-el-4  el_after_av_one_full  el_before_av_hr  column-top-margin\" style='border-radius:0px; '><section class=\"av_textblock_section \"  itemscope=\"itemscope\" itemtype=\"https:\/\/schema.org\/BlogPosting\" itemprop=\"blogPost\" ><div class='avia_textblock  '   itemprop=\"text\" ><p style=\"text-align: justify;\"><em>Seg\u00fan las proyecciones esta tendencia debiese mantenerse y crecer de manera robusta, considerando que ya se anotan varios trimestres con aumentos que permiten visualizar un escenario muy positivo para este sector en \u00a0nuestra regi\u00f3n.<\/em><\/p>\n<p style=\"text-align: justify;\">Las pernoctaciones de pasajeros en establecimientos de alojamiento tur\u00edstico en la Regi\u00f3n de Ays\u00e9n (n\u00famero total de noches que las personas alojaron) llegaron a 36.634 en octubre de 2024, lo que implic\u00f3 un aumento de 28,7% respecto al mismo mes del a\u00f1o anterior. As\u00ed lo revela la Encuesta Mensual de Alojamiento Tur\u00edstico (EMAT) publicada esta semana por la Direcci\u00f3n regional del Instituto Nacional de Estad\u00edsticas (INE).<\/p>\n<p style=\"text-align: justify;\">El Seremi de Econom\u00eda, Fomento y Turismo de Ays\u00e9n, Felipe Rojas relev\u00f3 el trabajo que ha desarrollado Sernatur en materia de promoci\u00f3n y el positivo efecto que este trabajo ha logrado. <em>\u201cEl Gobierno a trav\u00e9s de la Seremi de Econom\u00eda y por supuesto Sernatur Ays\u00e9n, han puesto especial \u00e9nfasis en potenciar la actividad tur\u00edstica, generando presencia en ferias tur\u00edsticas y sobre todo, apoyando al sector desde diversas perspectivas. Es una muy buena noticia que nos permite proyectar de modo positivo lo que ocurrir\u00e1 en la temporada alta 2024-2025, la que sin duda traer\u00e1 positivas noticias al respecto. <\/em>No obstante, tenemos desaf\u00edos que resolver como por ejemplo, reducir la estacionalidad, a trav\u00e9s de la promoci\u00f3n de actividades invernales y potenciar las empresas tur\u00edsticas en todo nuestro territorio, para continuar desarrollando y robusteciendo la actividad en nuestra regi\u00f3n.<\/p>\n<p style=\"text-align: justify;\">Por su parte Claudio Montecinos, Director Regional de Sernatur puso sobre relieve la importancia de estas cifras para el desarrollo local: <em>\u201c<\/em><em>El aumento en 28,7% de las pernoctaciones en los establecimientos de alojamiento tur\u00edstico en nuestra regi\u00f3n durante el mes de octubre, dan cuenta de un alza de visitas de turistas a la Regi\u00f3n de Ays\u00e9n en estos \u00faltimos meses, en comparaci\u00f3n con los \u00faltimos a\u00f1os. Este indicador se suma a otros indicadores que han experimentado alzas tales como; el aumento de pasajeros que han arribado al aeropuerto de Balmaceda y por otro lado, la llegada de turistas extranjeros por los pasos fronterizos. Estos indicadores positivos nos permiten proyectar una muy buena temporada para el sector turismo en nuestra regi\u00f3n.<\/em><\/p>\n<p style=\"text-align: justify;\"><em>\u00a0<\/em>Para Edgardo Avello, presidente de la C\u00e1mara de Turismo de Puerto Ays\u00e9n, la cifra abre buenas expectativas para la temporada que se avecina: <em>\u201cEste aumento de casi un 5%, es importante, porque nos ayuda mucho a compensar la diferencia en el alza de costos que hemos tenido durante el \u00faltimo a\u00f1o. Esperamos que este comportamiento se siga manteniendo y creo que el mes de noviembre estar\u00e1 fuertemente impulsado por lo Juegos de la Araucan\u00eda y el PatagonMan. Todos los eventos que de alguna forma ponen el foco de atenci\u00f3n en nuestra querida regi\u00f3n permiten aumentar el flujo de turistas, por eso esperamos que esta tendencia siga manteni\u00e9ndose de la misma forma como aportan estos eventos deportivos, contribuyen tambi\u00e9n a aparecer en la pantalla de los canales nacionales, donde ponen a la Patagonia como un foco de inter\u00e9s tur\u00edstico importante para los visitantes nacionales e internacionales\u201d.<\/em><\/p>\n<p style=\"text-align: justify;\">Adem\u00e1s, la tasa de ocupaci\u00f3n en habitaciones a nivel regional fue 26,0%, aumentando 4,37\u00a0puntos porcentuales en doce meses. Los establecimientos de alojamiento tur\u00edstico anotaron un RevPAR (ingreso por habitaci\u00f3n disponible, por su sigla en ingl\u00e9s) regional de $16.524, aumentando 53,7% en doce meses; mientras que el ADR (tarifa promedio diaria, por su sigla en ingl\u00e9s) registrado fue de $63.637 en la regi\u00f3n, creciendo 27,8% interanualmente.<\/p>\n<p style=\"text-align: justify;\">Finalmente, Rodrigo Canales encargado de Turismo de la C\u00e1mara de Comercio de Coyhaique, relev\u00f3 la importancia de estas positivas cifras del turismo local, mencionando que: \u201c<em>Es una muy buena noticia este aumento de 28% respecto al a\u00f1o anterior en pernoctaciones, la que llega en octubre, convirtiendo esto en un inicio de temporada adelantad. Adem\u00e1s, puede darnos un \u00edndice de que \u00e9sta temporada pudiese ser muy buena pero tambi\u00e9n nos da un \u00edndice de preocupaci\u00f3n; tenemos que mostrar la capacidad como regi\u00f3n de tener infraestructura habilitada, carreteras, accesos, caminos y tambi\u00e9n los servicios ya sea de parte del mundo privado, como tambi\u00e9n del mundo p\u00fablico; acceso a parques y servicios b\u00e1sicos disponibles a nivel regional. Es un gran desaf\u00edo, ya que tenemos un posible crecimiento de visitas a nuestra regi\u00f3n y tenemos que aprovecharlo\u201d<\/em><em>.<\/em><\/p>\n<\/div><\/section><\/div><div  style='height:50px' class='hr hr-invisible   avia-builder-el-6  el_after_av_one_full  el_before_av_social_share '><span class='hr-inner ' ><span class='hr-inner-style'><\/span><\/span><\/div><\/p>\n<div  class='av-social-sharing-box  avia-builder-el-7  el_after_av_hr  el_before_av_hr  '><div class='av-share-box'><h5 class='av-share-link-description av-no-toc '>Compartir esta noticia<\/h5><ul class='av-share-box-list noLightbox'><li class='av-share-link av-social-link-facebook' ><a target=\"_blank\" aria-label=\"Compartir en Facebook\" href='https:\/\/www.facebook.com\/sharer.php?u=https:\/\/radiorevelacionfm.cl\/?p=48480&#038;t=En%20octubre%202024%2C%20las%20pernoctaciones%20en%20establecimientos%20de%20alojamiento%20tur%C3%ADstico%20de%20la%20Regi%C3%B3n%20de%20Ays%C3%A9n%20aumentaron%2028%2C7%25' aria-hidden='false' data-av_icon='\ue8f3' data-av_iconfont='entypo-fontello' title='' data-avia-related-tooltip='Compartir en Facebook' rel=\"noopener\"><span class='avia_hidden_link_text'>Compartir en Facebook<\/span><\/a><\/li><li class='av-share-link av-social-link-twitter' ><a target=\"_blank\" aria-label=\"Compartir en Twitter\" href='https:\/\/twitter.com\/share?text=En%20octubre%202024%2C%20las%20pernoctaciones%20en%20establecimientos%20de%20alojamiento%20tur%C3%ADstico%20de%20la%20Regi%C3%B3n%20de%20Ays%C3%A9n%20aumentaron%2028%2C7%25&#038;url=https:\/\/radiorevelacionfm.cl\/?p=48480' aria-hidden='false' data-av_icon='\ue8f1' data-av_iconfont='entypo-fontello' title='' data-avia-related-tooltip='Compartir en Twitter' rel=\"noopener\"><span class='avia_hidden_link_text'>Compartir en Twitter<\/span><\/a><\/li><li class='av-share-link av-social-link-whatsapp' ><a target=\"_blank\" aria-label=\"Compartir en Whatsapp\" href='https:\/\/api.whatsapp.com\/send?text=https:\/\/radiorevelacionfm.cl\/?p=48480' aria-hidden='false' data-av_icon='\uf232' data-av_iconfont='entypo-fontello' title='' data-avia-related-tooltip='Compartir en Whatsapp' rel=\"noopener\"><span class='avia_hidden_link_text'>Compartir en Whatsapp<\/span><\/a><\/li><li class='av-share-link av-social-link-linkedin' ><a target=\"_blank\" aria-label=\"Compartir en LinkedIn\" href='https:\/\/linkedin.com\/shareArticle?mini=true&#038;title=En%20octubre%202024%2C%20las%20pernoctaciones%20en%20establecimientos%20de%20alojamiento%20tur%C3%ADstico%20de%20la%20Regi%C3%B3n%20de%20Ays%C3%A9n%20aumentaron%2028%2C7%25&#038;url=https:\/\/radiorevelacionfm.cl\/?p=48480' aria-hidden='false' data-av_icon='\ue8fc' data-av_iconfont='entypo-fontello' title='' data-avia-related-tooltip='Compartir en LinkedIn' rel=\"noopener\"><span class='avia_hidden_link_text'>Compartir en LinkedIn<\/span><\/a><\/li><li class='av-share-link av-social-link-mail' ><a  aria-label=\"Compartir por correo\" href='mailto:?subject=En%20octubre%202024%2C%20las%20pernoctaciones%20en%20establecimientos%20de%20alojamiento%20tur%C3%ADstico%20de%20la%20Regi%C3%B3n%20de%20Ays%C3%A9n%20aumentaron%2028%2C7%25&#038;body=https:\/\/radiorevelacionfm.cl\/?p=48480' aria-hidden='false' data-av_icon='\ue805' data-av_iconfont='entypo-fontello' title='' data-avia-related-tooltip='Compartir por correo'><span class='avia_hidden_link_text'>Compartir por correo<\/span><\/a><\/li><\/ul><\/div><\/div>\n<div  style='height:50px' class='hr hr-invisible   avia-builder-el-8  el_after_av_social_share  el_before_av_comments_list '><span class='hr-inner ' ><span class='hr-inner-style'><\/span><\/span><\/div>\n<div  class='av-buildercomment  av-blog-meta-html-info-disabled av-blog-meta-tag-disabled  '><\/div>\n","protected":false},"excerpt":{"rendered":"","protected":false},"author":1,"featured_media":48481,"comment_status":"open","ping_status":"open","sticky":false,"template":"","format":"standard","meta":{"footnotes":""},"categories":[54],"tags":[],"class_list":["post-48480","post","type-post","status-publish","format-standard","has-post-thumbnail","hentry","category-turismo"],"jetpack_featured_media_url":"https:\/\/radiorevelacionfm.cl\/wp-content\/uploads\/2024\/12\/pernoctaciones-1-1_optimized-1.jpg","_links":{"self":[{"href":"https:\/\/radiorevelacionfm.cl\/index.php?rest_route=\/wp\/v2\/posts\/48480","targetHints":{"allow":["GET"]}}],"collection":[{"href":"https:\/\/radiorevelacionfm.cl\/index.php?rest_route=\/wp\/v2\/posts"}],"about":[{"href":"https:\/\/radiorevelacionfm.cl\/index.php?rest_route=\/wp\/v2\/types\/post"}],"author":[{"embeddable":true,"href":"https:\/\/radiorevelacionfm.cl\/index.php?rest_route=\/wp\/v2\/users\/1"}],"replies":[{"embeddable":true,"href":"https:\/\/radiorevelacionfm.cl\/index.php?rest_route=%2Fwp%2Fv2%2Fcomments&post=48480"}],"version-history":[{"count":1,"href":"https:\/\/radiorevelacionfm.cl\/index.php?rest_route=\/wp\/v2\/posts\/48480\/revisions"}],"predecessor-version":[{"id":48482,"href":"https:\/\/radiorevelacionfm.cl\/index.php?rest_route=\/wp\/v2\/posts\/48480\/revisions\/48482"}],"wp:featuredmedia":[{"embeddable":true,"href":"https:\/\/radiorevelacionfm.cl\/index.php?rest_route=\/wp\/v2\/media\/48481"}],"wp:attachment":[{"href":"https:\/\/radiorevelacionfm.cl\/index.php?rest_route=%2Fwp%2Fv2%2Fmedia&parent=48480"}],"wp:term":[{"taxonomy":"category","embeddable":true,"href":"https:\/\/radiorevelacionfm.cl\/index.php?rest_route=%2Fwp%2Fv2%2Fcategories&post=48480"},{"taxonomy":"post_tag","embeddable":true,"href":"https:\/\/radiorevelacionfm.cl\/index.php?rest_route=%2Fwp%2Fv2%2Ftags&post=48480"}],"curies":[{"name":"wp","href":"https:\/\/api.w.org\/{rel}","templated":true}]}}