{"id":48471,"date":"2024-12-03T13:10:12","date_gmt":"2024-12-03T16:10:12","guid":{"rendered":"https:\/\/radiorevelacionfm.cl\/?p=48471"},"modified":"2024-12-03T13:10:12","modified_gmt":"2024-12-03T16:10:12","slug":"nuevo-proyecto-de-seguridad-publica-en-aysen-convertira-central-de-camaras-en-una-de-las-mas-grandes-de-la-zona-sur","status":"publish","type":"post","link":"https:\/\/radiorevelacionfm.cl\/?p=48471","title":{"rendered":"Nuevo proyecto de Seguridad Publica en Ays\u00e9n convertir\u00e1 central de c\u00e1maras en una de las m\u00e1s grandes de la zona sur"},"content":{"rendered":"<div class=\"flex_column av_one_full  flex_column_div av-zero-column-padding first  avia-builder-el-0  el_before_av_one_full  avia-builder-el-first  \" style='border-radius:0px; '><div  class='avia-image-container  av-styling-    avia-builder-el-1  avia-builder-el-no-sibling  avia-align-center '  itemprop=\"image\" itemscope=\"itemscope\" itemtype=\"https:\/\/schema.org\/ImageObject\"  ><div class='avia-image-container-inner'><div class='avia-image-overlay-wrap'><img decoding=\"async\" class='wp-image-48472 avia-img-lazy-loading-not-48472 avia_image' src=\"https:\/\/radiorevelacionfm.cl\/wp-content\/uploads\/2024\/12\/camara-2-archivo-1_optimized.jpg\" alt='' title='camara-2-archivo-(1)_optimized' height=\"600\" width=\"1067\"  itemprop=\"thumbnailUrl\" srcset=\"https:\/\/radiorevelacionfm.cl\/wp-content\/uploads\/2024\/12\/camara-2-archivo-1_optimized.jpg 1067w, https:\/\/radiorevelacionfm.cl\/wp-content\/uploads\/2024\/12\/camara-2-archivo-1_optimized-300x169.jpg 300w, https:\/\/radiorevelacionfm.cl\/wp-content\/uploads\/2024\/12\/camara-2-archivo-1_optimized-1030x579.jpg 1030w, https:\/\/radiorevelacionfm.cl\/wp-content\/uploads\/2024\/12\/camara-2-archivo-1_optimized-768x432.jpg 768w, https:\/\/radiorevelacionfm.cl\/wp-content\/uploads\/2024\/12\/camara-2-archivo-1_optimized-705x396.jpg 705w, https:\/\/radiorevelacionfm.cl\/wp-content\/uploads\/2024\/12\/camara-2-archivo-1_optimized-450x253.jpg 450w, https:\/\/radiorevelacionfm.cl\/wp-content\/uploads\/2024\/12\/camara-2-archivo-1_optimized-600x337.jpg 600w\" sizes=\"(max-width: 1067px) 100vw, 1067px\" \/><\/div><\/div><\/div><\/div><div class=\"flex_column av_one_full  flex_column_div av-zero-column-padding first  avia-builder-el-2  el_after_av_one_full  el_before_av_one_full  column-top-margin\" style='border-radius:0px; '><section class=\"av_textblock_section \"  itemscope=\"itemscope\" itemtype=\"https:\/\/schema.org\/BlogPosting\" itemprop=\"blogPost\" ><div class='avia_textblock  '   itemprop=\"text\" ><p style=\"text-align: center;\"><strong><span style=\"font-size: 18pt;\">Nuevo proyecto de Seguridad Publica en Ays\u00e9n convertir\u00e1 central de c\u00e1maras en una de las m\u00e1s grandes de la zona sur<\/span><\/strong><\/p>\n<div id=\"gtx-trans\" style=\"position: absolute; left: -50px; top: 4.31534px;\">\n<div class=\"gtx-trans-icon\"><\/div>\n<\/div>\n<\/div><\/section><\/div><div class=\"flex_column av_one_full  flex_column_div av-zero-column-padding first  avia-builder-el-4  el_after_av_one_full  el_before_av_hr  column-top-margin\" style='border-radius:0px; '><section class=\"av_textblock_section \"  itemscope=\"itemscope\" itemtype=\"https:\/\/schema.org\/BlogPosting\" itemprop=\"blogPost\" ><div class='avia_textblock  '   itemprop=\"text\" ><p style=\"text-align: justify;\"><em>Adem\u00e1s de Puerto Ays\u00e9n, ahora, Puerto Chacabuco y Ma\u00f1ihuales tambi\u00e9n contar\u00e1n con c\u00e1maras de televigilancia.<\/em><\/p>\n<p style=\"text-align: justify;\">La Direcci\u00f3n de Seguridad P\u00fablica Municipal de Ays\u00e9n se ha adjudicado un nuevo proyecto por 50 millones de pesos, iniciativa que vendr\u00e1 a reformar la central de televigilancia que ya poseen y que permite cubrir gran parte de la ciudad de Puerto Ays\u00e9n.<\/p>\n<p style=\"text-align: justify;\">Ahora, la novedad es que, junto con sumar nuevas c\u00e1maras en la porte\u00f1a ciudad, tambi\u00e9n, se instalar\u00e1n estos modernos art\u00edculos, de alta definici\u00f3n y alcance en las localidades de Puerto Chacabuco y Villa Ma\u00f1ihuales.<\/p>\n<p style=\"text-align: justify;\">El proyecto ser\u00e1 financiado por la Subsecretaria de Prevenci\u00f3n del Delito, tal como lo inform\u00f3 el director de seguridad p\u00fablica, Marco Co\u00f1uecar.<\/p>\n<p style=\"text-align: justify;\">\u201cSe ha aprobado nuestro proyecto del sistema nacional de seguridad municipal, financiado por la Subsecretaria de Prevenci\u00f3n del Delito, son 50 millones de pesos, que hoy en d\u00eda se dio luz verde para que comencemos la ejecuci\u00f3n, son 30 c\u00e1maras de televigilancia, que van a ser muy importantes. Hoy somos la central de c\u00e1maras m\u00e1s grande de la regi\u00f3n y con estas c\u00e1maras que se va a integrar prontamente, nos vamos a transformar en una de las centrales m\u00e1s grande de la zona sur\u201d.<\/p>\n<p style=\"text-align: justify;\">Al lograr esta iniciativa, el director de seguridad publica en Ays\u00e9n, resalt\u00f3 el trabajo de la proyectista que existe en su equipo de trabajo y la extensi\u00f3n que tendr\u00e1 el proyecto.<\/p>\n<p style=\"text-align: justify;\">\u201cAgradecer al equipo, agradecer a nuestra proyectista, porque es un esfuerzo de ella junto al equipo municipal. Enfatiza la gran noticia de que estas c\u00e1maras no solo ser\u00e1n instaladas en Puerto Ays\u00e9n, sino que tambi\u00e9n, vamos a tener en Puerto Chacabuco y en Villa Ma\u00f1ihuales, que era un compromiso. As\u00ed es que, hoy puedo dar esta gran noticia de que, tenemos los recursos, hoy se nos inform\u00f3 la aprobaci\u00f3n de este proyecto por 50 millones de pesos, que va a dar alegr\u00eda, confianza y m\u00e1s seguridad a los vecinos\u201d.<\/p>\n<p style=\"text-align: justify;\">Destacar que en la actualidad la central de c\u00e1maras de televigilancia de la direcci\u00f3n de seguridad p\u00fablica municipal, ha podido aportar importantes pruebas audiovisuales a las polic\u00edas y al Ministerio Publico, que han permitido esclarecer varios delitos y hechos cometidos en Puerto Ays\u00e9n.<\/p>\n<\/div><\/section><\/div><div  style='height:50px' class='hr hr-invisible   avia-builder-el-6  el_after_av_one_full  el_before_av_social_share '><span class='hr-inner ' ><span class='hr-inner-style'><\/span><\/span><\/div><\/p>\n<div  class='av-social-sharing-box  avia-builder-el-7  el_after_av_hr  el_before_av_hr  '><div class='av-share-box'><h5 class='av-share-link-description av-no-toc '>Compartir esta noticia<\/h5><ul class='av-share-box-list noLightbox'><li class='av-share-link av-social-link-facebook' ><a target=\"_blank\" aria-label=\"Compartir en Facebook\" href='https:\/\/www.facebook.com\/sharer.php?u=https:\/\/radiorevelacionfm.cl\/?p=48471&#038;t=Nuevo%20proyecto%20de%20Seguridad%20Publica%20en%20Ays%C3%A9n%20convertir%C3%A1%20central%20de%20c%C3%A1maras%20en%20una%20de%20las%20m%C3%A1s%20grandes%20de%20la%20zona%20sur' aria-hidden='false' data-av_icon='\ue8f3' data-av_iconfont='entypo-fontello' title='' data-avia-related-tooltip='Compartir en Facebook' rel=\"noopener\"><span class='avia_hidden_link_text'>Compartir en Facebook<\/span><\/a><\/li><li class='av-share-link av-social-link-twitter' ><a target=\"_blank\" aria-label=\"Compartir en Twitter\" href='https:\/\/twitter.com\/share?text=Nuevo%20proyecto%20de%20Seguridad%20Publica%20en%20Ays%C3%A9n%20convertir%C3%A1%20central%20de%20c%C3%A1maras%20en%20una%20de%20las%20m%C3%A1s%20grandes%20de%20la%20zona%20sur&#038;url=https:\/\/radiorevelacionfm.cl\/?p=48471' aria-hidden='false' data-av_icon='\ue8f1' data-av_iconfont='entypo-fontello' title='' data-avia-related-tooltip='Compartir en Twitter' rel=\"noopener\"><span class='avia_hidden_link_text'>Compartir en Twitter<\/span><\/a><\/li><li class='av-share-link av-social-link-whatsapp' ><a target=\"_blank\" aria-label=\"Compartir en Whatsapp\" href='https:\/\/api.whatsapp.com\/send?text=https:\/\/radiorevelacionfm.cl\/?p=48471' aria-hidden='false' data-av_icon='\uf232' data-av_iconfont='entypo-fontello' title='' data-avia-related-tooltip='Compartir en Whatsapp' rel=\"noopener\"><span class='avia_hidden_link_text'>Compartir en Whatsapp<\/span><\/a><\/li><li class='av-share-link av-social-link-linkedin' ><a target=\"_blank\" aria-label=\"Compartir en LinkedIn\" href='https:\/\/linkedin.com\/shareArticle?mini=true&#038;title=Nuevo%20proyecto%20de%20Seguridad%20Publica%20en%20Ays%C3%A9n%20convertir%C3%A1%20central%20de%20c%C3%A1maras%20en%20una%20de%20las%20m%C3%A1s%20grandes%20de%20la%20zona%20sur&#038;url=https:\/\/radiorevelacionfm.cl\/?p=48471' aria-hidden='false' data-av_icon='\ue8fc' data-av_iconfont='entypo-fontello' title='' data-avia-related-tooltip='Compartir en LinkedIn' rel=\"noopener\"><span class='avia_hidden_link_text'>Compartir en LinkedIn<\/span><\/a><\/li><li class='av-share-link av-social-link-mail' ><a  aria-label=\"Compartir por correo\" href='mailto:?subject=Nuevo%20proyecto%20de%20Seguridad%20Publica%20en%20Ays%C3%A9n%20convertir%C3%A1%20central%20de%20c%C3%A1maras%20en%20una%20de%20las%20m%C3%A1s%20grandes%20de%20la%20zona%20sur&#038;body=https:\/\/radiorevelacionfm.cl\/?p=48471' aria-hidden='false' data-av_icon='\ue805' data-av_iconfont='entypo-fontello' title='' data-avia-related-tooltip='Compartir por correo'><span class='avia_hidden_link_text'>Compartir por correo<\/span><\/a><\/li><\/ul><\/div><\/div>\n<div  style='height:50px' class='hr hr-invisible   avia-builder-el-8  el_after_av_social_share  el_before_av_comments_list '><span class='hr-inner ' ><span class='hr-inner-style'><\/span><\/span><\/div>\n<div  class='av-buildercomment  av-blog-meta-html-info-disabled av-blog-meta-tag-disabled  '><\/div>\n","protected":false},"excerpt":{"rendered":"","protected":false},"author":1,"featured_media":48472,"comment_status":"open","ping_status":"open","sticky":false,"template":"","format":"standard","meta":{"footnotes":""},"categories":[38],"tags":[],"class_list":["post-48471","post","type-post","status-publish","format-standard","has-post-thumbnail","hentry","category-regional"],"jetpack_featured_media_url":"https:\/\/radiorevelacionfm.cl\/wp-content\/uploads\/2024\/12\/camara-2-archivo-1_optimized.jpg","_links":{"self":[{"href":"https:\/\/radiorevelacionfm.cl\/index.php?rest_route=\/wp\/v2\/posts\/48471","targetHints":{"allow":["GET"]}}],"collection":[{"href":"https:\/\/radiorevelacionfm.cl\/index.php?rest_route=\/wp\/v2\/posts"}],"about":[{"href":"https:\/\/radiorevelacionfm.cl\/index.php?rest_route=\/wp\/v2\/types\/post"}],"author":[{"embeddable":true,"href":"https:\/\/radiorevelacionfm.cl\/index.php?rest_route=\/wp\/v2\/users\/1"}],"replies":[{"embeddable":true,"href":"https:\/\/radiorevelacionfm.cl\/index.php?rest_route=%2Fwp%2Fv2%2Fcomments&post=48471"}],"version-history":[{"count":1,"href":"https:\/\/radiorevelacionfm.cl\/index.php?rest_route=\/wp\/v2\/posts\/48471\/revisions"}],"predecessor-version":[{"id":48473,"href":"https:\/\/radiorevelacionfm.cl\/index.php?rest_route=\/wp\/v2\/posts\/48471\/revisions\/48473"}],"wp:featuredmedia":[{"embeddable":true,"href":"https:\/\/radiorevelacionfm.cl\/index.php?rest_route=\/wp\/v2\/media\/48472"}],"wp:attachment":[{"href":"https:\/\/radiorevelacionfm.cl\/index.php?rest_route=%2Fwp%2Fv2%2Fmedia&parent=48471"}],"wp:term":[{"taxonomy":"category","embeddable":true,"href":"https:\/\/radiorevelacionfm.cl\/index.php?rest_route=%2Fwp%2Fv2%2Fcategories&post=48471"},{"taxonomy":"post_tag","embeddable":true,"href":"https:\/\/radiorevelacionfm.cl\/index.php?rest_route=%2Fwp%2Fv2%2Ftags&post=48471"}],"curies":[{"name":"wp","href":"https:\/\/api.w.org\/{rel}","templated":true}]}}