{"id":48469,"date":"2024-12-03T16:09:08","date_gmt":"2024-12-03T19:09:08","guid":{"rendered":"https:\/\/radiorevelacionfm.cl\/?p=48469"},"modified":"2024-12-03T16:09:08","modified_gmt":"2024-12-03T19:09:08","slug":"diputada-raphael-oficia-a-municipios-de-aysen-para-transparentar-uso-de-recursos-del-royalty-minero","status":"publish","type":"post","link":"https:\/\/radiorevelacionfm.cl\/?p=48469","title":{"rendered":"Diputada Raphael oficia a municipios de Ays\u00e9n para transparentar uso de recursos del royalty minero"},"content":{"rendered":"<div class=\"flex_column av_one_full  flex_column_div av-zero-column-padding first  avia-builder-el-0  el_before_av_one_full  avia-builder-el-first  \" style='border-radius:0px; '><div  class='avia-image-container  av-styling-    avia-builder-el-1  avia-builder-el-no-sibling  avia-align-center '  itemprop=\"image\" itemscope=\"itemscope\" itemtype=\"https:\/\/schema.org\/ImageObject\"  ><div class='avia-image-container-inner'><div class='avia-image-overlay-wrap'><img decoding=\"async\" class='wp-image-47980 avia-img-lazy-loading-not-47980 avia_image' src=\"https:\/\/radiorevelacionfm.cl\/wp-content\/uploads\/2024\/11\/Foto-diputada-MRM-1-1.jpeg\" alt='' title='Foto diputada MRM (1) (1)' height=\"600\" width=\"884\"  itemprop=\"thumbnailUrl\" srcset=\"https:\/\/radiorevelacionfm.cl\/wp-content\/uploads\/2024\/11\/Foto-diputada-MRM-1-1.jpeg 884w, https:\/\/radiorevelacionfm.cl\/wp-content\/uploads\/2024\/11\/Foto-diputada-MRM-1-1-300x204.jpeg 300w, https:\/\/radiorevelacionfm.cl\/wp-content\/uploads\/2024\/11\/Foto-diputada-MRM-1-1-768x521.jpeg 768w, https:\/\/radiorevelacionfm.cl\/wp-content\/uploads\/2024\/11\/Foto-diputada-MRM-1-1-705x479.jpeg 705w, https:\/\/radiorevelacionfm.cl\/wp-content\/uploads\/2024\/11\/Foto-diputada-MRM-1-1-450x305.jpeg 450w, https:\/\/radiorevelacionfm.cl\/wp-content\/uploads\/2024\/11\/Foto-diputada-MRM-1-1-600x407.jpeg 600w\" sizes=\"(max-width: 884px) 100vw, 884px\" \/><\/div><\/div><\/div><\/div><div class=\"flex_column av_one_full  flex_column_div av-zero-column-padding first  avia-builder-el-2  el_after_av_one_full  el_before_av_one_full  column-top-margin\" style='border-radius:0px; '><section class=\"av_textblock_section \"  itemscope=\"itemscope\" itemtype=\"https:\/\/schema.org\/BlogPosting\" itemprop=\"blogPost\" ><div class='avia_textblock  '   itemprop=\"text\" ><p style=\"text-align: center;\"><strong><span style=\"font-size: 18pt;\">Diputada Raphael oficia a municipios de Ays\u00e9n para transparentar uso de recursos del royalty minero<\/span><\/strong><\/p>\n<div id=\"gtx-trans\" style=\"position: absolute; left: -50px; top: 4.31534px;\">\n<div class=\"gtx-trans-icon\"><\/div>\n<\/div>\n<\/div><\/section><\/div><div class=\"flex_column av_one_full  flex_column_div av-zero-column-padding first  avia-builder-el-4  el_after_av_one_full  el_before_av_hr  column-top-margin\" style='border-radius:0px; '><section class=\"av_textblock_section \"  itemscope=\"itemscope\" itemtype=\"https:\/\/schema.org\/BlogPosting\" itemprop=\"blogPost\" ><div class='avia_textblock  '   itemprop=\"text\" ><p style=\"text-align: justify;\">La diputada Marcia Raphael (RN), representante de la Regi\u00f3n de Ays\u00e9n, ofici\u00f3 a los 10 municipios de la zona para conocer en detalle c\u00f3mo se han invertido los recursos provenientes del royalty minero entregados este a\u00f1o. Estos fondos, que ascienden a $1.377 millones, provienen de impuestos a la miner\u00eda y est\u00e1n destinados a fortalecer iniciativas locales en \u00e1reas clave.<\/p>\n<p style=\"text-align: justify;\">La parlamentaria subray\u00f3 la importancia de que la ciudadan\u00eda tenga claridad sobre el destino de estos recursos: \u00abEs fundamental que la comunidad sepa en qu\u00e9 \u00e1reas se han invertido los recursos del royalty minero. Nuestra regi\u00f3n enfrenta m\u00faltiples desaf\u00edos, y estos fondos son esenciales para mejorar la calidad de vida de los habitantes de cada una de las comunas de nuestra regi\u00f3n\u201d.<\/p>\n<p style=\"text-align: justify;\">En la misma l\u00ednea, agreg\u00f3: \u00abAsegurar el uso adecuado de estos recursos en funci\u00f3n de las reales necesidades de las comunidades es fundamental, especialmente ahora, que tendremos en varias comunas cambios de administraci\u00f3n. Por eso, insisto, que es necesario saber el destino de estos fondos y que la ciudadan\u00eda est\u00e9 informada\u00bb.<\/p>\n<p style=\"text-align: justify;\">Finalmente, la legisladora hizo un llamado a los alcaldes que asumir\u00e1n sus funciones pr\u00f3ximamente prioricen proyectos que impacten positivamente en las comunas de Ays\u00e9n.<\/p>\n<p style=\"text-align: justify;\">\u201cEspero que estos recursos sean utilizados de manera eficiente y directamente en beneficio de las personas. Es clave que los nuevos alcaldes, que asumir\u00e1n el 6 de diciembre, den continuidad a las inversiones ya realizadas y prioricen proyectos que realmente impacten en la calidad de vida de nuestras comunidades en Ays\u00e9n\u00bb, destac\u00f3 la diputada Raphael.<\/p>\n<\/div><\/section><\/div><div  style='height:50px' class='hr hr-invisible   avia-builder-el-6  el_after_av_one_full  el_before_av_social_share '><span class='hr-inner ' ><span class='hr-inner-style'><\/span><\/span><\/div><\/p>\n<div  class='av-social-sharing-box  avia-builder-el-7  el_after_av_hr  el_before_av_hr  '><div class='av-share-box'><h5 class='av-share-link-description av-no-toc '>Compartir esta noticia<\/h5><ul class='av-share-box-list noLightbox'><li class='av-share-link av-social-link-facebook' ><a target=\"_blank\" aria-label=\"Compartir en Facebook\" href='https:\/\/www.facebook.com\/sharer.php?u=https:\/\/radiorevelacionfm.cl\/?p=48469&#038;t=Diputada%20Raphael%20oficia%20a%20municipios%20de%20Ays%C3%A9n%20para%20transparentar%20uso%20de%20recursos%20del%20royalty%20minero' aria-hidden='false' data-av_icon='\ue8f3' data-av_iconfont='entypo-fontello' title='' data-avia-related-tooltip='Compartir en Facebook' rel=\"noopener\"><span class='avia_hidden_link_text'>Compartir en Facebook<\/span><\/a><\/li><li class='av-share-link av-social-link-twitter' ><a target=\"_blank\" aria-label=\"Compartir en Twitter\" href='https:\/\/twitter.com\/share?text=Diputada%20Raphael%20oficia%20a%20municipios%20de%20Ays%C3%A9n%20para%20transparentar%20uso%20de%20recursos%20del%20royalty%20minero&#038;url=https:\/\/radiorevelacionfm.cl\/?p=48469' aria-hidden='false' data-av_icon='\ue8f1' data-av_iconfont='entypo-fontello' title='' data-avia-related-tooltip='Compartir en Twitter' rel=\"noopener\"><span class='avia_hidden_link_text'>Compartir en Twitter<\/span><\/a><\/li><li class='av-share-link av-social-link-whatsapp' ><a target=\"_blank\" aria-label=\"Compartir en Whatsapp\" href='https:\/\/api.whatsapp.com\/send?text=https:\/\/radiorevelacionfm.cl\/?p=48469' aria-hidden='false' data-av_icon='\uf232' data-av_iconfont='entypo-fontello' title='' data-avia-related-tooltip='Compartir en Whatsapp' rel=\"noopener\"><span class='avia_hidden_link_text'>Compartir en Whatsapp<\/span><\/a><\/li><li class='av-share-link av-social-link-linkedin' ><a target=\"_blank\" aria-label=\"Compartir en LinkedIn\" href='https:\/\/linkedin.com\/shareArticle?mini=true&#038;title=Diputada%20Raphael%20oficia%20a%20municipios%20de%20Ays%C3%A9n%20para%20transparentar%20uso%20de%20recursos%20del%20royalty%20minero&#038;url=https:\/\/radiorevelacionfm.cl\/?p=48469' aria-hidden='false' data-av_icon='\ue8fc' data-av_iconfont='entypo-fontello' title='' data-avia-related-tooltip='Compartir en LinkedIn' rel=\"noopener\"><span class='avia_hidden_link_text'>Compartir en LinkedIn<\/span><\/a><\/li><li class='av-share-link av-social-link-mail' ><a  aria-label=\"Compartir por correo\" href='mailto:?subject=Diputada%20Raphael%20oficia%20a%20municipios%20de%20Ays%C3%A9n%20para%20transparentar%20uso%20de%20recursos%20del%20royalty%20minero&#038;body=https:\/\/radiorevelacionfm.cl\/?p=48469' aria-hidden='false' data-av_icon='\ue805' data-av_iconfont='entypo-fontello' title='' data-avia-related-tooltip='Compartir por correo'><span class='avia_hidden_link_text'>Compartir por correo<\/span><\/a><\/li><\/ul><\/div><\/div>\n<div  style='height:50px' class='hr hr-invisible   avia-builder-el-8  el_after_av_social_share  el_before_av_comments_list '><span class='hr-inner ' ><span class='hr-inner-style'><\/span><\/span><\/div>\n<div  class='av-buildercomment  av-blog-meta-html-info-disabled av-blog-meta-tag-disabled  '><\/div>\n","protected":false},"excerpt":{"rendered":"","protected":false},"author":1,"featured_media":47980,"comment_status":"open","ping_status":"open","sticky":false,"template":"","format":"standard","meta":{"footnotes":""},"categories":[35],"tags":[],"class_list":["post-48469","post","type-post","status-publish","format-standard","has-post-thumbnail","hentry","category-politica"],"jetpack_featured_media_url":"https:\/\/radiorevelacionfm.cl\/wp-content\/uploads\/2024\/11\/Foto-diputada-MRM-1-1.jpeg","_links":{"self":[{"href":"https:\/\/radiorevelacionfm.cl\/index.php?rest_route=\/wp\/v2\/posts\/48469","targetHints":{"allow":["GET"]}}],"collection":[{"href":"https:\/\/radiorevelacionfm.cl\/index.php?rest_route=\/wp\/v2\/posts"}],"about":[{"href":"https:\/\/radiorevelacionfm.cl\/index.php?rest_route=\/wp\/v2\/types\/post"}],"author":[{"embeddable":true,"href":"https:\/\/radiorevelacionfm.cl\/index.php?rest_route=\/wp\/v2\/users\/1"}],"replies":[{"embeddable":true,"href":"https:\/\/radiorevelacionfm.cl\/index.php?rest_route=%2Fwp%2Fv2%2Fcomments&post=48469"}],"version-history":[{"count":1,"href":"https:\/\/radiorevelacionfm.cl\/index.php?rest_route=\/wp\/v2\/posts\/48469\/revisions"}],"predecessor-version":[{"id":48470,"href":"https:\/\/radiorevelacionfm.cl\/index.php?rest_route=\/wp\/v2\/posts\/48469\/revisions\/48470"}],"wp:featuredmedia":[{"embeddable":true,"href":"https:\/\/radiorevelacionfm.cl\/index.php?rest_route=\/wp\/v2\/media\/47980"}],"wp:attachment":[{"href":"https:\/\/radiorevelacionfm.cl\/index.php?rest_route=%2Fwp%2Fv2%2Fmedia&parent=48469"}],"wp:term":[{"taxonomy":"category","embeddable":true,"href":"https:\/\/radiorevelacionfm.cl\/index.php?rest_route=%2Fwp%2Fv2%2Fcategories&post=48469"},{"taxonomy":"post_tag","embeddable":true,"href":"https:\/\/radiorevelacionfm.cl\/index.php?rest_route=%2Fwp%2Fv2%2Ftags&post=48469"}],"curies":[{"name":"wp","href":"https:\/\/api.w.org\/{rel}","templated":true}]}}