{"id":48466,"date":"2024-12-02T21:37:13","date_gmt":"2024-12-03T00:37:13","guid":{"rendered":"https:\/\/radiorevelacionfm.cl\/?p=48466"},"modified":"2024-12-02T21:37:13","modified_gmt":"2024-12-03T00:37:13","slug":"las-letras-pasan-como-los-anos-con-exito-culmina-la-veinteava-feria-del-libro-de-puerto-aysen","status":"publish","type":"post","link":"https:\/\/radiorevelacionfm.cl\/?p=48466","title":{"rendered":"Las letras pasan como los a\u00f1os: Con \u00e9xito culmina la veinteava Feria del Libro de Puerto Ays\u00e9n"},"content":{"rendered":"<div class=\"flex_column av_one_full  flex_column_div av-zero-column-padding first  avia-builder-el-0  el_before_av_one_full  avia-builder-el-first  \" style='border-radius:0px; '><div  class='avia-image-container  av-styling-    avia-builder-el-1  avia-builder-el-no-sibling  avia-align-center '  itemprop=\"image\" itemscope=\"itemscope\" itemtype=\"https:\/\/schema.org\/ImageObject\"  ><div class='avia-image-container-inner'><div class='avia-image-overlay-wrap'><img decoding=\"async\" class='wp-image-48467 avia-img-lazy-loading-not-48467 avia_image' src=\"https:\/\/radiorevelacionfm.cl\/wp-content\/uploads\/2024\/12\/20241130_120729-1_optimized.jpg\" alt='' title='20241130_120729-(1)_optimized' height=\"600\" width=\"800\"  itemprop=\"thumbnailUrl\" srcset=\"https:\/\/radiorevelacionfm.cl\/wp-content\/uploads\/2024\/12\/20241130_120729-1_optimized.jpg 800w, https:\/\/radiorevelacionfm.cl\/wp-content\/uploads\/2024\/12\/20241130_120729-1_optimized-300x225.jpg 300w, https:\/\/radiorevelacionfm.cl\/wp-content\/uploads\/2024\/12\/20241130_120729-1_optimized-768x576.jpg 768w, https:\/\/radiorevelacionfm.cl\/wp-content\/uploads\/2024\/12\/20241130_120729-1_optimized-705x529.jpg 705w, https:\/\/radiorevelacionfm.cl\/wp-content\/uploads\/2024\/12\/20241130_120729-1_optimized-450x338.jpg 450w, https:\/\/radiorevelacionfm.cl\/wp-content\/uploads\/2024\/12\/20241130_120729-1_optimized-600x450.jpg 600w\" sizes=\"(max-width: 800px) 100vw, 800px\" \/><\/div><\/div><\/div><\/div><div class=\"flex_column av_one_full  flex_column_div av-zero-column-padding first  avia-builder-el-2  el_after_av_one_full  el_before_av_one_full  column-top-margin\" style='border-radius:0px; '><section class=\"av_textblock_section \"  itemscope=\"itemscope\" itemtype=\"https:\/\/schema.org\/BlogPosting\" itemprop=\"blogPost\" ><div class='avia_textblock  '   itemprop=\"text\" ><p style=\"text-align: center;\"><strong><span style=\"font-size: 18pt;\">Las letras pasan como los a\u00f1os: Con \u00e9xito culmina la veinteava Feria del Libro de Puerto Ays\u00e9n<\/span><\/strong><\/p>\n<div id=\"gtx-trans\" style=\"position: absolute; left: -50px; top: 4.31534px;\">\n<div class=\"gtx-trans-icon\"><\/div>\n<\/div>\n<\/div><\/section><\/div><div class=\"flex_column av_one_full  flex_column_div av-zero-column-padding first  avia-builder-el-4  el_after_av_one_full  el_before_av_hr  column-top-margin\" style='border-radius:0px; '><section class=\"av_textblock_section \"  itemscope=\"itemscope\" itemtype=\"https:\/\/schema.org\/BlogPosting\" itemprop=\"blogPost\" ><div class='avia_textblock  '   itemprop=\"text\" ><p style=\"text-align: justify;\"><em>Despu\u00e9s de cuatro d\u00edas de acci\u00f3n en la biblioteca p\u00fablica, entre talleres, cuentacuentos, trueques literarios y presentaciones de libros locales termina la fiesta literaria anual en Ays\u00e9n.<\/em><\/p>\n<p style=\"text-align: justify;\">Quince expositores, presentaciones de ocho libros de autores locales, cuentacuentos para ni\u00f1os, talleres de escritura, c\u00f3mics, m\u00fasica e ilustraci\u00f3n; fueron parte de las actividades vistas en la biblioteca de Ays\u00e9n el pasado fin de semana.<\/p>\n<p style=\"text-align: justify;\">Entre los d\u00edas 28 de noviembre y 1 de diciembre la Mesa de Fomento Lector, la municipalidad de Ays\u00e9n, CorpAys\u00e9n y con el apoyo econ\u00f3mico de diez empresas ayseninas hicieron posible la realizaci\u00f3n del evento que atrae a ni\u00f1os, j\u00f3venes, adultos y mayores a conseguir libros y conversar en torno a la literatura.<\/p>\n<p style=\"text-align: justify;\">Cecilia Pino, integrante de la Mesa de Fomento Lector de Ays\u00e9n, dijo estar orgullosa de volver a ser parte de los organizadores de la feria, sobre todo de una tan importante como lo es la n\u00famero veinte que se hace en la ciudad, \u201ccumplir dos d\u00e9cadas de algo es importante siempre, por lo tanto, no pod\u00edamos dejar pasar esta fecha esta edici\u00f3n de la feria sin celebrarla y aprovechando que ya hab\u00edamos hecho la del a\u00f1o pasado, poder repetir esta y ya pensando tambi\u00e9n en una 2025\u201d.<\/p>\n<p style=\"text-align: justify;\">A diferencia de otros a\u00f1os, la feria este a\u00f1o se realiz\u00f3 en las dependencias de la biblioteca p\u00fablica de Ays\u00e9n, cambiando la tradicional Casa de la Cultura como lugar en donde se realizaba este encuentro en a\u00f1os anteriores, hecho que ya hab\u00eda sucedido en el 2023.<\/p>\n<p style=\"text-align: justify;\">\u201cTomamos la experiencia del a\u00f1o pasado, que estuvimos con una carpa afuera, as\u00ed que siempre la intenci\u00f3n ha sido potenciar la biblioteca como un espacio de las personas que gustan de los libros, que quieren fomentar la lectura, quiz\u00e1s en sus hijos o en las personas que est\u00e1n criando. La biblioteca es el lugar donde todos tienen acceso gratis para poder conseguir libros\u201d, explic\u00f3 Cecilia Pino.<\/p>\n<p style=\"text-align: justify;\">Claudio Figueroa, expositor de \u201cLa Librer\u00eda\u201d, explica que m\u00e1s all\u00e1 de ser una jornada para que los negocios de libros, vendan sus art\u00edculos, esto tambi\u00e9n lo hacen para poder acercar a las personas, sobre todo a los j\u00f3venes, al mundo de la lectura.<\/p>\n<p style=\"text-align: justify;\">\u201cNos ha ido s\u00faper bien, como siempre. Nunca nos va mal a nosotros porque al final, independiente de hablar desde finanzas y las de ventas, el tema es la oportunidad de poder conversar con la gente, de ver c\u00f3mo los ni\u00f1os se interesan con los libros cuando viene un pap\u00e1 o una mam\u00e1 con su con sus hijos y ver c\u00f3mo ellos se acercan y ellos mismos escogen los libros, es algo que es impagable, sobre todo cuando hay gente que est\u00e1 reci\u00e9n empezando a leer\u201d, coment\u00f3 Figueroa.<\/p>\n<\/div><\/section><\/div><div  style='height:50px' class='hr hr-invisible   avia-builder-el-6  el_after_av_one_full  el_before_av_social_share '><span class='hr-inner ' ><span class='hr-inner-style'><\/span><\/span><\/div><\/p>\n<div  class='av-social-sharing-box  avia-builder-el-7  el_after_av_hr  el_before_av_hr  '><div class='av-share-box'><h5 class='av-share-link-description av-no-toc '>Compartir esta noticia<\/h5><ul class='av-share-box-list noLightbox'><li class='av-share-link av-social-link-facebook' ><a target=\"_blank\" aria-label=\"Compartir en Facebook\" href='https:\/\/www.facebook.com\/sharer.php?u=https:\/\/radiorevelacionfm.cl\/?p=48466&#038;t=Las%20letras%20pasan%20como%20los%20a%C3%B1os%3A%20Con%20%C3%A9xito%20culmina%20la%20veinteava%20Feria%20del%20Libro%20de%20Puerto%20Ays%C3%A9n' aria-hidden='false' data-av_icon='\ue8f3' data-av_iconfont='entypo-fontello' title='' data-avia-related-tooltip='Compartir en Facebook' rel=\"noopener\"><span class='avia_hidden_link_text'>Compartir en Facebook<\/span><\/a><\/li><li class='av-share-link av-social-link-twitter' ><a target=\"_blank\" aria-label=\"Compartir en Twitter\" href='https:\/\/twitter.com\/share?text=Las%20letras%20pasan%20como%20los%20a%C3%B1os%3A%20Con%20%C3%A9xito%20culmina%20la%20veinteava%20Feria%20del%20Libro%20de%20Puerto%20Ays%C3%A9n&#038;url=https:\/\/radiorevelacionfm.cl\/?p=48466' aria-hidden='false' data-av_icon='\ue8f1' data-av_iconfont='entypo-fontello' title='' data-avia-related-tooltip='Compartir en Twitter' rel=\"noopener\"><span class='avia_hidden_link_text'>Compartir en Twitter<\/span><\/a><\/li><li class='av-share-link av-social-link-whatsapp' ><a target=\"_blank\" aria-label=\"Compartir en Whatsapp\" href='https:\/\/api.whatsapp.com\/send?text=https:\/\/radiorevelacionfm.cl\/?p=48466' aria-hidden='false' data-av_icon='\uf232' data-av_iconfont='entypo-fontello' title='' data-avia-related-tooltip='Compartir en Whatsapp' rel=\"noopener\"><span class='avia_hidden_link_text'>Compartir en Whatsapp<\/span><\/a><\/li><li class='av-share-link av-social-link-linkedin' ><a target=\"_blank\" aria-label=\"Compartir en LinkedIn\" href='https:\/\/linkedin.com\/shareArticle?mini=true&#038;title=Las%20letras%20pasan%20como%20los%20a%C3%B1os%3A%20Con%20%C3%A9xito%20culmina%20la%20veinteava%20Feria%20del%20Libro%20de%20Puerto%20Ays%C3%A9n&#038;url=https:\/\/radiorevelacionfm.cl\/?p=48466' aria-hidden='false' data-av_icon='\ue8fc' data-av_iconfont='entypo-fontello' title='' data-avia-related-tooltip='Compartir en LinkedIn' rel=\"noopener\"><span class='avia_hidden_link_text'>Compartir en LinkedIn<\/span><\/a><\/li><li class='av-share-link av-social-link-mail' ><a  aria-label=\"Compartir por correo\" href='mailto:?subject=Las%20letras%20pasan%20como%20los%20a%C3%B1os%3A%20Con%20%C3%A9xito%20culmina%20la%20veinteava%20Feria%20del%20Libro%20de%20Puerto%20Ays%C3%A9n&#038;body=https:\/\/radiorevelacionfm.cl\/?p=48466' aria-hidden='false' data-av_icon='\ue805' data-av_iconfont='entypo-fontello' title='' data-avia-related-tooltip='Compartir por correo'><span class='avia_hidden_link_text'>Compartir por correo<\/span><\/a><\/li><\/ul><\/div><\/div>\n<div  style='height:50px' class='hr hr-invisible   avia-builder-el-8  el_after_av_social_share  el_before_av_comments_list '><span class='hr-inner ' ><span class='hr-inner-style'><\/span><\/span><\/div>\n<div  class='av-buildercomment  av-blog-meta-html-info-disabled av-blog-meta-tag-disabled  '><\/div>\n","protected":false},"excerpt":{"rendered":"","protected":false},"author":1,"featured_media":48467,"comment_status":"open","ping_status":"open","sticky":false,"template":"","format":"standard","meta":{"footnotes":""},"categories":[38],"tags":[],"class_list":["post-48466","post","type-post","status-publish","format-standard","has-post-thumbnail","hentry","category-regional"],"jetpack_featured_media_url":"https:\/\/radiorevelacionfm.cl\/wp-content\/uploads\/2024\/12\/20241130_120729-1_optimized.jpg","_links":{"self":[{"href":"https:\/\/radiorevelacionfm.cl\/index.php?rest_route=\/wp\/v2\/posts\/48466","targetHints":{"allow":["GET"]}}],"collection":[{"href":"https:\/\/radiorevelacionfm.cl\/index.php?rest_route=\/wp\/v2\/posts"}],"about":[{"href":"https:\/\/radiorevelacionfm.cl\/index.php?rest_route=\/wp\/v2\/types\/post"}],"author":[{"embeddable":true,"href":"https:\/\/radiorevelacionfm.cl\/index.php?rest_route=\/wp\/v2\/users\/1"}],"replies":[{"embeddable":true,"href":"https:\/\/radiorevelacionfm.cl\/index.php?rest_route=%2Fwp%2Fv2%2Fcomments&post=48466"}],"version-history":[{"count":1,"href":"https:\/\/radiorevelacionfm.cl\/index.php?rest_route=\/wp\/v2\/posts\/48466\/revisions"}],"predecessor-version":[{"id":48468,"href":"https:\/\/radiorevelacionfm.cl\/index.php?rest_route=\/wp\/v2\/posts\/48466\/revisions\/48468"}],"wp:featuredmedia":[{"embeddable":true,"href":"https:\/\/radiorevelacionfm.cl\/index.php?rest_route=\/wp\/v2\/media\/48467"}],"wp:attachment":[{"href":"https:\/\/radiorevelacionfm.cl\/index.php?rest_route=%2Fwp%2Fv2%2Fmedia&parent=48466"}],"wp:term":[{"taxonomy":"category","embeddable":true,"href":"https:\/\/radiorevelacionfm.cl\/index.php?rest_route=%2Fwp%2Fv2%2Fcategories&post=48466"},{"taxonomy":"post_tag","embeddable":true,"href":"https:\/\/radiorevelacionfm.cl\/index.php?rest_route=%2Fwp%2Fv2%2Ftags&post=48466"}],"curies":[{"name":"wp","href":"https:\/\/api.w.org\/{rel}","templated":true}]}}