{"id":48463,"date":"2024-12-02T18:12:33","date_gmt":"2024-12-02T21:12:33","guid":{"rendered":"https:\/\/radiorevelacionfm.cl\/?p=48463"},"modified":"2024-12-02T18:12:33","modified_gmt":"2024-12-02T21:12:33","slug":"exito-total-en-el-festival-de-la-morilla-mas-de-700-visitantes-participaron-del-evento-en-villa-ortega","status":"publish","type":"post","link":"https:\/\/radiorevelacionfm.cl\/?p=48463","title":{"rendered":"\u00c9xito total en el Festival de la Morilla: M\u00e1s de 700 visitantes participaron del evento en Villa Ortega"},"content":{"rendered":"<div class=\"flex_column av_one_full  flex_column_div av-zero-column-padding first  avia-builder-el-0  el_before_av_one_full  avia-builder-el-first  \" style='border-radius:0px; '><div  class='avia-image-container  av-styling-    avia-builder-el-1  avia-builder-el-no-sibling  avia-align-center '  itemprop=\"image\" itemscope=\"itemscope\" itemtype=\"https:\/\/schema.org\/ImageObject\"  ><div class='avia-image-container-inner'><div class='avia-image-overlay-wrap'><img decoding=\"async\" class='wp-image-48464 avia-img-lazy-loading-not-48464 avia_image' src=\"https:\/\/radiorevelacionfm.cl\/wp-content\/uploads\/2024\/12\/dscf1045-1_optimized.jpg\" alt='' title='dscf1045-(1)_optimized' height=\"600\" width=\"900\"  itemprop=\"thumbnailUrl\" srcset=\"https:\/\/radiorevelacionfm.cl\/wp-content\/uploads\/2024\/12\/dscf1045-1_optimized.jpg 900w, https:\/\/radiorevelacionfm.cl\/wp-content\/uploads\/2024\/12\/dscf1045-1_optimized-300x200.jpg 300w, https:\/\/radiorevelacionfm.cl\/wp-content\/uploads\/2024\/12\/dscf1045-1_optimized-768x512.jpg 768w, https:\/\/radiorevelacionfm.cl\/wp-content\/uploads\/2024\/12\/dscf1045-1_optimized-705x470.jpg 705w, https:\/\/radiorevelacionfm.cl\/wp-content\/uploads\/2024\/12\/dscf1045-1_optimized-450x300.jpg 450w, https:\/\/radiorevelacionfm.cl\/wp-content\/uploads\/2024\/12\/dscf1045-1_optimized-600x400.jpg 600w\" sizes=\"(max-width: 900px) 100vw, 900px\" \/><\/div><\/div><\/div><\/div><div class=\"flex_column av_one_full  flex_column_div av-zero-column-padding first  avia-builder-el-2  el_after_av_one_full  el_before_av_one_full  column-top-margin\" style='border-radius:0px; '><section class=\"av_textblock_section \"  itemscope=\"itemscope\" itemtype=\"https:\/\/schema.org\/BlogPosting\" itemprop=\"blogPost\" ><div class='avia_textblock  '   itemprop=\"text\" ><p style=\"text-align: center;\"><strong><span style=\"font-size: 18pt;\">\u00c9xito total en el Festival de la Morilla: M\u00e1s de 700 visitantes participaron del evento en Villa Ortega<\/span><\/strong><\/p>\n<div id=\"gtx-trans\" style=\"position: absolute; left: -50px; top: 4.31534px;\">\n<div class=\"gtx-trans-icon\"><\/div>\n<\/div>\n<\/div><\/section><\/div><div class=\"flex_column av_one_full  flex_column_div av-zero-column-padding first  avia-builder-el-4  el_after_av_one_full  el_before_av_hr  column-top-margin\" style='border-radius:0px; '><section class=\"av_textblock_section \"  itemscope=\"itemscope\" itemtype=\"https:\/\/schema.org\/BlogPosting\" itemprop=\"blogPost\" ><div class='avia_textblock  '   itemprop=\"text\" ><p style=\"text-align: justify;\"><em>El pasado s\u00e1bado 30 de noviembre, el campo de jineteadas de Villa Ortega fue escenario del Festival de la Morilla, un evento que destac\u00f3 por su combinaci\u00f3n de ciencia, patrimonio cultural, arte y gastronom\u00eda. Con m\u00e1s de 700 asistentes, esta jornada reafirm\u00f3 la importancia de este espacio como punto de encuentro para la comunidad regional.<\/em><\/p>\n<p style=\"text-align: justify;\">El Festival de la Morilla incluy\u00f3 charlas cient\u00edficas y conversatorios con instituciones p\u00fablicas, destac\u00e1ndose la presencia de Deysi Rubilar, directora del Fondo de Innovaci\u00f3n Agraria (FIA). Adem\u00e1s, se presentaron iniciativas como el Fondart Regional 2024 \u201cAgentes Culturales del Valle del Emperador Guillermo\u201d dirigido por Catalina Correa y el proyecto de puesta en valor del oficio de recolecci\u00f3n, dirigido por Felipe Soza, financiado por el Fondo del Patrimonio.<\/p>\n<p style=\"text-align: justify;\">La Asociaci\u00f3n de Ingenieros Forestales por el Bosque Nativo (AIFBN), a trav\u00e9s de su Cap\u00edtulo Patagonia, ha tenido un rol hist\u00f3rico en el desarrollo del festival desde sus inicios hace 10 a\u00f1os. Este a\u00f1o, su contribuci\u00f3n se materializ\u00f3 nuevamente con el apoyo del ingeniero forestal Marcelo Sanhueza, acad\u00e9mico de la Universidad de Ays\u00e9n. Sanhueza desempe\u00f1\u00f3 un papel clave en la coordinaci\u00f3n de actividades cient\u00edficas y la divulgaci\u00f3n de iniciativas p\u00fablico-privadas, reafirmando su compromiso con el \u00e9xito de la actividad.<\/p>\n<p style=\"text-align: justify;\">El festival ofreci\u00f3 21 presentaciones art\u00edsticas de m\u00fasica y danza, abarcando g\u00e9neros como cueca, chacarera, ska, reggae, cumbia, punk, metal, hip hop y danzas tribales y afro. La diversidad art\u00edstica se complement\u00f3 con m\u00e1s de 20 stands de emprendedores locales y 10 puestos de comida, que ofrecieron desde opciones tradicionales hasta alternativas veganas, junto con una destacada variedad de cervezas artesanales de la regi\u00f3n.<\/p>\n<p style=\"text-align: justify;\">Marcela Ag\u00fcero, productora del festival y oriunda de Villa Ortega, destac\u00f3: <em>\u00abEsta es una importante actividad que potencia a Villa Ortega y la comuna de Coyhaique como un foco donde convergen arte, ciencia y gastronom\u00eda, fortaleciendo igualmente la econom\u00eda local y la soberan\u00eda alimentaria\u00bb.<\/em><\/p>\n<p style=\"text-align: justify;\">Por su parte, Macarena Aguilar, presidenta de la organizaci\u00f3n Mi Taller Che, enfatiz\u00f3: <em>\u00abPara nosotras, como organizaci\u00f3n gestora de este festival, es un orgullo lo que vivimos el s\u00e1bado pasado. Poder mantener este festival por 10 a\u00f1os es un trabajo que no podr\u00eda ser posible sin el compromiso de cada una de nuestras integrantes\u00bb.<\/em><\/p>\n<p style=\"text-align: justify;\">El Festival de la Morilla fue posible gracias al financiamiento de la Municipalidad de Coyhaique, a trav\u00e9s de FICOY, y la asignaci\u00f3n directa del Gobierno Regional de Ays\u00e9n.<\/p>\n<p style=\"text-align: justify;\">La actividad no solo reuni\u00f3 a la comunidad en torno a la cultura, la ciencia y el arte, sino que tambi\u00e9n gener\u00f3 un impacto econ\u00f3mico significativo para los habitantes de Villa Ortega, fortaleciendo el turismo cultural y los emprendimientos locales.<\/p>\n<p style=\"text-align: justify;\">El Festival de la Morilla se consolida como un evento clave para la regi\u00f3n, donde convergen ciencia, arte y gastronom\u00eda, en beneficio de toda la comunidad.<\/p>\n<\/div><\/section><\/div><div  style='height:50px' class='hr hr-invisible   avia-builder-el-6  el_after_av_one_full  el_before_av_social_share '><span class='hr-inner ' ><span class='hr-inner-style'><\/span><\/span><\/div><\/p>\n<div  class='av-social-sharing-box  avia-builder-el-7  el_after_av_hr  el_before_av_hr  '><div class='av-share-box'><h5 class='av-share-link-description av-no-toc '>Compartir esta noticia<\/h5><ul class='av-share-box-list noLightbox'><li class='av-share-link av-social-link-facebook' ><a target=\"_blank\" aria-label=\"Compartir en Facebook\" href='https:\/\/www.facebook.com\/sharer.php?u=https:\/\/radiorevelacionfm.cl\/?p=48463&#038;t=%C3%89xito%20total%20en%20el%20Festival%20de%20la%20Morilla%3A%20M%C3%A1s%20de%20700%20visitantes%20participaron%20del%20evento%20en%20Villa%20Ortega' aria-hidden='false' data-av_icon='\ue8f3' data-av_iconfont='entypo-fontello' title='' data-avia-related-tooltip='Compartir en Facebook' rel=\"noopener\"><span class='avia_hidden_link_text'>Compartir en Facebook<\/span><\/a><\/li><li class='av-share-link av-social-link-twitter' ><a target=\"_blank\" aria-label=\"Compartir en Twitter\" href='https:\/\/twitter.com\/share?text=%C3%89xito%20total%20en%20el%20Festival%20de%20la%20Morilla%3A%20M%C3%A1s%20de%20700%20visitantes%20participaron%20del%20evento%20en%20Villa%20Ortega&#038;url=https:\/\/radiorevelacionfm.cl\/?p=48463' aria-hidden='false' data-av_icon='\ue8f1' data-av_iconfont='entypo-fontello' title='' data-avia-related-tooltip='Compartir en Twitter' rel=\"noopener\"><span class='avia_hidden_link_text'>Compartir en Twitter<\/span><\/a><\/li><li class='av-share-link av-social-link-whatsapp' ><a target=\"_blank\" aria-label=\"Compartir en Whatsapp\" href='https:\/\/api.whatsapp.com\/send?text=https:\/\/radiorevelacionfm.cl\/?p=48463' aria-hidden='false' data-av_icon='\uf232' data-av_iconfont='entypo-fontello' title='' data-avia-related-tooltip='Compartir en Whatsapp' rel=\"noopener\"><span class='avia_hidden_link_text'>Compartir en Whatsapp<\/span><\/a><\/li><li class='av-share-link av-social-link-linkedin' ><a target=\"_blank\" aria-label=\"Compartir en LinkedIn\" href='https:\/\/linkedin.com\/shareArticle?mini=true&#038;title=%C3%89xito%20total%20en%20el%20Festival%20de%20la%20Morilla%3A%20M%C3%A1s%20de%20700%20visitantes%20participaron%20del%20evento%20en%20Villa%20Ortega&#038;url=https:\/\/radiorevelacionfm.cl\/?p=48463' aria-hidden='false' data-av_icon='\ue8fc' data-av_iconfont='entypo-fontello' title='' data-avia-related-tooltip='Compartir en LinkedIn' rel=\"noopener\"><span class='avia_hidden_link_text'>Compartir en LinkedIn<\/span><\/a><\/li><li class='av-share-link av-social-link-mail' ><a  aria-label=\"Compartir por correo\" href='mailto:?subject=%C3%89xito%20total%20en%20el%20Festival%20de%20la%20Morilla%3A%20M%C3%A1s%20de%20700%20visitantes%20participaron%20del%20evento%20en%20Villa%20Ortega&#038;body=https:\/\/radiorevelacionfm.cl\/?p=48463' aria-hidden='false' data-av_icon='\ue805' data-av_iconfont='entypo-fontello' title='' data-avia-related-tooltip='Compartir por correo'><span class='avia_hidden_link_text'>Compartir por correo<\/span><\/a><\/li><\/ul><\/div><\/div>\n<div  style='height:50px' class='hr hr-invisible   avia-builder-el-8  el_after_av_social_share  el_before_av_comments_list '><span class='hr-inner ' ><span class='hr-inner-style'><\/span><\/span><\/div>\n<div  class='av-buildercomment  av-blog-meta-html-info-disabled av-blog-meta-tag-disabled  '><\/div>\n","protected":false},"excerpt":{"rendered":"","protected":false},"author":1,"featured_media":48464,"comment_status":"open","ping_status":"open","sticky":false,"template":"","format":"standard","meta":{"footnotes":""},"categories":[38],"tags":[],"class_list":["post-48463","post","type-post","status-publish","format-standard","has-post-thumbnail","hentry","category-regional"],"jetpack_featured_media_url":"https:\/\/radiorevelacionfm.cl\/wp-content\/uploads\/2024\/12\/dscf1045-1_optimized.jpg","_links":{"self":[{"href":"https:\/\/radiorevelacionfm.cl\/index.php?rest_route=\/wp\/v2\/posts\/48463","targetHints":{"allow":["GET"]}}],"collection":[{"href":"https:\/\/radiorevelacionfm.cl\/index.php?rest_route=\/wp\/v2\/posts"}],"about":[{"href":"https:\/\/radiorevelacionfm.cl\/index.php?rest_route=\/wp\/v2\/types\/post"}],"author":[{"embeddable":true,"href":"https:\/\/radiorevelacionfm.cl\/index.php?rest_route=\/wp\/v2\/users\/1"}],"replies":[{"embeddable":true,"href":"https:\/\/radiorevelacionfm.cl\/index.php?rest_route=%2Fwp%2Fv2%2Fcomments&post=48463"}],"version-history":[{"count":1,"href":"https:\/\/radiorevelacionfm.cl\/index.php?rest_route=\/wp\/v2\/posts\/48463\/revisions"}],"predecessor-version":[{"id":48465,"href":"https:\/\/radiorevelacionfm.cl\/index.php?rest_route=\/wp\/v2\/posts\/48463\/revisions\/48465"}],"wp:featuredmedia":[{"embeddable":true,"href":"https:\/\/radiorevelacionfm.cl\/index.php?rest_route=\/wp\/v2\/media\/48464"}],"wp:attachment":[{"href":"https:\/\/radiorevelacionfm.cl\/index.php?rest_route=%2Fwp%2Fv2%2Fmedia&parent=48463"}],"wp:term":[{"taxonomy":"category","embeddable":true,"href":"https:\/\/radiorevelacionfm.cl\/index.php?rest_route=%2Fwp%2Fv2%2Fcategories&post=48463"},{"taxonomy":"post_tag","embeddable":true,"href":"https:\/\/radiorevelacionfm.cl\/index.php?rest_route=%2Fwp%2Fv2%2Ftags&post=48463"}],"curies":[{"name":"wp","href":"https:\/\/api.w.org\/{rel}","templated":true}]}}