{"id":48457,"date":"2024-12-03T14:44:48","date_gmt":"2024-12-03T17:44:48","guid":{"rendered":"https:\/\/radiorevelacionfm.cl\/?p=48457"},"modified":"2024-12-03T14:44:48","modified_gmt":"2024-12-03T17:44:48","slug":"aysen-impulsa-la-creacion-de-una-mesa-para-la-instalacion-de-un-data-center-sostenible-en-la-region","status":"publish","type":"post","link":"https:\/\/radiorevelacionfm.cl\/?p=48457","title":{"rendered":"Ays\u00e9n impulsa la creaci\u00f3n de una Mesa para la instalaci\u00f3n de un Data Center sostenible en la regi\u00f3n"},"content":{"rendered":"<div class=\"flex_column av_one_full  flex_column_div av-zero-column-padding first  avia-builder-el-0  el_before_av_one_full  avia-builder-el-first  \" style='border-radius:0px; '><div  class='avia-image-container  av-styling-    avia-builder-el-1  avia-builder-el-no-sibling  avia-align-center '  itemprop=\"image\" itemscope=\"itemscope\" itemtype=\"https:\/\/schema.org\/ImageObject\"  ><div class='avia-image-container-inner'><div class='avia-image-overlay-wrap'><img decoding=\"async\" class='wp-image-48458 avia-img-lazy-loading-not-48458 avia_image' src=\"https:\/\/radiorevelacionfm.cl\/wp-content\/uploads\/2024\/12\/01_datacenter-1_optimized-1.jpg\" alt='' title='01_datacenter-(1)_optimized (1)' height=\"600\" width=\"1067\"  itemprop=\"thumbnailUrl\" srcset=\"https:\/\/radiorevelacionfm.cl\/wp-content\/uploads\/2024\/12\/01_datacenter-1_optimized-1.jpg 1067w, https:\/\/radiorevelacionfm.cl\/wp-content\/uploads\/2024\/12\/01_datacenter-1_optimized-1-300x169.jpg 300w, https:\/\/radiorevelacionfm.cl\/wp-content\/uploads\/2024\/12\/01_datacenter-1_optimized-1-1030x579.jpg 1030w, https:\/\/radiorevelacionfm.cl\/wp-content\/uploads\/2024\/12\/01_datacenter-1_optimized-1-768x432.jpg 768w, https:\/\/radiorevelacionfm.cl\/wp-content\/uploads\/2024\/12\/01_datacenter-1_optimized-1-705x396.jpg 705w, https:\/\/radiorevelacionfm.cl\/wp-content\/uploads\/2024\/12\/01_datacenter-1_optimized-1-450x253.jpg 450w, https:\/\/radiorevelacionfm.cl\/wp-content\/uploads\/2024\/12\/01_datacenter-1_optimized-1-600x337.jpg 600w\" sizes=\"(max-width: 1067px) 100vw, 1067px\" \/><\/div><\/div><\/div><\/div><div class=\"flex_column av_one_full  flex_column_div av-zero-column-padding first  avia-builder-el-2  el_after_av_one_full  el_before_av_one_full  column-top-margin\" style='border-radius:0px; '><section class=\"av_textblock_section \"  itemscope=\"itemscope\" itemtype=\"https:\/\/schema.org\/BlogPosting\" itemprop=\"blogPost\" ><div class='avia_textblock  '   itemprop=\"text\" ><p style=\"text-align: center;\"><span style=\"font-size: 18pt;\"><b>Ays\u00e9n impulsa la creaci\u00f3n de una Mesa para la instalaci\u00f3n de un Data Center sostenible en la regi\u00f3n<\/b><\/span><\/p>\n<div id=\"gtx-trans\" style=\"position: absolute; left: -50px; top: 4.31534px;\">\n<div class=\"gtx-trans-icon\"><\/div>\n<\/div>\n<\/div><\/section><\/div><div class=\"flex_column av_one_full  flex_column_div av-zero-column-padding first  avia-builder-el-4  el_after_av_one_full  el_before_av_hr  column-top-margin\" style='border-radius:0px; '><section class=\"av_textblock_section \"  itemscope=\"itemscope\" itemtype=\"https:\/\/schema.org\/BlogPosting\" itemprop=\"blogPost\" ><div class='avia_textblock  '   itemprop=\"text\" ><p style=\"font-weight: 400; text-align: justify;\"><em>A trav\u00e9s de una mesa p\u00fablico-privada, Corfo lidera un proyecto estrat\u00e9gico para establecer un centro de datos en la Regi\u00f3n de Ays\u00e9n, aprovechando su clima \u00fanico y recursos sostenibles. Este polo tecnol\u00f3gico busca atraer inversi\u00f3n extranjera y fomentar el desarrollo local.<\/em><\/p>\n<p style=\"font-weight: 400; text-align: justify;\">En un paso clave hacia la consolidaci\u00f3n de la Regi\u00f3n de Ays\u00e9n como un nuevo epicentro tecnol\u00f3gico y sostenible en Chile, se ha constituido una mesa p\u00fablico-privada enfocada en generar las condiciones para la instalaci\u00f3n de un Data Center en la regi\u00f3n. Aunque Ays\u00e9n no est\u00e1 incluida en el Plan Nacional de Data Centers liderado por el Ministerio de Ciencia, Tecnolog\u00eda, Conocimiento e Innovaci\u00f3n, la regi\u00f3n se posiciona con la convicci\u00f3n de que posee todos los atributos para convertirse en un destino atractivo para este tipo de infraestructura.<\/p>\n<p style=\"font-weight: 400; text-align: justify;\">A trav\u00e9s de esta iniciativa, impulsada por el programa de Atracci\u00f3n de Inversiones de Corfo, se busca destacar las ventajas estrat\u00e9gicas de Ays\u00e9n, tales como su conectividad con fibra \u00f3ptica, un clima fr\u00edo ideal para el enfriamiento natural de servidores, abundantes recursos h\u00eddricos renovables y una fuerte disponibilidad de energ\u00edas renovables.<\/p>\n<p style=\"font-weight: 400; text-align: justify;\">La Mesa, que re\u00fane a actores de los sectores p\u00fablico, privado y academia, busca generar las condiciones necesarias para que inversionistas vean a Ays\u00e9n como un destino atractivo y viable para la instalaci\u00f3n de infraestructura tecnol\u00f3gica de comunicaciones y base de datos de alto est\u00e1ndar. Uno de sus primeros objetivos es contar con recursos FNDR para impulsar la contrataci\u00f3n de un estudio de prefactibilidad que ofrezca certeza t\u00e9cnica y econ\u00f3mica a potenciales inversionistas.<\/p>\n<p style=\"font-weight: 400; text-align: justify;\">\u201cLa Regi\u00f3n de Ays\u00e9n cuenta con ventajas \u00fanicas que la convierten en un lugar ideal para la instalaci\u00f3n de un Data Center. Tenemos redundancia en fibra \u00f3ptica, condiciones clim\u00e1ticas de baja temperatura, y recursos h\u00eddricos, lo que nos permite utilizar energ\u00edas renovables y desarrollar tecnolog\u00edas de bajo consumo h\u00eddrico. Esta iniciativa no solo posicionar\u00e1 a Ays\u00e9n como un l\u00edder en sostenibilidad, sino que tambi\u00e9n contribuir\u00e1 al fortalecimiento de la infraestructura digital nacional\u201d, destac\u00f3 Humberto Mar\u00edn Leiva, director de Corfo Ays\u00e9n.<\/p>\n<p style=\"font-weight: 400; text-align: justify;\"><strong>BENEFICIOS LOCALES<\/strong><\/p>\n<p style=\"font-weight: 400; text-align: justify;\">La Mesa busca crear un ecosistema colaborativo que integre acuerdos p\u00fablico-privados, gu\u00edas regulatorias y herramientas digitales para identificar ubicaciones \u00f3ptimas basadas en conectividad digital, disponibilidad energ\u00e9tica y variables socioambientales. Estas acciones permitir\u00e1n no solo atraer inversiones extranjeras, sino tambi\u00e9n fortalecer la econom\u00eda local y su vinculaci\u00f3n con los centros de educaci\u00f3n superior.<\/p>\n<p style=\"font-weight: 400; text-align: justify;\">El impacto econ\u00f3mico y social es uno de los pilares del proyecto. As\u00ed lo explic\u00f3 el director de Corfo Ays\u00e9n quien indic\u00f3 que este Data Center busca atraer inversiones internacionales, generar empleo especializado y posicionar a Ays\u00e9n como un nodo clave en la red global de almacenamiento de datos, as\u00ed como tambi\u00e9n involucrar a la comunidad local mediante programas de capacitaci\u00f3n y empleos en tecnolog\u00eda.<\/p>\n<p style=\"font-weight: 400; text-align: justify;\">\u201cLa instalaci\u00f3n de un Data Center en Ays\u00e9n representa una oportunidad hist\u00f3rica para diversificar nuestra econom\u00eda y generar empleos de calidad. Queremos demostrar que Ays\u00e9n tiene el potencial para ser un referente en innovaci\u00f3n tecnol\u00f3gica sostenible\u201d, se\u00f1al\u00f3 Mar\u00edn.<\/p>\n<p style=\"font-weight: 400; text-align: justify;\">La instalaci\u00f3n del Data Center en Ays\u00e9n no solo impulsar\u00e1 la descentralizaci\u00f3n tecnol\u00f3gica, sino que tambi\u00e9n fomentar\u00e1 la investigaci\u00f3n en inteligencia artificial y el entrenamiento de capital humano, consolidando a Chile como un hub tecnol\u00f3gico competitivo a nivel mundial.<\/p>\n<p style=\"font-weight: 400; text-align: justify;\">Con esta apuesta, Ays\u00e9n tambi\u00e9n avanza hacia un futuro digital, reafirmando su compromiso con el desarrollo sostenible y su potencial para liderar transformaciones tecnol\u00f3gicas responsables para Chile.<\/p>\n<\/div><\/section><\/div><div  style='height:50px' class='hr hr-invisible   avia-builder-el-6  el_after_av_one_full  el_before_av_social_share '><span class='hr-inner ' ><span class='hr-inner-style'><\/span><\/span><\/div><\/p>\n<div  class='av-social-sharing-box  avia-builder-el-7  el_after_av_hr  el_before_av_hr  '><div class='av-share-box'><h5 class='av-share-link-description av-no-toc '>Compartir esta noticia<\/h5><ul class='av-share-box-list noLightbox'><li class='av-share-link av-social-link-facebook' ><a target=\"_blank\" aria-label=\"Compartir en Facebook\" href='https:\/\/www.facebook.com\/sharer.php?u=https:\/\/radiorevelacionfm.cl\/?p=48457&#038;t=Ays%C3%A9n%20impulsa%20la%20creaci%C3%B3n%20de%20una%20Mesa%20para%20la%20instalaci%C3%B3n%20de%20un%20Data%20Center%20sostenible%20en%20la%20regi%C3%B3n' aria-hidden='false' data-av_icon='\ue8f3' data-av_iconfont='entypo-fontello' title='' data-avia-related-tooltip='Compartir en Facebook' rel=\"noopener\"><span class='avia_hidden_link_text'>Compartir en Facebook<\/span><\/a><\/li><li class='av-share-link av-social-link-twitter' ><a target=\"_blank\" aria-label=\"Compartir en Twitter\" href='https:\/\/twitter.com\/share?text=Ays%C3%A9n%20impulsa%20la%20creaci%C3%B3n%20de%20una%20Mesa%20para%20la%20instalaci%C3%B3n%20de%20un%20Data%20Center%20sostenible%20en%20la%20regi%C3%B3n&#038;url=https:\/\/radiorevelacionfm.cl\/?p=48457' aria-hidden='false' data-av_icon='\ue8f1' data-av_iconfont='entypo-fontello' title='' data-avia-related-tooltip='Compartir en Twitter' rel=\"noopener\"><span class='avia_hidden_link_text'>Compartir en Twitter<\/span><\/a><\/li><li class='av-share-link av-social-link-whatsapp' ><a target=\"_blank\" aria-label=\"Compartir en Whatsapp\" href='https:\/\/api.whatsapp.com\/send?text=https:\/\/radiorevelacionfm.cl\/?p=48457' aria-hidden='false' data-av_icon='\uf232' data-av_iconfont='entypo-fontello' title='' data-avia-related-tooltip='Compartir en Whatsapp' rel=\"noopener\"><span class='avia_hidden_link_text'>Compartir en Whatsapp<\/span><\/a><\/li><li class='av-share-link av-social-link-linkedin' ><a target=\"_blank\" aria-label=\"Compartir en LinkedIn\" href='https:\/\/linkedin.com\/shareArticle?mini=true&#038;title=Ays%C3%A9n%20impulsa%20la%20creaci%C3%B3n%20de%20una%20Mesa%20para%20la%20instalaci%C3%B3n%20de%20un%20Data%20Center%20sostenible%20en%20la%20regi%C3%B3n&#038;url=https:\/\/radiorevelacionfm.cl\/?p=48457' aria-hidden='false' data-av_icon='\ue8fc' data-av_iconfont='entypo-fontello' title='' data-avia-related-tooltip='Compartir en LinkedIn' rel=\"noopener\"><span class='avia_hidden_link_text'>Compartir en LinkedIn<\/span><\/a><\/li><li class='av-share-link av-social-link-mail' ><a  aria-label=\"Compartir por correo\" href='mailto:?subject=Ays%C3%A9n%20impulsa%20la%20creaci%C3%B3n%20de%20una%20Mesa%20para%20la%20instalaci%C3%B3n%20de%20un%20Data%20Center%20sostenible%20en%20la%20regi%C3%B3n&#038;body=https:\/\/radiorevelacionfm.cl\/?p=48457' aria-hidden='false' data-av_icon='\ue805' data-av_iconfont='entypo-fontello' title='' data-avia-related-tooltip='Compartir por correo'><span class='avia_hidden_link_text'>Compartir por correo<\/span><\/a><\/li><\/ul><\/div><\/div>\n<div  style='height:50px' class='hr hr-invisible   avia-builder-el-8  el_after_av_social_share  el_before_av_comments_list '><span class='hr-inner ' ><span class='hr-inner-style'><\/span><\/span><\/div>\n<div  class='av-buildercomment  av-blog-meta-html-info-disabled av-blog-meta-tag-disabled  '><\/div>\n","protected":false},"excerpt":{"rendered":"","protected":false},"author":1,"featured_media":48458,"comment_status":"open","ping_status":"open","sticky":false,"template":"","format":"standard","meta":{"footnotes":""},"categories":[38],"tags":[],"class_list":["post-48457","post","type-post","status-publish","format-standard","has-post-thumbnail","hentry","category-regional"],"jetpack_featured_media_url":"https:\/\/radiorevelacionfm.cl\/wp-content\/uploads\/2024\/12\/01_datacenter-1_optimized-1.jpg","_links":{"self":[{"href":"https:\/\/radiorevelacionfm.cl\/index.php?rest_route=\/wp\/v2\/posts\/48457","targetHints":{"allow":["GET"]}}],"collection":[{"href":"https:\/\/radiorevelacionfm.cl\/index.php?rest_route=\/wp\/v2\/posts"}],"about":[{"href":"https:\/\/radiorevelacionfm.cl\/index.php?rest_route=\/wp\/v2\/types\/post"}],"author":[{"embeddable":true,"href":"https:\/\/radiorevelacionfm.cl\/index.php?rest_route=\/wp\/v2\/users\/1"}],"replies":[{"embeddable":true,"href":"https:\/\/radiorevelacionfm.cl\/index.php?rest_route=%2Fwp%2Fv2%2Fcomments&post=48457"}],"version-history":[{"count":1,"href":"https:\/\/radiorevelacionfm.cl\/index.php?rest_route=\/wp\/v2\/posts\/48457\/revisions"}],"predecessor-version":[{"id":48459,"href":"https:\/\/radiorevelacionfm.cl\/index.php?rest_route=\/wp\/v2\/posts\/48457\/revisions\/48459"}],"wp:featuredmedia":[{"embeddable":true,"href":"https:\/\/radiorevelacionfm.cl\/index.php?rest_route=\/wp\/v2\/media\/48458"}],"wp:attachment":[{"href":"https:\/\/radiorevelacionfm.cl\/index.php?rest_route=%2Fwp%2Fv2%2Fmedia&parent=48457"}],"wp:term":[{"taxonomy":"category","embeddable":true,"href":"https:\/\/radiorevelacionfm.cl\/index.php?rest_route=%2Fwp%2Fv2%2Fcategories&post=48457"},{"taxonomy":"post_tag","embeddable":true,"href":"https:\/\/radiorevelacionfm.cl\/index.php?rest_route=%2Fwp%2Fv2%2Ftags&post=48457"}],"curies":[{"name":"wp","href":"https:\/\/api.w.org\/{rel}","templated":true}]}}