{"id":48454,"date":"2024-12-03T09:40:42","date_gmt":"2024-12-03T12:40:42","guid":{"rendered":"https:\/\/radiorevelacionfm.cl\/?p=48454"},"modified":"2024-12-03T09:40:42","modified_gmt":"2024-12-03T12:40:42","slug":"consejo-de-la-sociedad-civil-del-servicio-de-salud-aysen-eligio-su-directiva","status":"publish","type":"post","link":"https:\/\/radiorevelacionfm.cl\/?p=48454","title":{"rendered":"Consejo de la Sociedad Civil del Servicio de Salud Ays\u00e9n eligi\u00f3 su directiva"},"content":{"rendered":"<div class=\"flex_column av_one_full  flex_column_div av-zero-column-padding first  avia-builder-el-0  el_before_av_one_full  avia-builder-el-first  \" style='border-radius:0px; '><div  class='avia-image-container  av-styling-    avia-builder-el-1  avia-builder-el-no-sibling  avia-align-center '  itemprop=\"image\" itemscope=\"itemscope\" itemtype=\"https:\/\/schema.org\/ImageObject\"  ><div class='avia-image-container-inner'><div class='avia-image-overlay-wrap'><img decoding=\"async\" class='wp-image-48455 avia-img-lazy-loading-not-48455 avia_image' src=\"https:\/\/radiorevelacionfm.cl\/wp-content\/uploads\/2024\/12\/cosoc-5-1-1.jpeg\" alt='' title='cosoc (5) (1) (1)' height=\"600\" width=\"800\"  itemprop=\"thumbnailUrl\" srcset=\"https:\/\/radiorevelacionfm.cl\/wp-content\/uploads\/2024\/12\/cosoc-5-1-1.jpeg 800w, https:\/\/radiorevelacionfm.cl\/wp-content\/uploads\/2024\/12\/cosoc-5-1-1-300x225.jpeg 300w, https:\/\/radiorevelacionfm.cl\/wp-content\/uploads\/2024\/12\/cosoc-5-1-1-768x576.jpeg 768w, https:\/\/radiorevelacionfm.cl\/wp-content\/uploads\/2024\/12\/cosoc-5-1-1-705x529.jpeg 705w, https:\/\/radiorevelacionfm.cl\/wp-content\/uploads\/2024\/12\/cosoc-5-1-1-450x338.jpeg 450w, https:\/\/radiorevelacionfm.cl\/wp-content\/uploads\/2024\/12\/cosoc-5-1-1-600x450.jpeg 600w\" sizes=\"(max-width: 800px) 100vw, 800px\" \/><\/div><\/div><\/div><\/div><div class=\"flex_column av_one_full  flex_column_div av-zero-column-padding first  avia-builder-el-2  el_after_av_one_full  el_before_av_one_full  column-top-margin\" style='border-radius:0px; '><section class=\"av_textblock_section \"  itemscope=\"itemscope\" itemtype=\"https:\/\/schema.org\/BlogPosting\" itemprop=\"blogPost\" ><div class='avia_textblock  '   itemprop=\"text\" ><p style=\"text-align: center;\"><strong><span style=\"font-size: 18pt;\">Consejo de la Sociedad Civil del Servicio de Salud Ays\u00e9n eligi\u00f3 su directiva<\/span><\/strong><\/p>\n<div id=\"gtx-trans\" style=\"position: absolute; left: -50px; top: 4.31534px;\">\n<div class=\"gtx-trans-icon\"><\/div>\n<\/div>\n<\/div><\/section><\/div><div class=\"flex_column av_one_full  flex_column_div av-zero-column-padding first  avia-builder-el-4  el_after_av_one_full  el_before_av_hr  column-top-margin\" style='border-radius:0px; '><section class=\"av_textblock_section \"  itemscope=\"itemscope\" itemtype=\"https:\/\/schema.org\/BlogPosting\" itemprop=\"blogPost\" ><div class='avia_textblock  '   itemprop=\"text\" ><p style=\"font-weight: 400; text-align: justify;\"><em>En la sesi\u00f3n de instalaci\u00f3n, los ocho integrantes del Consejo eligieron a la vicepresidenta y su subrogante para el periodo 2025-2027.<\/em><\/p>\n<p style=\"font-weight: 400; text-align: justify;\">En un importante paso hacia la participaci\u00f3n ciudadana y el fortalecimiento de los lazos entre la comunidad y el Servicio de Salud Ays\u00e9n, (SSA) se llev\u00f3 a cabo la ceremonia de instalaci\u00f3n del Consejo de la Sociedad Civil Regional (COSOC) Regional para el periodo 2025-2027. Este organismo, conformado por representantes de diversas organizaciones sociales, ser\u00e1 clave en la articulaci\u00f3n de propuestas y demandas que involucran al sector salud.<\/p>\n<p style=\"font-weight: 400; text-align: justify;\">Durante la sesi\u00f3n, presidida por el director del Servicio de Salud Ays\u00e9n, Juan Pablo Bravo Quintana, se revis\u00f3 el proceso eleccionario, se present\u00f3 la estructura y competencias del COSOC y se definieron los roles directivos. Como vicepresidenta fue elegida Ximena Ru\u00edz, representante de la Agrupaci\u00f3n Social Cultural Solidaria Ays\u00e9n y como vicepresidenta subrogante, Francisca Ronda, del Consejo Consultivo de Salud del Hospital de Puerto Ays\u00e9n.<\/p>\n<p style=\"font-weight: 400; text-align: justify;\">Los integrantes del COSOC tambi\u00e9n definieron la modalidad y periodicidad de sus reuniones, proyect\u00e1ndose como un espacio representativo que considera las demandas de todas las comunas de la regi\u00f3n, desde Guaitecas hasta Villa O\u2019Higgins.<\/p>\n<p style=\"font-weight: 400; text-align: justify;\"><strong>Voces del COSOC<\/strong><\/p>\n<p style=\"font-weight: 400; text-align: justify;\">El director del Servicio de Salud Ays\u00e9n y presidente del COSOC, Juan Pablo Bravo Quintana, destac\u00f3 la relevancia de este consejo.<\/p>\n<p style=\"font-weight: 400; text-align: justify;\"><i>\u201cE<\/i>speramos tener todas las inquietudes de la comunidad y transmitirlas tambi\u00e9n al equipo directivo de la Direcci\u00f3n del Servicio para trabajar en conjunto y seguir mejorando las distintas tem\u00e1ticas como: Salud Mental, infraestructura, \u00e1mbito hospitalario, Atenci\u00f3n Primaria de Salud, entre otras \u00e1reas para trabajar en conjunto por una mejor salud en Ays\u00e9n\u201d, manifest\u00f3 Bravo Quintana.<\/p>\n<p style=\"font-weight: 400; text-align: justify;\">Por su parte,\u00a0la vicepresidenta del COSOC, Ximena Ruiz, acot\u00f3: \u201cLo que esperamos es mejorar y avanzar en los procesos de salud, apoyando al Servicio de Salud y a la regi\u00f3n. Somos consejeros regionales, y aunque cada uno representa a su comuna y localidad, nuestro objetivo es dar lo mejor para mejorar la salud en toda la regi\u00f3n. Queremos llegar a las localidades m\u00e1s apartadas, que muchas veces no tienen representaci\u00f3n. Estos tres a\u00f1os ser\u00e1n de trabajo arduo para avanzar en lo que la gente realmente necesita: una mejor salud\u201d.<\/p>\n<p style=\"font-weight: 400; text-align: justify;\">En esa misma l\u00ednea, Francisca Ronda, vicepresidenta (s) del COSOC del Servicio de Salud Ays\u00e9n, expres\u00f3: \u201cEstoy muy contenta de que la comuna de Ays\u00e9n pueda participar en este importante hito. Esto nos permite descentralizar y contribuir a nivel regional, preocup\u00e1ndonos por la salud de nuestros vecinos y nuestra comunidad\u201d.<\/p>\n<p style=\"font-weight: 400; text-align: justify;\"><b>Consejeros Electos<\/b><\/p>\n<p style=\"font-weight: 400; text-align: justify;\">El COSOC Regional del Servicio de Salud Ays\u00e9n est\u00e1 compuesto por:<\/p>\n<ul style=\"text-align: justify;\">\n<li style=\"font-weight: 400;\">\u00a0\u00a0\u00a0\u00a0\u00a0\u00a0\u00a0<b>Hugo Soto Orellana<\/b>\u00a0(Asociaci\u00f3n de Funcionarios FENATS, Servicio de Salud Ays\u00e9n).<\/li>\n<li style=\"font-weight: 400;\">\u00a0\u00a0\u00a0\u00a0\u00a0\u00a0\u00a0<b>V\u00edctor Soto Guzm\u00e1n<\/b>\u00a0(Federaci\u00f3n Regional de Uniones Comunales de Personas Mayores).<\/li>\n<li style=\"font-weight: 400;\">\u00a0\u00a0\u00a0\u00a0\u00a0\u00a0\u00a0<b>\u00c1ngela Ximena Ru\u00edz Reimapo<\/b>\u00a0(Agrupaci\u00f3n Social Cultural Solidaria Ays\u00e9n).<\/li>\n<li style=\"font-weight: 400;\">\u00a0\u00a0\u00a0\u00a0\u00a0\u00a0\u00a0<b>Macarena Medrano Villagra<\/b>\u00a0(CORFAUSAM2).<\/li>\n<li style=\"font-weight: 400;\">\u00a0\u00a0\u00a0\u00a0\u00a0\u00a0\u00a0<b>Francisca Ronda Valdevellano<\/b>\u00a0(Consejo Consultivo de Salud Hospital de Puerto Ays\u00e9n).<\/li>\n<li style=\"font-weight: 400;\">\u00a0\u00a0\u00a0\u00a0\u00a0\u00a0\u00a0<b>Graciela Amigo Santander<\/b>\u00a0(Consejo de Desarrollo Consultorio V\u00edctor Domingo Silva).<\/li>\n<li style=\"font-weight: 400;\">\u00a0\u00a0\u00a0\u00a0\u00a0\u00a0\u00a0<b>Roberto Haro Vargas<\/b>\u00a0(Asociaci\u00f3n Asperger Patagonia).<\/li>\n<\/ul>\n<p style=\"font-weight: 400; text-align: justify;\">Este consejo trabajar\u00e1 activamente durante los pr\u00f3ximos tres a\u00f1os, consolid\u00e1ndose como un puente efectivo entre la ciudadan\u00eda y el Servicio de Salud Ays\u00e9n.<\/p>\n<\/div><\/section><\/div><div  style='height:50px' class='hr hr-invisible   avia-builder-el-6  el_after_av_one_full  el_before_av_social_share '><span class='hr-inner ' ><span class='hr-inner-style'><\/span><\/span><\/div><\/p>\n<div  class='av-social-sharing-box  avia-builder-el-7  el_after_av_hr  el_before_av_hr  '><div class='av-share-box'><h5 class='av-share-link-description av-no-toc '>Compartir esta noticia<\/h5><ul class='av-share-box-list noLightbox'><li class='av-share-link av-social-link-facebook' ><a target=\"_blank\" aria-label=\"Compartir en Facebook\" href='https:\/\/www.facebook.com\/sharer.php?u=https:\/\/radiorevelacionfm.cl\/?p=48454&#038;t=Consejo%20de%20la%20Sociedad%20Civil%20del%20Servicio%20de%20Salud%20Ays%C3%A9n%20eligi%C3%B3%20su%20directiva' aria-hidden='false' data-av_icon='\ue8f3' data-av_iconfont='entypo-fontello' title='' data-avia-related-tooltip='Compartir en Facebook' rel=\"noopener\"><span class='avia_hidden_link_text'>Compartir en Facebook<\/span><\/a><\/li><li class='av-share-link av-social-link-twitter' ><a target=\"_blank\" aria-label=\"Compartir en Twitter\" href='https:\/\/twitter.com\/share?text=Consejo%20de%20la%20Sociedad%20Civil%20del%20Servicio%20de%20Salud%20Ays%C3%A9n%20eligi%C3%B3%20su%20directiva&#038;url=https:\/\/radiorevelacionfm.cl\/?p=48454' aria-hidden='false' data-av_icon='\ue8f1' data-av_iconfont='entypo-fontello' title='' data-avia-related-tooltip='Compartir en Twitter' rel=\"noopener\"><span class='avia_hidden_link_text'>Compartir en Twitter<\/span><\/a><\/li><li class='av-share-link av-social-link-whatsapp' ><a target=\"_blank\" aria-label=\"Compartir en Whatsapp\" href='https:\/\/api.whatsapp.com\/send?text=https:\/\/radiorevelacionfm.cl\/?p=48454' aria-hidden='false' data-av_icon='\uf232' data-av_iconfont='entypo-fontello' title='' data-avia-related-tooltip='Compartir en Whatsapp' rel=\"noopener\"><span class='avia_hidden_link_text'>Compartir en Whatsapp<\/span><\/a><\/li><li class='av-share-link av-social-link-linkedin' ><a target=\"_blank\" aria-label=\"Compartir en LinkedIn\" href='https:\/\/linkedin.com\/shareArticle?mini=true&#038;title=Consejo%20de%20la%20Sociedad%20Civil%20del%20Servicio%20de%20Salud%20Ays%C3%A9n%20eligi%C3%B3%20su%20directiva&#038;url=https:\/\/radiorevelacionfm.cl\/?p=48454' aria-hidden='false' data-av_icon='\ue8fc' data-av_iconfont='entypo-fontello' title='' data-avia-related-tooltip='Compartir en LinkedIn' rel=\"noopener\"><span class='avia_hidden_link_text'>Compartir en LinkedIn<\/span><\/a><\/li><li class='av-share-link av-social-link-mail' ><a  aria-label=\"Compartir por correo\" href='mailto:?subject=Consejo%20de%20la%20Sociedad%20Civil%20del%20Servicio%20de%20Salud%20Ays%C3%A9n%20eligi%C3%B3%20su%20directiva&#038;body=https:\/\/radiorevelacionfm.cl\/?p=48454' aria-hidden='false' data-av_icon='\ue805' data-av_iconfont='entypo-fontello' title='' data-avia-related-tooltip='Compartir por correo'><span class='avia_hidden_link_text'>Compartir por correo<\/span><\/a><\/li><\/ul><\/div><\/div>\n<div  style='height:50px' class='hr hr-invisible   avia-builder-el-8  el_after_av_social_share  el_before_av_comments_list '><span class='hr-inner ' ><span class='hr-inner-style'><\/span><\/span><\/div>\n<div  class='av-buildercomment  av-blog-meta-html-info-disabled av-blog-meta-tag-disabled  '><\/div>\n","protected":false},"excerpt":{"rendered":"","protected":false},"author":1,"featured_media":48455,"comment_status":"open","ping_status":"open","sticky":false,"template":"","format":"standard","meta":{"footnotes":""},"categories":[46],"tags":[],"class_list":["post-48454","post","type-post","status-publish","format-standard","has-post-thumbnail","hentry","category-salud"],"jetpack_featured_media_url":"https:\/\/radiorevelacionfm.cl\/wp-content\/uploads\/2024\/12\/cosoc-5-1-1.jpeg","_links":{"self":[{"href":"https:\/\/radiorevelacionfm.cl\/index.php?rest_route=\/wp\/v2\/posts\/48454","targetHints":{"allow":["GET"]}}],"collection":[{"href":"https:\/\/radiorevelacionfm.cl\/index.php?rest_route=\/wp\/v2\/posts"}],"about":[{"href":"https:\/\/radiorevelacionfm.cl\/index.php?rest_route=\/wp\/v2\/types\/post"}],"author":[{"embeddable":true,"href":"https:\/\/radiorevelacionfm.cl\/index.php?rest_route=\/wp\/v2\/users\/1"}],"replies":[{"embeddable":true,"href":"https:\/\/radiorevelacionfm.cl\/index.php?rest_route=%2Fwp%2Fv2%2Fcomments&post=48454"}],"version-history":[{"count":1,"href":"https:\/\/radiorevelacionfm.cl\/index.php?rest_route=\/wp\/v2\/posts\/48454\/revisions"}],"predecessor-version":[{"id":48456,"href":"https:\/\/radiorevelacionfm.cl\/index.php?rest_route=\/wp\/v2\/posts\/48454\/revisions\/48456"}],"wp:featuredmedia":[{"embeddable":true,"href":"https:\/\/radiorevelacionfm.cl\/index.php?rest_route=\/wp\/v2\/media\/48455"}],"wp:attachment":[{"href":"https:\/\/radiorevelacionfm.cl\/index.php?rest_route=%2Fwp%2Fv2%2Fmedia&parent=48454"}],"wp:term":[{"taxonomy":"category","embeddable":true,"href":"https:\/\/radiorevelacionfm.cl\/index.php?rest_route=%2Fwp%2Fv2%2Fcategories&post=48454"},{"taxonomy":"post_tag","embeddable":true,"href":"https:\/\/radiorevelacionfm.cl\/index.php?rest_route=%2Fwp%2Fv2%2Ftags&post=48454"}],"curies":[{"name":"wp","href":"https:\/\/api.w.org\/{rel}","templated":true}]}}