{"id":4845,"date":"2021-06-02T20:23:49","date_gmt":"2021-06-02T23:23:49","guid":{"rendered":"https:\/\/radiorevelacionfm.cl\/?p=4845"},"modified":"2021-06-02T20:23:49","modified_gmt":"2021-06-02T23:23:49","slug":"carabineros-de-puerto-ibanez-detuvo-a-dos-personas-por-caza-ilegal-de-guanaco-una-especie-protegida","status":"publish","type":"post","link":"https:\/\/radiorevelacionfm.cl\/?p=4845","title":{"rendered":"Carabineros de Puerto Ib\u00e1\u00f1ez detuvo a dos personas por caza ilegal de guanaco, una especie protegida"},"content":{"rendered":"<div class=\"flex_column av_one_full  flex_column_div av-zero-column-padding first  avia-builder-el-0  el_before_av_one_full  avia-builder-el-first  \" style='border-radius:0px; '><div  class='avia-image-container  av-styling-    avia-builder-el-1  avia-builder-el-no-sibling  avia-align-center '  itemprop=\"image\" itemscope=\"itemscope\" itemtype=\"https:\/\/schema.org\/ImageObject\"  ><div class='avia-image-container-inner'><div class='avia-image-overlay-wrap'><img decoding=\"async\" class='wp-image-4846 avia-img-lazy-loading-not-4846 avia_image' src=\"https:\/\/radiorevelacionfm.cl\/wp-content\/uploads\/2021\/06\/Evidencia-Ibanez-1.jpg\" alt='' title='Evidencia Iba\u00f1ez (1)' height=\"665\" width=\"1280\"  itemprop=\"thumbnailUrl\" srcset=\"https:\/\/radiorevelacionfm.cl\/wp-content\/uploads\/2021\/06\/Evidencia-Ibanez-1.jpg 1280w, https:\/\/radiorevelacionfm.cl\/wp-content\/uploads\/2021\/06\/Evidencia-Ibanez-1-300x156.jpg 300w, https:\/\/radiorevelacionfm.cl\/wp-content\/uploads\/2021\/06\/Evidencia-Ibanez-1-1030x535.jpg 1030w, https:\/\/radiorevelacionfm.cl\/wp-content\/uploads\/2021\/06\/Evidencia-Ibanez-1-768x399.jpg 768w, https:\/\/radiorevelacionfm.cl\/wp-content\/uploads\/2021\/06\/Evidencia-Ibanez-1-705x366.jpg 705w, https:\/\/radiorevelacionfm.cl\/wp-content\/uploads\/2021\/06\/Evidencia-Ibanez-1-600x312.jpg 600w\" sizes=\"(max-width: 1280px) 100vw, 1280px\" \/><\/div><\/div><\/div><\/div><div class=\"flex_column av_one_full  flex_column_div av-zero-column-padding first  avia-builder-el-2  el_after_av_one_full  el_before_av_one_full  column-top-margin\" style='border-radius:0px; '><section class=\"av_textblock_section \"  itemscope=\"itemscope\" itemtype=\"https:\/\/schema.org\/BlogPosting\" itemprop=\"blogPost\" ><div class='avia_textblock  '   itemprop=\"text\" ><p style=\"text-align: center;\"><strong><span style=\"font-size: 18pt;\">Carabineros de Puerto Ib\u00e1\u00f1ez detuvo a dos personas por caza ilegal de guanaco, una especie protegida<\/span><\/strong><\/p>\n<div id=\"gtx-trans\" style=\"position: absolute; left: -50px; top: 4.31534px;\">\n<div class=\"gtx-trans-icon\"><\/div>\n<\/div>\n<\/div><\/section><\/div><div class=\"flex_column av_one_full  flex_column_div av-zero-column-padding first  avia-builder-el-4  el_after_av_one_full  el_before_av_hr  column-top-margin\" style='border-radius:0px; '><section class=\"av_textblock_section \"  itemscope=\"itemscope\" itemtype=\"https:\/\/schema.org\/BlogPosting\" itemprop=\"blogPost\" ><div class='avia_textblock  '   itemprop=\"text\" ><p class=\"v1MsoNormal\" style=\"text-align: justify;\">Un patrullaje fronterizo y de soberan\u00eda efectuado por personal de Carabineros de la Tenencia de Puerto Ingeniero Ib\u00e1\u00f1ez (F) culmin\u00f3 con la detenci\u00f3n de dos personas por caza de especie protegida, tras ser sorprendidos de manera flagrante en el momento en que faenaban de manera ilegal un ejemplar de guanaco, especie que se encuentra protegida por ley.<\/p>\n<p class=\"v1MsoNormal\" style=\"text-align: justify;\">El hecho qued\u00f3 al descubierto alrededor de las 13:55 horas de hoy en momentos en que el personal de servicio en la poblaci\u00f3n desarrollaba un patrullaje de soberan\u00eda por el sector del l\u00edmite pol\u00edtico internacional, instante en que divisaron a dos individuos a un costado de la ruta X-065 \u2013en el sector estancia la Maroma- en momentos en que faenaban el ejemplar.<\/p>\n<p class=\"v1MsoNormal\" style=\"text-align: justify;\">Los sujetos manten\u00edan en su poder un fusil y 25 tiros calibre 30-06, el cual contaba con la totalidad de los permisos exigidos.<\/p>\n<p class=\"v1MsoNormal\" style=\"text-align: justify;\">Tras lo anterior, Carabineros de la Tenencia de Puerto Ingeniero Ib\u00e1\u00f1ez (F), deriv\u00f3 lo antecedentes a la Fiscal\u00eda local de Coyhaique, siendo dispuesta la incautaci\u00f3n del arma de fuego y munici\u00f3n, en tanto que ambos sujetos fueron detenidos, quedando a disposici\u00f3n de la Fiscal\u00eda para la audiencia de control de detenci\u00f3n por este hecho.<\/p>\n<p class=\"v1MsoNormal\" style=\"text-align: justify;\">Paralelamente, Carabineros inform\u00f3 del hecho al Servicio Agr\u00edcola y Ganadero (SAG), quienes se har\u00e1n parte del proceso judicial.<\/p>\n<p class=\"v1MsoNormal\" style=\"text-align: justify;\"><b>Animal social<\/b><\/p>\n<p class=\"v1MsoNormal\" style=\"text-align: justify;\">Cabe consignar que el guanaco \u2013conocido cient\u00edficamente como Lama Guanicoe) es un mam\u00edfero que debido a la cacer\u00eda ilegal, la fragmentaci\u00f3n de su h\u00e1bitat natural y ataques por parte de perros, se encuentra en peligro de extinci\u00f3n.<\/p>\n<p class=\"v1MsoNormal\" style=\"text-align: justify;\">Familiar de la llama y alpaca, el guanaco mide 1.90 mts. de altura pudiendo llegar a pesar 150 kilos, cuyo cuerpo est\u00e1 cubierto por un pelaje doble y grueso, pero a la vez muy liviano en comparaci\u00f3n a la lana de oveja o vicu\u00f1a.\u00a0 Es un animal social, y se presenta en grupos familiares de un macho y varias hembras o grupos de machos de distintas edades.<\/p>\n<p class=\"v1MsoNormal\" style=\"text-align: justify;\">Capaz de correr a unos 50 km\/h, en su h\u00e1bitat natural, el puma es su \u00fanico depredador. Tal como otros cam\u00e9lidos, su modo de defensa m\u00e1s conocido es lanzar parte del bolo alimenticio, escupi\u00e9ndolo a su atacante.<\/p>\n<p style=\"text-align: justify;\">En nuestro pa\u00eds el guanaco se distribuye desde Tarapac\u00e1 hasta Antofagasta, estando igualmente presente en algunos sectores de la zona centro y sur, as\u00ed como tambi\u00e9n en determinados sectores de la regi\u00f3n de Ays\u00e9n y Magallanes.<\/p>\n<\/div><\/section><\/div><div  style='height:50px' class='hr hr-invisible   avia-builder-el-6  el_after_av_one_full  el_before_av_social_share '><span class='hr-inner ' ><span class='hr-inner-style'><\/span><\/span><\/div><\/p>\n<div  class='av-social-sharing-box  avia-builder-el-7  el_after_av_hr  el_before_av_hr  '><div class='av-share-box'><h5 class='av-share-link-description av-no-toc '>Compartir esta noticia<\/h5><ul class='av-share-box-list noLightbox'><li class='av-share-link av-social-link-facebook' ><a target=\"_blank\" aria-label=\"Compartir en Facebook\" href='https:\/\/www.facebook.com\/sharer.php?u=https:\/\/radiorevelacionfm.cl\/?p=4845&#038;t=Carabineros%20de%20Puerto%20Ib%C3%A1%C3%B1ez%20detuvo%20a%20dos%20personas%20por%20caza%20ilegal%20de%20guanaco%2C%20una%20especie%20protegida' aria-hidden='false' data-av_icon='\ue8f3' data-av_iconfont='entypo-fontello' title='' data-avia-related-tooltip='Compartir en Facebook' rel=\"noopener\"><span class='avia_hidden_link_text'>Compartir en Facebook<\/span><\/a><\/li><li class='av-share-link av-social-link-twitter' ><a target=\"_blank\" aria-label=\"Compartir en Twitter\" href='https:\/\/twitter.com\/share?text=Carabineros%20de%20Puerto%20Ib%C3%A1%C3%B1ez%20detuvo%20a%20dos%20personas%20por%20caza%20ilegal%20de%20guanaco%2C%20una%20especie%20protegida&#038;url=https:\/\/radiorevelacionfm.cl\/?p=4845' aria-hidden='false' data-av_icon='\ue8f1' data-av_iconfont='entypo-fontello' title='' data-avia-related-tooltip='Compartir en Twitter' rel=\"noopener\"><span class='avia_hidden_link_text'>Compartir en Twitter<\/span><\/a><\/li><li class='av-share-link av-social-link-whatsapp' ><a target=\"_blank\" aria-label=\"Compartir en Whatsapp\" href='https:\/\/api.whatsapp.com\/send?text=https:\/\/radiorevelacionfm.cl\/?p=4845' aria-hidden='false' data-av_icon='\uf232' data-av_iconfont='entypo-fontello' title='' data-avia-related-tooltip='Compartir en Whatsapp' rel=\"noopener\"><span class='avia_hidden_link_text'>Compartir en Whatsapp<\/span><\/a><\/li><li class='av-share-link av-social-link-linkedin' ><a target=\"_blank\" aria-label=\"Compartir en LinkedIn\" href='https:\/\/linkedin.com\/shareArticle?mini=true&#038;title=Carabineros%20de%20Puerto%20Ib%C3%A1%C3%B1ez%20detuvo%20a%20dos%20personas%20por%20caza%20ilegal%20de%20guanaco%2C%20una%20especie%20protegida&#038;url=https:\/\/radiorevelacionfm.cl\/?p=4845' aria-hidden='false' data-av_icon='\ue8fc' data-av_iconfont='entypo-fontello' title='' data-avia-related-tooltip='Compartir en LinkedIn' rel=\"noopener\"><span class='avia_hidden_link_text'>Compartir en LinkedIn<\/span><\/a><\/li><li class='av-share-link av-social-link-mail' ><a  aria-label=\"Compartir por correo\" href='mailto:?subject=Carabineros%20de%20Puerto%20Ib%C3%A1%C3%B1ez%20detuvo%20a%20dos%20personas%20por%20caza%20ilegal%20de%20guanaco%2C%20una%20especie%20protegida&#038;body=https:\/\/radiorevelacionfm.cl\/?p=4845' aria-hidden='false' data-av_icon='\ue805' data-av_iconfont='entypo-fontello' title='' data-avia-related-tooltip='Compartir por correo'><span class='avia_hidden_link_text'>Compartir por correo<\/span><\/a><\/li><\/ul><\/div><\/div>\n<div  style='height:50px' class='hr hr-invisible   avia-builder-el-8  el_after_av_social_share  el_before_av_comments_list '><span class='hr-inner ' ><span class='hr-inner-style'><\/span><\/span><\/div>\n<div  class='av-buildercomment  av-blog-meta-html-info-disabled av-blog-meta-tag-disabled  '><\/div>\n","protected":false},"excerpt":{"rendered":"","protected":false},"author":1,"featured_media":4846,"comment_status":"open","ping_status":"open","sticky":false,"template":"","format":"standard","meta":{"footnotes":""},"categories":[36],"tags":[],"class_list":["post-4845","post","type-post","status-publish","format-standard","has-post-thumbnail","hentry","category-policial"],"jetpack_featured_media_url":"https:\/\/radiorevelacionfm.cl\/wp-content\/uploads\/2021\/06\/Evidencia-Ibanez-1.jpg","_links":{"self":[{"href":"https:\/\/radiorevelacionfm.cl\/index.php?rest_route=\/wp\/v2\/posts\/4845","targetHints":{"allow":["GET"]}}],"collection":[{"href":"https:\/\/radiorevelacionfm.cl\/index.php?rest_route=\/wp\/v2\/posts"}],"about":[{"href":"https:\/\/radiorevelacionfm.cl\/index.php?rest_route=\/wp\/v2\/types\/post"}],"author":[{"embeddable":true,"href":"https:\/\/radiorevelacionfm.cl\/index.php?rest_route=\/wp\/v2\/users\/1"}],"replies":[{"embeddable":true,"href":"https:\/\/radiorevelacionfm.cl\/index.php?rest_route=%2Fwp%2Fv2%2Fcomments&post=4845"}],"version-history":[{"count":1,"href":"https:\/\/radiorevelacionfm.cl\/index.php?rest_route=\/wp\/v2\/posts\/4845\/revisions"}],"predecessor-version":[{"id":4847,"href":"https:\/\/radiorevelacionfm.cl\/index.php?rest_route=\/wp\/v2\/posts\/4845\/revisions\/4847"}],"wp:featuredmedia":[{"embeddable":true,"href":"https:\/\/radiorevelacionfm.cl\/index.php?rest_route=\/wp\/v2\/media\/4846"}],"wp:attachment":[{"href":"https:\/\/radiorevelacionfm.cl\/index.php?rest_route=%2Fwp%2Fv2%2Fmedia&parent=4845"}],"wp:term":[{"taxonomy":"category","embeddable":true,"href":"https:\/\/radiorevelacionfm.cl\/index.php?rest_route=%2Fwp%2Fv2%2Fcategories&post=4845"},{"taxonomy":"post_tag","embeddable":true,"href":"https:\/\/radiorevelacionfm.cl\/index.php?rest_route=%2Fwp%2Fv2%2Ftags&post=4845"}],"curies":[{"name":"wp","href":"https:\/\/api.w.org\/{rel}","templated":true}]}}