{"id":48445,"date":"2024-12-02T17:06:03","date_gmt":"2024-12-02T20:06:03","guid":{"rendered":"https:\/\/radiorevelacionfm.cl\/?p=48445"},"modified":"2024-12-02T17:06:03","modified_gmt":"2024-12-02T20:06:03","slug":"se-regularizan-cortes-de-transito-para-realizacion-de-feria-libre-victor-domingo-silva","status":"publish","type":"post","link":"https:\/\/radiorevelacionfm.cl\/?p=48445","title":{"rendered":"Se regularizan cortes de tr\u00e1nsito para realizaci\u00f3n de Feria Libre V\u00edctor Domingo Silva"},"content":{"rendered":"<div class=\"flex_column av_one_full  flex_column_div av-zero-column-padding first  avia-builder-el-0  el_before_av_one_full  avia-builder-el-first  \" style='border-radius:0px; '><div  class='avia-image-container  av-styling-    avia-builder-el-1  avia-builder-el-no-sibling  avia-align-center '  itemprop=\"image\" itemscope=\"itemscope\" itemtype=\"https:\/\/schema.org\/ImageObject\"  ><div class='avia-image-container-inner'><div class='avia-image-overlay-wrap'><img decoding=\"async\" class='wp-image-48446 avia-img-lazy-loading-not-48446 avia_image' src=\"https:\/\/radiorevelacionfm.cl\/wp-content\/uploads\/2024\/12\/dsc_0245-2_optimized-1.jpg\" alt='' title='dsc_0245-(2)_optimized (1)' height=\"600\" width=\"903\"  itemprop=\"thumbnailUrl\" srcset=\"https:\/\/radiorevelacionfm.cl\/wp-content\/uploads\/2024\/12\/dsc_0245-2_optimized-1.jpg 903w, https:\/\/radiorevelacionfm.cl\/wp-content\/uploads\/2024\/12\/dsc_0245-2_optimized-1-300x199.jpg 300w, https:\/\/radiorevelacionfm.cl\/wp-content\/uploads\/2024\/12\/dsc_0245-2_optimized-1-768x510.jpg 768w, https:\/\/radiorevelacionfm.cl\/wp-content\/uploads\/2024\/12\/dsc_0245-2_optimized-1-705x468.jpg 705w, https:\/\/radiorevelacionfm.cl\/wp-content\/uploads\/2024\/12\/dsc_0245-2_optimized-1-450x299.jpg 450w, https:\/\/radiorevelacionfm.cl\/wp-content\/uploads\/2024\/12\/dsc_0245-2_optimized-1-600x399.jpg 600w\" sizes=\"(max-width: 903px) 100vw, 903px\" \/><\/div><\/div><\/div><\/div><div class=\"flex_column av_one_full  flex_column_div av-zero-column-padding first  avia-builder-el-2  el_after_av_one_full  el_before_av_one_full  column-top-margin\" style='border-radius:0px; '><section class=\"av_textblock_section \"  itemscope=\"itemscope\" itemtype=\"https:\/\/schema.org\/BlogPosting\" itemprop=\"blogPost\" ><div class='avia_textblock  '   itemprop=\"text\" ><p style=\"text-align: center;\"><span style=\"font-size: 18pt;\"><b>Se regularizan cortes de tr\u00e1nsito para realizaci\u00f3n de\u00a0<\/b><b>Feria Libre V\u00edctor Domingo Silva<\/b><\/span><\/p>\n<div id=\"gtx-trans\" style=\"position: absolute; left: -50px; top: 4.31534px;\">\n<div class=\"gtx-trans-icon\"><\/div>\n<\/div>\n<\/div><\/section><\/div><div class=\"flex_column av_one_full  flex_column_div av-zero-column-padding first  avia-builder-el-4  el_after_av_one_full  el_before_av_hr  column-top-margin\" style='border-radius:0px; '><section class=\"av_textblock_section \"  itemscope=\"itemscope\" itemtype=\"https:\/\/schema.org\/BlogPosting\" itemprop=\"blogPost\" ><div class='avia_textblock  '   itemprop=\"text\" ><p style=\"text-align: justify;\">La Feria Libre V\u00edctor Domingo Silva, emplazada tradicionalmente los d\u00edas s\u00e1bados en las calles Las Quintas, Los Cipreses, Alejandro Gutierrez, Los Lirios, partiendo desde calle Los Coig\u00fces, es un c\u00f3nclave para comerciantes y productores, adem\u00e1s de un mercado para el encuentro comunitario de la capital regional, que genera mucho desplazamiento de veh\u00edculos y peatones, situaci\u00f3n que provoca atochamientos y otras problem\u00e1ticas de seguridad vial que requieren ser abordadas.<\/p>\n<p style=\"text-align: justify;\">En este contexto, el seremiTT Hans Zimmermann y dirigentas del sindicato de la Feria Libre V\u00edctor Domingo Silva, analizaron las situaciones de mayor complejidad para la circulaci\u00f3n y la necesidad de generar puntos de fiscalizaci\u00f3n en la zona. En este sentido, se reconoci\u00f3 la necesidad de priorizar la formalizaci\u00f3n de los cortes de tr\u00e1nsito, que dejaron de actualizarse en pandemia, a fin de poder ejercer operativos de control y as\u00ed brindar mayor seguridad en los desplazamientos en torno a la feria.<\/p>\n<p style=\"text-align: justify;\">A ra\u00edz de este acuerdo la secretar\u00eda regional ministerial de Transportes y Telecomunicaciones, orden\u00f3 mediante Resoluci\u00f3n Exenta N\u00b0 339, la suspensi\u00f3n del tr\u00e1nsito de veh\u00edculos motorizados los d\u00edas s\u00e1bado de cada semana, entre las 07:00 y 14:00 hrs. en los siguientes tramos de v\u00edas: Las Quintas entre Los Coigues y Los Aromos, Los Cipreses entre Los \u00d1ires y Alejandro Guti\u00e9rrez, Los Lirios entre Los Cipreses y Los Coigues, Alejandro Guti\u00e9rrez entre Los Coigues y Los Cipreses.<\/p>\n<p style=\"text-align: justify;\">Esta resoluci\u00f3n tendr\u00e1 vigencia por un a\u00f1o, tras lo cual se podr\u00e1 evaluar el funcionamiento de la medida para someterla a posibles modificaciones.<\/p>\n<p style=\"text-align: justify;\">El seremiTT destac\u00f3 este acuerdo que permitir\u00e1 un mejor desempe\u00f1o de la feria desde el punto de vista de la convivencia vial: \u201cPudimos revisar el estado de las autorizaciones de interrupci\u00f3n de tr\u00e1nsito, que son tan importantes para el funcionamiento de esta feria, que agrupa m\u00e1s de 350 socios, que contribuye a la econom\u00eda de la comuna de Coyhaique, y que beneficia a toda la sociedad coyhaiquina. Hemos podido tener un di\u00e1logo, un entendimiento, y hemos ratificado nuestro compromiso con la Feria Libre V\u00edctor Domingo Silva, a trav\u00e9s de un acto administrativo que permitir\u00e1 autorizar la interrupci\u00f3n de tr\u00e1nsito en este sector, para que la feria pueda seguir funcionando con normalidad y atendiendo a sus clientes y a los vecinos y vecinas de la capital regional\u201d.<\/p>\n<p style=\"text-align: justify;\">Marta Soto Ruiz, presidenta del sindicato de la Feria Libre V\u00edctor Domingo Silva, agreg\u00f3 que esta medida \u201ces un tremendo apoyo, para que sigamos trabajando en las calles que siempre hemos trabajado, normar esto, regular, solicitar la fiscalizaci\u00f3n. El despeje de veh\u00edculos, los clientes que llegan a estacionarse para dejar libre el acceso para veh\u00edculos de emergencia, bomberos, todo ese libre tr\u00e1nsito\u201d.<\/p>\n<p style=\"text-align: justify;\">Cabe se\u00f1alar que los cortes de tr\u00e1nsito tendr\u00e1n excepci\u00f3n en caso de que un residente de los tramos de v\u00eda indicados por Resoluci\u00f3n, desee acceder a su domicilio, a fin de garantizar el tr\u00e1nsito y acceso a su vivienda, resguardando la seguridad de los peatones y usuarios presentes en la v\u00eda.<\/p>\n<\/div><\/section><\/div><div  style='height:50px' class='hr hr-invisible   avia-builder-el-6  el_after_av_one_full  el_before_av_social_share '><span class='hr-inner ' ><span class='hr-inner-style'><\/span><\/span><\/div><\/p>\n<div  class='av-social-sharing-box  avia-builder-el-7  el_after_av_hr  el_before_av_hr  '><div class='av-share-box'><h5 class='av-share-link-description av-no-toc '>Compartir esta noticia<\/h5><ul class='av-share-box-list noLightbox'><li class='av-share-link av-social-link-facebook' ><a target=\"_blank\" aria-label=\"Compartir en Facebook\" href='https:\/\/www.facebook.com\/sharer.php?u=https:\/\/radiorevelacionfm.cl\/?p=48445&#038;t=Se%20regularizan%20cortes%20de%20tr%C3%A1nsito%20para%20realizaci%C3%B3n%20de%20Feria%20Libre%20V%C3%ADctor%20Domingo%20Silva' aria-hidden='false' data-av_icon='\ue8f3' data-av_iconfont='entypo-fontello' title='' data-avia-related-tooltip='Compartir en Facebook' rel=\"noopener\"><span class='avia_hidden_link_text'>Compartir en Facebook<\/span><\/a><\/li><li class='av-share-link av-social-link-twitter' ><a target=\"_blank\" aria-label=\"Compartir en Twitter\" href='https:\/\/twitter.com\/share?text=Se%20regularizan%20cortes%20de%20tr%C3%A1nsito%20para%20realizaci%C3%B3n%20de%20Feria%20Libre%20V%C3%ADctor%20Domingo%20Silva&#038;url=https:\/\/radiorevelacionfm.cl\/?p=48445' aria-hidden='false' data-av_icon='\ue8f1' data-av_iconfont='entypo-fontello' title='' data-avia-related-tooltip='Compartir en Twitter' rel=\"noopener\"><span class='avia_hidden_link_text'>Compartir en Twitter<\/span><\/a><\/li><li class='av-share-link av-social-link-whatsapp' ><a target=\"_blank\" aria-label=\"Compartir en Whatsapp\" href='https:\/\/api.whatsapp.com\/send?text=https:\/\/radiorevelacionfm.cl\/?p=48445' aria-hidden='false' data-av_icon='\uf232' data-av_iconfont='entypo-fontello' title='' data-avia-related-tooltip='Compartir en Whatsapp' rel=\"noopener\"><span class='avia_hidden_link_text'>Compartir en Whatsapp<\/span><\/a><\/li><li class='av-share-link av-social-link-linkedin' ><a target=\"_blank\" aria-label=\"Compartir en LinkedIn\" href='https:\/\/linkedin.com\/shareArticle?mini=true&#038;title=Se%20regularizan%20cortes%20de%20tr%C3%A1nsito%20para%20realizaci%C3%B3n%20de%20Feria%20Libre%20V%C3%ADctor%20Domingo%20Silva&#038;url=https:\/\/radiorevelacionfm.cl\/?p=48445' aria-hidden='false' data-av_icon='\ue8fc' data-av_iconfont='entypo-fontello' title='' data-avia-related-tooltip='Compartir en LinkedIn' rel=\"noopener\"><span class='avia_hidden_link_text'>Compartir en LinkedIn<\/span><\/a><\/li><li class='av-share-link av-social-link-mail' ><a  aria-label=\"Compartir por correo\" href='mailto:?subject=Se%20regularizan%20cortes%20de%20tr%C3%A1nsito%20para%20realizaci%C3%B3n%20de%20Feria%20Libre%20V%C3%ADctor%20Domingo%20Silva&#038;body=https:\/\/radiorevelacionfm.cl\/?p=48445' aria-hidden='false' data-av_icon='\ue805' data-av_iconfont='entypo-fontello' title='' data-avia-related-tooltip='Compartir por correo'><span class='avia_hidden_link_text'>Compartir por correo<\/span><\/a><\/li><\/ul><\/div><\/div>\n<div  style='height:50px' class='hr hr-invisible   avia-builder-el-8  el_after_av_social_share  el_before_av_comments_list '><span class='hr-inner ' ><span class='hr-inner-style'><\/span><\/span><\/div>\n<div  class='av-buildercomment  av-blog-meta-html-info-disabled av-blog-meta-tag-disabled  '><\/div>\n","protected":false},"excerpt":{"rendered":"","protected":false},"author":1,"featured_media":48446,"comment_status":"open","ping_status":"open","sticky":false,"template":"","format":"standard","meta":{"footnotes":""},"categories":[38],"tags":[],"class_list":["post-48445","post","type-post","status-publish","format-standard","has-post-thumbnail","hentry","category-regional"],"jetpack_featured_media_url":"https:\/\/radiorevelacionfm.cl\/wp-content\/uploads\/2024\/12\/dsc_0245-2_optimized-1.jpg","_links":{"self":[{"href":"https:\/\/radiorevelacionfm.cl\/index.php?rest_route=\/wp\/v2\/posts\/48445","targetHints":{"allow":["GET"]}}],"collection":[{"href":"https:\/\/radiorevelacionfm.cl\/index.php?rest_route=\/wp\/v2\/posts"}],"about":[{"href":"https:\/\/radiorevelacionfm.cl\/index.php?rest_route=\/wp\/v2\/types\/post"}],"author":[{"embeddable":true,"href":"https:\/\/radiorevelacionfm.cl\/index.php?rest_route=\/wp\/v2\/users\/1"}],"replies":[{"embeddable":true,"href":"https:\/\/radiorevelacionfm.cl\/index.php?rest_route=%2Fwp%2Fv2%2Fcomments&post=48445"}],"version-history":[{"count":1,"href":"https:\/\/radiorevelacionfm.cl\/index.php?rest_route=\/wp\/v2\/posts\/48445\/revisions"}],"predecessor-version":[{"id":48447,"href":"https:\/\/radiorevelacionfm.cl\/index.php?rest_route=\/wp\/v2\/posts\/48445\/revisions\/48447"}],"wp:featuredmedia":[{"embeddable":true,"href":"https:\/\/radiorevelacionfm.cl\/index.php?rest_route=\/wp\/v2\/media\/48446"}],"wp:attachment":[{"href":"https:\/\/radiorevelacionfm.cl\/index.php?rest_route=%2Fwp%2Fv2%2Fmedia&parent=48445"}],"wp:term":[{"taxonomy":"category","embeddable":true,"href":"https:\/\/radiorevelacionfm.cl\/index.php?rest_route=%2Fwp%2Fv2%2Fcategories&post=48445"},{"taxonomy":"post_tag","embeddable":true,"href":"https:\/\/radiorevelacionfm.cl\/index.php?rest_route=%2Fwp%2Fv2%2Ftags&post=48445"}],"curies":[{"name":"wp","href":"https:\/\/api.w.org\/{rel}","templated":true}]}}