{"id":48442,"date":"2024-12-02T15:12:20","date_gmt":"2024-12-02T18:12:20","guid":{"rendered":"https:\/\/radiorevelacionfm.cl\/?p=48442"},"modified":"2024-12-02T15:12:20","modified_gmt":"2024-12-02T18:12:20","slug":"aguinaldo-de-navidad-2024-pensionados-y-pensionadas-de-aysen-comienzan-a-recibir-el-tradicional-beneficio","status":"publish","type":"post","link":"https:\/\/radiorevelacionfm.cl\/?p=48442","title":{"rendered":"Aguinaldo de Navidad 2024: Pensionados y pensionadas de Ays\u00e9n comienzan a recibir el tradicional beneficio"},"content":{"rendered":"<div class=\"flex_column av_one_full  flex_column_div av-zero-column-padding first  avia-builder-el-0  el_before_av_one_full  avia-builder-el-first  \" style='border-radius:0px; '><div  class='avia-image-container  av-styling-    avia-builder-el-1  avia-builder-el-no-sibling  avia-align-center '  itemprop=\"image\" itemscope=\"itemscope\" itemtype=\"https:\/\/schema.org\/ImageObject\"  ><div class='avia-image-container-inner'><div class='avia-image-overlay-wrap'><img decoding=\"async\" class='wp-image-48443 avia-img-lazy-loading-not-48443 avia_image' src=\"https:\/\/radiorevelacionfm.cl\/wp-content\/uploads\/2024\/12\/aguinaldo-navidad-1_optimized.jpg\" alt='' title='aguinaldo-navidad-(1)_optimized' height=\"600\" width=\"1125\"  itemprop=\"thumbnailUrl\" srcset=\"https:\/\/radiorevelacionfm.cl\/wp-content\/uploads\/2024\/12\/aguinaldo-navidad-1_optimized.jpg 1125w, https:\/\/radiorevelacionfm.cl\/wp-content\/uploads\/2024\/12\/aguinaldo-navidad-1_optimized-300x160.jpg 300w, https:\/\/radiorevelacionfm.cl\/wp-content\/uploads\/2024\/12\/aguinaldo-navidad-1_optimized-1030x549.jpg 1030w, https:\/\/radiorevelacionfm.cl\/wp-content\/uploads\/2024\/12\/aguinaldo-navidad-1_optimized-768x410.jpg 768w, https:\/\/radiorevelacionfm.cl\/wp-content\/uploads\/2024\/12\/aguinaldo-navidad-1_optimized-705x376.jpg 705w, https:\/\/radiorevelacionfm.cl\/wp-content\/uploads\/2024\/12\/aguinaldo-navidad-1_optimized-450x240.jpg 450w, https:\/\/radiorevelacionfm.cl\/wp-content\/uploads\/2024\/12\/aguinaldo-navidad-1_optimized-600x320.jpg 600w\" sizes=\"(max-width: 1125px) 100vw, 1125px\" \/><\/div><\/div><\/div><\/div><div class=\"flex_column av_one_full  flex_column_div av-zero-column-padding first  avia-builder-el-2  el_after_av_one_full  el_before_av_one_full  column-top-margin\" style='border-radius:0px; '><section class=\"av_textblock_section \"  itemscope=\"itemscope\" itemtype=\"https:\/\/schema.org\/BlogPosting\" itemprop=\"blogPost\" ><div class='avia_textblock  '   itemprop=\"text\" ><p style=\"text-align: center;\"><strong><span style=\"font-size: 18pt;\">Aguinaldo de Navidad 2024: Pensionados y pensionadas de Ays\u00e9n comienzan a recibir el tradicional beneficio<\/span><\/strong><\/p>\n<div id=\"gtx-trans\" style=\"position: absolute; left: -50px; top: 4.31534px;\">\n<div class=\"gtx-trans-icon\"><\/div>\n<\/div>\n<\/div><\/section><\/div><div class=\"flex_column av_one_full  flex_column_div av-zero-column-padding first  avia-builder-el-4  el_after_av_one_full  el_before_av_hr  column-top-margin\" style='border-radius:0px; '><section class=\"av_textblock_section \"  itemscope=\"itemscope\" itemtype=\"https:\/\/schema.org\/BlogPosting\" itemprop=\"blogPost\" ><div class='avia_textblock  '   itemprop=\"text\" ><p style=\"text-align: justify;\">M\u00e1s de 13 mil 200 personas pensionadas de nuestra regi\u00f3n recibir\u00e1n este mes el esperado Aguinaldo Navide\u00f1o correspondiente al 2024.<\/p>\n<p style=\"text-align: justify;\">De acuerdo con lo anunciado por el director regional del Instituto de Previsi\u00f3n Social &#8211; IPS, Rodrigo D\u00edaz Cordaro, el pago del tradicional beneficio inicia este lunes 2 de diciembre. y est\u00e1 dirigido a todas aquellas personas que cumplen con los requisitos establecidos en la ley.<\/p>\n<p style=\"text-align: justify;\">\u201cEste a\u00f1o, el ansiado Aguinaldo de Navidad asciende a un monto de 27 mil 884 pesos por pensionado. Y en los casos de quienes cuenten con cargas familiares, el monto se incrementa en 15 mil 753 pesos por cada carga familiar acreditada al 30 de noviembre de 2024\u201d, se\u00f1al\u00f3 la autoridad.<\/p>\n<p style=\"text-align: justify;\">A esta buena noticia se sum\u00f3 tambi\u00e9n la seremi del Trabajo y Previsi\u00f3n Social, Camila Covarrubias Retamal, quien se refiri\u00f3 a los montos de inversi\u00f3n que este beneficio ha implicado. \u00abComo Ministerio del Trabajo y Previsi\u00f3n Social, a trav\u00e9s del Instituto de Previsi\u00f3n Social, IPS, comenzamos a pagar este lunes el aguinaldo de Navidad. Ser\u00e1n 13 mil 213 los beneficiarios y beneficiarias en nuestra Regi\u00f3n de Ays\u00e9n, quienes recibir\u00e1n este aporte del Estado y que es un apoyo para esta \u00e9poca del a\u00f1o, el cual implica una inversi\u00f3n de 368 millones 521 mil 161 pesos a nivel regional y m\u00e1s de 79 mil millones de pesos a nivel nacional. Como Gobierno del Presidente Gabriel Boric tenemos una preocupaci\u00f3n especial por los pensionados y pensionadas y esperamos que el pr\u00f3ximo a\u00f1o, en esta misma fecha, tengamos ya una Reforma de Pensiones que les entregue una mejor calidad\u00a0de\u00a0vida\u00bb, expres\u00f3.<\/p>\n<p style=\"text-align: justify;\">Por su parte, D\u00edaz Cordaro enfatiz\u00f3 que \u201ceste beneficio llegar\u00e1 antes del 24 de diciembre y de manera autom\u00e1tica a cada una de las personas que cumplen con los requisitos establecidos en la ley, sin necesidad de tr\u00e1mites ni solicitudes. Por ello, la invitaci\u00f3n es a tener precauci\u00f3n ante eventuales intentos de fraude de sitios web no oficiales u otras formas de contacto que inviten a postular a este beneficio. Nuestro objetivo como Estado tambi\u00e9n es ayudar a proteger los datos e ingresos de las personas pensionadas, por eso les llamamos a estar alertas a los intentos de estafas y fraudes\u201d, concluy\u00f3 el directivo.<\/p>\n<p style=\"text-align: justify;\">Cabe recordar que este beneficio est\u00e1 dirigido a todas aquellas personas que, al 30 de noviembre de 2024, tengan la calidad de pensionados y pensionadas del Instituto de Previsi\u00f3n Social (IPS), incluidas las personas con Pensi\u00f3n Garantizada Universal (PGU). Tambi\u00e9n los pensionado y pensionadas de Dipreca y Capredena; del Instituto de Seguridad Laboral; y de las mutualidades de empleadores de la Ley N\u00b0 16.744 de Accidentes del Trabajo.<\/p>\n<p style=\"text-align: justify;\">En el caso de personas pensionadas del Sistema de AFP, lo reciben s\u00f3lo si reciben, adem\u00e1s, el beneficio de la PGU, Aporte Previsional Solidario (APS) o Garant\u00eda Estatal. Adem\u00e1s, les corresponde el aguinaldo a las personas que reciben Subsidio por Discapacidad Mental, F\u00edsica o Sensorial Severa (Ley N\u00b0 21.419).<\/p>\n<p style=\"text-align: justify;\">Para informaci\u00f3n general sobre las caracter\u00edsticas del beneficio, se puede consultar en www.chileatiende.cl, redes sociales @ChileAtiende en X, Facebook e Instagram o llamar al Call Center 600 440 0040.<\/p>\n<p style=\"text-align: justify;\"><u>\u00a0<\/u><\/p>\n<\/div><\/section><\/div><div  style='height:50px' class='hr hr-invisible   avia-builder-el-6  el_after_av_one_full  el_before_av_social_share '><span class='hr-inner ' ><span class='hr-inner-style'><\/span><\/span><\/div><\/p>\n<div  class='av-social-sharing-box  avia-builder-el-7  el_after_av_hr  el_before_av_hr  '><div class='av-share-box'><h5 class='av-share-link-description av-no-toc '>Compartir esta noticia<\/h5><ul class='av-share-box-list noLightbox'><li class='av-share-link av-social-link-facebook' ><a target=\"_blank\" aria-label=\"Compartir en Facebook\" href='https:\/\/www.facebook.com\/sharer.php?u=https:\/\/radiorevelacionfm.cl\/?p=48442&#038;t=Aguinaldo%20de%20Navidad%202024%3A%20Pensionados%20y%20pensionadas%20de%20Ays%C3%A9n%20comienzan%20a%20recibir%20el%20tradicional%20beneficio' aria-hidden='false' data-av_icon='\ue8f3' data-av_iconfont='entypo-fontello' title='' data-avia-related-tooltip='Compartir en Facebook' rel=\"noopener\"><span class='avia_hidden_link_text'>Compartir en Facebook<\/span><\/a><\/li><li class='av-share-link av-social-link-twitter' ><a target=\"_blank\" aria-label=\"Compartir en Twitter\" href='https:\/\/twitter.com\/share?text=Aguinaldo%20de%20Navidad%202024%3A%20Pensionados%20y%20pensionadas%20de%20Ays%C3%A9n%20comienzan%20a%20recibir%20el%20tradicional%20beneficio&#038;url=https:\/\/radiorevelacionfm.cl\/?p=48442' aria-hidden='false' data-av_icon='\ue8f1' data-av_iconfont='entypo-fontello' title='' data-avia-related-tooltip='Compartir en Twitter' rel=\"noopener\"><span class='avia_hidden_link_text'>Compartir en Twitter<\/span><\/a><\/li><li class='av-share-link av-social-link-whatsapp' ><a target=\"_blank\" aria-label=\"Compartir en Whatsapp\" href='https:\/\/api.whatsapp.com\/send?text=https:\/\/radiorevelacionfm.cl\/?p=48442' aria-hidden='false' data-av_icon='\uf232' data-av_iconfont='entypo-fontello' title='' data-avia-related-tooltip='Compartir en Whatsapp' rel=\"noopener\"><span class='avia_hidden_link_text'>Compartir en Whatsapp<\/span><\/a><\/li><li class='av-share-link av-social-link-linkedin' ><a target=\"_blank\" aria-label=\"Compartir en LinkedIn\" href='https:\/\/linkedin.com\/shareArticle?mini=true&#038;title=Aguinaldo%20de%20Navidad%202024%3A%20Pensionados%20y%20pensionadas%20de%20Ays%C3%A9n%20comienzan%20a%20recibir%20el%20tradicional%20beneficio&#038;url=https:\/\/radiorevelacionfm.cl\/?p=48442' aria-hidden='false' data-av_icon='\ue8fc' data-av_iconfont='entypo-fontello' title='' data-avia-related-tooltip='Compartir en LinkedIn' rel=\"noopener\"><span class='avia_hidden_link_text'>Compartir en LinkedIn<\/span><\/a><\/li><li class='av-share-link av-social-link-mail' ><a  aria-label=\"Compartir por correo\" href='mailto:?subject=Aguinaldo%20de%20Navidad%202024%3A%20Pensionados%20y%20pensionadas%20de%20Ays%C3%A9n%20comienzan%20a%20recibir%20el%20tradicional%20beneficio&#038;body=https:\/\/radiorevelacionfm.cl\/?p=48442' aria-hidden='false' data-av_icon='\ue805' data-av_iconfont='entypo-fontello' title='' data-avia-related-tooltip='Compartir por correo'><span class='avia_hidden_link_text'>Compartir por correo<\/span><\/a><\/li><\/ul><\/div><\/div>\n<div  style='height:50px' class='hr hr-invisible   avia-builder-el-8  el_after_av_social_share  el_before_av_comments_list '><span class='hr-inner ' ><span class='hr-inner-style'><\/span><\/span><\/div>\n<div  class='av-buildercomment  av-blog-meta-html-info-disabled av-blog-meta-tag-disabled  '><\/div>\n","protected":false},"excerpt":{"rendered":"","protected":false},"author":1,"featured_media":48443,"comment_status":"open","ping_status":"open","sticky":false,"template":"","format":"standard","meta":{"footnotes":""},"categories":[38],"tags":[],"class_list":["post-48442","post","type-post","status-publish","format-standard","has-post-thumbnail","hentry","category-regional"],"jetpack_featured_media_url":"https:\/\/radiorevelacionfm.cl\/wp-content\/uploads\/2024\/12\/aguinaldo-navidad-1_optimized.jpg","_links":{"self":[{"href":"https:\/\/radiorevelacionfm.cl\/index.php?rest_route=\/wp\/v2\/posts\/48442","targetHints":{"allow":["GET"]}}],"collection":[{"href":"https:\/\/radiorevelacionfm.cl\/index.php?rest_route=\/wp\/v2\/posts"}],"about":[{"href":"https:\/\/radiorevelacionfm.cl\/index.php?rest_route=\/wp\/v2\/types\/post"}],"author":[{"embeddable":true,"href":"https:\/\/radiorevelacionfm.cl\/index.php?rest_route=\/wp\/v2\/users\/1"}],"replies":[{"embeddable":true,"href":"https:\/\/radiorevelacionfm.cl\/index.php?rest_route=%2Fwp%2Fv2%2Fcomments&post=48442"}],"version-history":[{"count":1,"href":"https:\/\/radiorevelacionfm.cl\/index.php?rest_route=\/wp\/v2\/posts\/48442\/revisions"}],"predecessor-version":[{"id":48444,"href":"https:\/\/radiorevelacionfm.cl\/index.php?rest_route=\/wp\/v2\/posts\/48442\/revisions\/48444"}],"wp:featuredmedia":[{"embeddable":true,"href":"https:\/\/radiorevelacionfm.cl\/index.php?rest_route=\/wp\/v2\/media\/48443"}],"wp:attachment":[{"href":"https:\/\/radiorevelacionfm.cl\/index.php?rest_route=%2Fwp%2Fv2%2Fmedia&parent=48442"}],"wp:term":[{"taxonomy":"category","embeddable":true,"href":"https:\/\/radiorevelacionfm.cl\/index.php?rest_route=%2Fwp%2Fv2%2Fcategories&post=48442"},{"taxonomy":"post_tag","embeddable":true,"href":"https:\/\/radiorevelacionfm.cl\/index.php?rest_route=%2Fwp%2Fv2%2Ftags&post=48442"}],"curies":[{"name":"wp","href":"https:\/\/api.w.org\/{rel}","templated":true}]}}