{"id":48439,"date":"2024-12-02T12:14:37","date_gmt":"2024-12-02T15:14:37","guid":{"rendered":"https:\/\/radiorevelacionfm.cl\/?p=48439"},"modified":"2024-12-02T12:14:37","modified_gmt":"2024-12-02T15:14:37","slug":"crean-fundacion-techo-digno-compuesto-por-24-comites-de-vivienda-de-puerto-aysen","status":"publish","type":"post","link":"https:\/\/radiorevelacionfm.cl\/?p=48439","title":{"rendered":"Crean fundaci\u00f3n \u00abTecho Digno\u00bb compuesto por 24 comit\u00e9s de vivienda de Puerto Ays\u00e9n"},"content":{"rendered":"<div class=\"flex_column av_one_full  flex_column_div av-zero-column-padding first  avia-builder-el-0  el_before_av_one_full  avia-builder-el-first  \" style='border-radius:0px; '><div  class='avia-image-container  av-styling-    avia-builder-el-1  avia-builder-el-no-sibling  avia-align-center '  itemprop=\"image\" itemscope=\"itemscope\" itemtype=\"https:\/\/schema.org\/ImageObject\"  ><div class='avia-image-container-inner'><div class='avia-image-overlay-wrap'><img decoding=\"async\" class='wp-image-48440 avia-img-lazy-loading-not-48440 avia_image' src=\"https:\/\/radiorevelacionfm.cl\/wp-content\/uploads\/2024\/12\/foto-fundaciOn-24-comitEs-1_optimized.jpg\" alt='' title='foto-fundaci\u00d3n-24-comit\u00c9s-(1)_optimized' height=\"600\" width=\"800\"  itemprop=\"thumbnailUrl\" srcset=\"https:\/\/radiorevelacionfm.cl\/wp-content\/uploads\/2024\/12\/foto-fundaciOn-24-comitEs-1_optimized.jpg 800w, https:\/\/radiorevelacionfm.cl\/wp-content\/uploads\/2024\/12\/foto-fundaciOn-24-comitEs-1_optimized-300x225.jpg 300w, https:\/\/radiorevelacionfm.cl\/wp-content\/uploads\/2024\/12\/foto-fundaciOn-24-comitEs-1_optimized-768x576.jpg 768w, https:\/\/radiorevelacionfm.cl\/wp-content\/uploads\/2024\/12\/foto-fundaciOn-24-comitEs-1_optimized-705x529.jpg 705w, https:\/\/radiorevelacionfm.cl\/wp-content\/uploads\/2024\/12\/foto-fundaciOn-24-comitEs-1_optimized-450x338.jpg 450w, https:\/\/radiorevelacionfm.cl\/wp-content\/uploads\/2024\/12\/foto-fundaciOn-24-comitEs-1_optimized-600x450.jpg 600w\" sizes=\"(max-width: 800px) 100vw, 800px\" \/><\/div><\/div><\/div><\/div><div class=\"flex_column av_one_full  flex_column_div av-zero-column-padding first  avia-builder-el-2  el_after_av_one_full  el_before_av_one_full  column-top-margin\" style='border-radius:0px; '><section class=\"av_textblock_section \"  itemscope=\"itemscope\" itemtype=\"https:\/\/schema.org\/BlogPosting\" itemprop=\"blogPost\" ><div class='avia_textblock  '   itemprop=\"text\" ><p style=\"text-align: center;\"><strong><span style=\"font-size: 18pt;\">Crean fundaci\u00f3n \u00abTecho Digno\u00bb compuesto por 24 comit\u00e9s de vivienda de Puerto Ays\u00e9n<\/span><\/strong><\/p>\n<div id=\"gtx-trans\" style=\"position: absolute; left: -50px; top: 4.31534px;\">\n<div class=\"gtx-trans-icon\"><\/div>\n<\/div>\n<\/div><\/section><\/div><div class=\"flex_column av_one_full  flex_column_div av-zero-column-padding first  avia-builder-el-4  el_after_av_one_full  el_before_av_hr  column-top-margin\" style='border-radius:0px; '><section class=\"av_textblock_section \"  itemscope=\"itemscope\" itemtype=\"https:\/\/schema.org\/BlogPosting\" itemprop=\"blogPost\" ><div class='avia_textblock  '   itemprop=\"text\" ><p style=\"font-weight: 400; text-align: justify;\"><strong>Techo Digno<\/strong>\u00a0es el nombre de la Fundaci\u00f3n creada por 24 comit\u00e9s de vivienda de Puerto Ays\u00e9n y que cuenta con la colaboraci\u00f3n del Diputado Miguel \u00c1ngel Calisto, la que tiene como fin sacar adelante estos proyectos habitacionales, muchos de los cuales llevan varios a\u00f1os esperando.<\/p>\n<p style=\"font-weight: 400; text-align: justify;\">Seg\u00fan el diputado Calisto, \u201csostuvimos una importante reuni\u00f3n con estos 24 comit\u00e9s de vivienda de Puerto Ays\u00e9n, quienes se agrupan en una fundaci\u00f3n que tiene como finalidad la coordinaci\u00f3n con los dirigentes y con los socios para sacar adelante los proyectos habitacionales. Puerto Ays\u00e9n particularmente ha tenido un avance sustantivo en esta materia\u201d.<\/p>\n<p style=\"font-weight: 400; text-align: justify;\">Calisto se\u00f1al\u00f3 que \u201cjuntos hemos logrado sacar adelante los comit\u00e9s de Ruka Mew, El Canelo, Uni\u00f3n Verdadera y Justicia, el proyecto habitacional de Cerro Cord\u00f3n, Calafate, Sue\u00f1o Patag\u00f3n, Amuy\u00e9n 1, Amuy\u00e9n 2, El Nogal, Llave So\u00f1ada, en fin, muchos proyectos habitacionales que se han concretado y por eso es que estamos hoy d\u00eda trabajando fuertemente con 24 comit\u00e9s m\u00e1s que se han agrupado\u201d.<\/p>\n<p style=\"font-weight: 400; text-align: justify;\">\u201cEs necesario sacar adelante los compromisos que se han resuelto por parte del Minvu, que tienen que ver con el compromiso de los terrenos, por ejemplo, de la habilitaci\u00f3n y de los subsidios habitacionales. Nosotros vamos a seguir acompa\u00f1ando este proceso\u201d.<\/p>\n<p style=\"font-weight: 400; text-align: justify;\">Por su parte, Ruth Gam\u00edn, dirigenta habitacional e impulsora de esta fundaci\u00f3n, se\u00f1al\u00f3 que \u201cen vista de que no nos pudimos conformar como gremio ni asociaci\u00f3n por temas burocr\u00e1ticos, decidimos crear una fundaci\u00f3n, la cual se llamar\u00e1 Techo Digno. Estamos muy contentos con esto. Agradecemos el apoyo siempre de nuestro diputado, Miguel \u00c1ngel Calisto. Esperamos seguir trabajando para la comunidad en beneficio de poder acortar los tiempos del sue\u00f1o de la casa propia\u201d.<\/p>\n<p style=\"font-weight: 400; text-align: justify;\">Finalmente, Ana Karen C\u00e1rdenas, presidenta del Comit\u00e9 Fuerza Ays\u00e9n, asegur\u00f3 que esta agrupaci\u00f3n para m\u00ed es fundamental, es ideal que nuestros pol\u00edticos que est\u00e9n aqu\u00ed, como el diputado, que se coloquen las pilas y nos apoyen, porque todos tenemos que remar para el\u00a0 mismo lado, para tener\u00a0 nuestra casa propia\u201d.<\/p>\n<\/div><\/section><\/div><div  style='height:50px' class='hr hr-invisible   avia-builder-el-6  el_after_av_one_full  el_before_av_social_share '><span class='hr-inner ' ><span class='hr-inner-style'><\/span><\/span><\/div><\/p>\n<div  class='av-social-sharing-box  avia-builder-el-7  el_after_av_hr  el_before_av_hr  '><div class='av-share-box'><h5 class='av-share-link-description av-no-toc '>Compartir esta noticia<\/h5><ul class='av-share-box-list noLightbox'><li class='av-share-link av-social-link-facebook' ><a target=\"_blank\" aria-label=\"Compartir en Facebook\" href='https:\/\/www.facebook.com\/sharer.php?u=https:\/\/radiorevelacionfm.cl\/?p=48439&#038;t=Crean%20fundaci%C3%B3n%20%C2%ABTecho%20Digno%C2%BB%20compuesto%20por%2024%20comit%C3%A9s%20de%20vivienda%20de%20Puerto%20Ays%C3%A9n' aria-hidden='false' data-av_icon='\ue8f3' data-av_iconfont='entypo-fontello' title='' data-avia-related-tooltip='Compartir en Facebook' rel=\"noopener\"><span class='avia_hidden_link_text'>Compartir en Facebook<\/span><\/a><\/li><li class='av-share-link av-social-link-twitter' ><a target=\"_blank\" aria-label=\"Compartir en Twitter\" href='https:\/\/twitter.com\/share?text=Crean%20fundaci%C3%B3n%20%C2%ABTecho%20Digno%C2%BB%20compuesto%20por%2024%20comit%C3%A9s%20de%20vivienda%20de%20Puerto%20Ays%C3%A9n&#038;url=https:\/\/radiorevelacionfm.cl\/?p=48439' aria-hidden='false' data-av_icon='\ue8f1' data-av_iconfont='entypo-fontello' title='' data-avia-related-tooltip='Compartir en Twitter' rel=\"noopener\"><span class='avia_hidden_link_text'>Compartir en Twitter<\/span><\/a><\/li><li class='av-share-link av-social-link-whatsapp' ><a target=\"_blank\" aria-label=\"Compartir en Whatsapp\" href='https:\/\/api.whatsapp.com\/send?text=https:\/\/radiorevelacionfm.cl\/?p=48439' aria-hidden='false' data-av_icon='\uf232' data-av_iconfont='entypo-fontello' title='' data-avia-related-tooltip='Compartir en Whatsapp' rel=\"noopener\"><span class='avia_hidden_link_text'>Compartir en Whatsapp<\/span><\/a><\/li><li class='av-share-link av-social-link-linkedin' ><a target=\"_blank\" aria-label=\"Compartir en LinkedIn\" href='https:\/\/linkedin.com\/shareArticle?mini=true&#038;title=Crean%20fundaci%C3%B3n%20%C2%ABTecho%20Digno%C2%BB%20compuesto%20por%2024%20comit%C3%A9s%20de%20vivienda%20de%20Puerto%20Ays%C3%A9n&#038;url=https:\/\/radiorevelacionfm.cl\/?p=48439' aria-hidden='false' data-av_icon='\ue8fc' data-av_iconfont='entypo-fontello' title='' data-avia-related-tooltip='Compartir en LinkedIn' rel=\"noopener\"><span class='avia_hidden_link_text'>Compartir en LinkedIn<\/span><\/a><\/li><li class='av-share-link av-social-link-mail' ><a  aria-label=\"Compartir por correo\" href='mailto:?subject=Crean%20fundaci%C3%B3n%20%C2%ABTecho%20Digno%C2%BB%20compuesto%20por%2024%20comit%C3%A9s%20de%20vivienda%20de%20Puerto%20Ays%C3%A9n&#038;body=https:\/\/radiorevelacionfm.cl\/?p=48439' aria-hidden='false' data-av_icon='\ue805' data-av_iconfont='entypo-fontello' title='' data-avia-related-tooltip='Compartir por correo'><span class='avia_hidden_link_text'>Compartir por correo<\/span><\/a><\/li><\/ul><\/div><\/div>\n<div  style='height:50px' class='hr hr-invisible   avia-builder-el-8  el_after_av_social_share  el_before_av_comments_list '><span class='hr-inner ' ><span class='hr-inner-style'><\/span><\/span><\/div>\n<div  class='av-buildercomment  av-blog-meta-html-info-disabled av-blog-meta-tag-disabled  '><\/div>\n","protected":false},"excerpt":{"rendered":"","protected":false},"author":1,"featured_media":48440,"comment_status":"open","ping_status":"open","sticky":false,"template":"","format":"standard","meta":{"footnotes":""},"categories":[38],"tags":[],"class_list":["post-48439","post","type-post","status-publish","format-standard","has-post-thumbnail","hentry","category-regional"],"jetpack_featured_media_url":"https:\/\/radiorevelacionfm.cl\/wp-content\/uploads\/2024\/12\/foto-fundaciOn-24-comitEs-1_optimized.jpg","_links":{"self":[{"href":"https:\/\/radiorevelacionfm.cl\/index.php?rest_route=\/wp\/v2\/posts\/48439","targetHints":{"allow":["GET"]}}],"collection":[{"href":"https:\/\/radiorevelacionfm.cl\/index.php?rest_route=\/wp\/v2\/posts"}],"about":[{"href":"https:\/\/radiorevelacionfm.cl\/index.php?rest_route=\/wp\/v2\/types\/post"}],"author":[{"embeddable":true,"href":"https:\/\/radiorevelacionfm.cl\/index.php?rest_route=\/wp\/v2\/users\/1"}],"replies":[{"embeddable":true,"href":"https:\/\/radiorevelacionfm.cl\/index.php?rest_route=%2Fwp%2Fv2%2Fcomments&post=48439"}],"version-history":[{"count":1,"href":"https:\/\/radiorevelacionfm.cl\/index.php?rest_route=\/wp\/v2\/posts\/48439\/revisions"}],"predecessor-version":[{"id":48441,"href":"https:\/\/radiorevelacionfm.cl\/index.php?rest_route=\/wp\/v2\/posts\/48439\/revisions\/48441"}],"wp:featuredmedia":[{"embeddable":true,"href":"https:\/\/radiorevelacionfm.cl\/index.php?rest_route=\/wp\/v2\/media\/48440"}],"wp:attachment":[{"href":"https:\/\/radiorevelacionfm.cl\/index.php?rest_route=%2Fwp%2Fv2%2Fmedia&parent=48439"}],"wp:term":[{"taxonomy":"category","embeddable":true,"href":"https:\/\/radiorevelacionfm.cl\/index.php?rest_route=%2Fwp%2Fv2%2Fcategories&post=48439"},{"taxonomy":"post_tag","embeddable":true,"href":"https:\/\/radiorevelacionfm.cl\/index.php?rest_route=%2Fwp%2Fv2%2Ftags&post=48439"}],"curies":[{"name":"wp","href":"https:\/\/api.w.org\/{rel}","templated":true}]}}