{"id":48436,"date":"2024-12-02T14:40:46","date_gmt":"2024-12-02T17:40:46","guid":{"rendered":"https:\/\/radiorevelacionfm.cl\/?p=48436"},"modified":"2024-12-02T14:40:46","modified_gmt":"2024-12-02T17:40:46","slug":"mas-de-cinco-mil-personas-participaron-del-festival-de-teatro-patagonia-en-escena","status":"publish","type":"post","link":"https:\/\/radiorevelacionfm.cl\/?p=48436","title":{"rendered":"M\u00e1s de cinco mil personas participaron del Festival de Teatro \u00abPatagonia en Escena\u00bb"},"content":{"rendered":"<div class=\"flex_column av_one_full  flex_column_div av-zero-column-padding first  avia-builder-el-0  el_before_av_one_full  avia-builder-el-first  \" style='border-radius:0px; '><div  class='avia-image-container  av-styling-    avia-builder-el-1  avia-builder-el-no-sibling  avia-align-center '  itemprop=\"image\" itemscope=\"itemscope\" itemtype=\"https:\/\/schema.org\/ImageObject\"  ><div class='avia-image-container-inner'><div class='avia-image-overlay-wrap'><img decoding=\"async\" class='wp-image-48437 avia-img-lazy-loading-not-48437 avia_image' src=\"https:\/\/radiorevelacionfm.cl\/wp-content\/uploads\/2024\/12\/CMS_6747-1-1.jpg\" alt='' title='CMS_6747 (1) (1)' height=\"600\" width=\"900\"  itemprop=\"thumbnailUrl\" srcset=\"https:\/\/radiorevelacionfm.cl\/wp-content\/uploads\/2024\/12\/CMS_6747-1-1.jpg 900w, https:\/\/radiorevelacionfm.cl\/wp-content\/uploads\/2024\/12\/CMS_6747-1-1-300x200.jpg 300w, https:\/\/radiorevelacionfm.cl\/wp-content\/uploads\/2024\/12\/CMS_6747-1-1-768x512.jpg 768w, https:\/\/radiorevelacionfm.cl\/wp-content\/uploads\/2024\/12\/CMS_6747-1-1-705x470.jpg 705w, https:\/\/radiorevelacionfm.cl\/wp-content\/uploads\/2024\/12\/CMS_6747-1-1-450x300.jpg 450w, https:\/\/radiorevelacionfm.cl\/wp-content\/uploads\/2024\/12\/CMS_6747-1-1-600x400.jpg 600w\" sizes=\"(max-width: 900px) 100vw, 900px\" \/><\/div><\/div><\/div><\/div><div class=\"flex_column av_one_full  flex_column_div av-zero-column-padding first  avia-builder-el-2  el_after_av_one_full  el_before_av_one_full  column-top-margin\" style='border-radius:0px; '><section class=\"av_textblock_section \"  itemscope=\"itemscope\" itemtype=\"https:\/\/schema.org\/BlogPosting\" itemprop=\"blogPost\" ><div class='avia_textblock  '   itemprop=\"text\" ><p style=\"text-align: center;\"><span style=\"font-size: 18pt;\"><b><span lang=\"ES-CL\">M\u00e1s de cinco mil personas participaron del Festival de Teatro \u00abPatagonia en Escena\u00bb<\/span><\/b><\/span><\/p>\n<div id=\"gtx-trans\" style=\"position: absolute; left: -50px; top: 4.31534px;\">\n<div class=\"gtx-trans-icon\"><\/div>\n<\/div>\n<\/div><\/section><\/div><div class=\"flex_column av_one_full  flex_column_div av-zero-column-padding first  avia-builder-el-4  el_after_av_one_full  el_before_av_hr  column-top-margin\" style='border-radius:0px; '><section class=\"av_textblock_section \"  itemscope=\"itemscope\" itemtype=\"https:\/\/schema.org\/BlogPosting\" itemprop=\"blogPost\" ><div class='avia_textblock  '   itemprop=\"text\" ><p style=\"font-weight: 400; text-align: justify;\"><em>D\u00e9cimo tercera versi\u00f3n de este encuentro en torno a las artes esc\u00e9nicas en la Regi\u00f3n de Ays\u00e9n reuni\u00f3 a la comunidad que particip\u00f3 activamente de distintos espect\u00e1culos teatrales, entre ellos, la obra \u201cEl H\u00fasar de la Muerte\u201d, del colectivo art\u00edstico La Patogallina.<\/em><\/p>\n<p style=\"font-weight: 400; text-align: justify;\">M\u00e1s de cinco mil personas participaron en una nueva versi\u00f3n del Festival de Teatro Patagonia en Escena, en la Regi\u00f3n de Ays\u00e9n, producido por la organizaci\u00f3n cultural comunitaria Malotun Ortiga. El evento se realiz\u00f3 gracias al financiamiento del Fondo Nacional de Fomento y Desarrollo de las Artes Esc\u00e9nicas, y el Programa de Apoyo a Organizaciones Culturales Colaboradoras (Convocatorias 2024), del Ministerio de las Culturas, las Artes y el Patrimonio; adem\u00e1s del 8% del Fondo Nacional de Desarrollo Regional del Gobierno Regional de Ays\u00e9n y el Fondo de Iniciativas Culturales de la Municipalidad de Coyhaique.<\/p>\n<p style=\"font-weight: 400; text-align: justify;\">Pasados algunos d\u00edas de la clausura, la directora del festival, Ver\u00f3nica Ibieta Bassili, reflexiona y realiza un positivo balance de la d\u00e9cimo tercera versi\u00f3n de este encuentro del teatro con la comunidad aysenina, que ofreci\u00f3 un total de 30 actividades en las localidades de Coyhaique, Puerto Ays\u00e9n y Villa Ortega. \u201cLa evaluaci\u00f3n final es altamente positiva, tuvimos una gran cantidad de p\u00fablico en las distintas localidades donde se desarrollaron cada una de las actividades, con una apreciaci\u00f3n por parte de la comunidad que demostr\u00f3 una satisfacci\u00f3n por la oportunidad de acceder a estas obras gratuitas\u201d, expres\u00f3 la organizadora.<\/p>\n<p style=\"font-weight: 400; text-align: justify;\">\u201cTuvimos una programaci\u00f3n variada, dirigida a la familia en general y tambi\u00e9n s\u00f3lo para adultos, con diferentes lenguajes teatrales. De las 30 actividades, 20 se realizaron en Coyhaique, 8 en Puerto Ays\u00e9n y 2 en Villa Ortega; de \u00e9stas, seis estuvieron dirigidas a p\u00fablico estudiante y cuatro correspondieron a actividades formativas gratuitas para la comunidad\u201d, agreg\u00f3 la actriz.<\/p>\n<p style=\"font-weight: 400; text-align: justify;\">Sobre la recepci\u00f3n del p\u00fablico, Ibieta se refiri\u00f3 a ciertas actividades m\u00e1s novedosas para la Regi\u00f3n de Ays\u00e9n. \u201cLlam\u00f3 la atenci\u00f3n lo relacionado al teatro callejero y tambi\u00e9n algo que nunca se hab\u00eda hecho ac\u00e1, el teatro de gabinete, es decir, donde las personas pod\u00edan ingresar a un espacio peque\u00f1o para interactuar con un personaje y una obra en un formato breve de cinco minutos, las personas disfrutaron mucho esta experiencia\u201d, afirm\u00f3 la directora de Patagonia en Escena.<\/p>\n<p style=\"font-weight: 400; text-align: justify;\">A\u00f1adi\u00f3 que \u201ctambi\u00e9n, destacaron dos obras en particular, una es \u2018Yeguas Sueltas\u2019 de Teatro Sur, que caus\u00f3 mucha emoci\u00f3n por la tem\u00e1tica trabajada, que aborda la primera protesta homosexual en Chile, que se llev\u00f3 a cabo en abril de 1973. Adem\u00e1s, m\u00e1s de mil personas participaron de la funci\u00f3n de \u2018El H\u00fasar de la Muerte\u2019 de La Patogallina, que se desarroll\u00f3 en el Gimnasio Regional de Coyhaique. Fue la primera vez que se presentaba en esa obra en la regi\u00f3n, hab\u00eda filas de personas para participar\u201d.<\/p>\n<p style=\"font-weight: 400; text-align: justify;\">\u201cEl Festival marca un hito importante para una regi\u00f3n que tiene muchas dificultades de acceso a las obras art\u00edsticas en general, por los altos costos de producci\u00f3n, como tambi\u00e9n por otros factores como el clima y el aislamiento, pero que tambi\u00e9n tiene el derecho a acceder a espect\u00e1culos de esta magnitud. Hay mucho agradecimiento y alegr\u00eda por parte de la comunidad\u201d, concluy\u00f3 Ver\u00f3nica Ibieta Bassili.<\/p>\n<\/div><\/section><\/div><div  style='height:50px' class='hr hr-invisible   avia-builder-el-6  el_after_av_one_full  el_before_av_social_share '><span class='hr-inner ' ><span class='hr-inner-style'><\/span><\/span><\/div><\/p>\n<div  class='av-social-sharing-box  avia-builder-el-7  el_after_av_hr  el_before_av_hr  '><div class='av-share-box'><h5 class='av-share-link-description av-no-toc '>Compartir esta noticia<\/h5><ul class='av-share-box-list noLightbox'><li class='av-share-link av-social-link-facebook' ><a target=\"_blank\" aria-label=\"Compartir en Facebook\" href='https:\/\/www.facebook.com\/sharer.php?u=https:\/\/radiorevelacionfm.cl\/?p=48436&#038;t=M%C3%A1s%20de%20cinco%20mil%20personas%20participaron%20del%20Festival%20de%20Teatro%20%C2%ABPatagonia%20en%20Escena%C2%BB' aria-hidden='false' data-av_icon='\ue8f3' data-av_iconfont='entypo-fontello' title='' data-avia-related-tooltip='Compartir en Facebook' rel=\"noopener\"><span class='avia_hidden_link_text'>Compartir en Facebook<\/span><\/a><\/li><li class='av-share-link av-social-link-twitter' ><a target=\"_blank\" aria-label=\"Compartir en Twitter\" href='https:\/\/twitter.com\/share?text=M%C3%A1s%20de%20cinco%20mil%20personas%20participaron%20del%20Festival%20de%20Teatro%20%C2%ABPatagonia%20en%20Escena%C2%BB&#038;url=https:\/\/radiorevelacionfm.cl\/?p=48436' aria-hidden='false' data-av_icon='\ue8f1' data-av_iconfont='entypo-fontello' title='' data-avia-related-tooltip='Compartir en Twitter' rel=\"noopener\"><span class='avia_hidden_link_text'>Compartir en Twitter<\/span><\/a><\/li><li class='av-share-link av-social-link-whatsapp' ><a target=\"_blank\" aria-label=\"Compartir en Whatsapp\" href='https:\/\/api.whatsapp.com\/send?text=https:\/\/radiorevelacionfm.cl\/?p=48436' aria-hidden='false' data-av_icon='\uf232' data-av_iconfont='entypo-fontello' title='' data-avia-related-tooltip='Compartir en Whatsapp' rel=\"noopener\"><span class='avia_hidden_link_text'>Compartir en Whatsapp<\/span><\/a><\/li><li class='av-share-link av-social-link-linkedin' ><a target=\"_blank\" aria-label=\"Compartir en LinkedIn\" href='https:\/\/linkedin.com\/shareArticle?mini=true&#038;title=M%C3%A1s%20de%20cinco%20mil%20personas%20participaron%20del%20Festival%20de%20Teatro%20%C2%ABPatagonia%20en%20Escena%C2%BB&#038;url=https:\/\/radiorevelacionfm.cl\/?p=48436' aria-hidden='false' data-av_icon='\ue8fc' data-av_iconfont='entypo-fontello' title='' data-avia-related-tooltip='Compartir en LinkedIn' rel=\"noopener\"><span class='avia_hidden_link_text'>Compartir en LinkedIn<\/span><\/a><\/li><li class='av-share-link av-social-link-mail' ><a  aria-label=\"Compartir por correo\" href='mailto:?subject=M%C3%A1s%20de%20cinco%20mil%20personas%20participaron%20del%20Festival%20de%20Teatro%20%C2%ABPatagonia%20en%20Escena%C2%BB&#038;body=https:\/\/radiorevelacionfm.cl\/?p=48436' aria-hidden='false' data-av_icon='\ue805' data-av_iconfont='entypo-fontello' title='' data-avia-related-tooltip='Compartir por correo'><span class='avia_hidden_link_text'>Compartir por correo<\/span><\/a><\/li><\/ul><\/div><\/div>\n<div  style='height:50px' class='hr hr-invisible   avia-builder-el-8  el_after_av_social_share  el_before_av_comments_list '><span class='hr-inner ' ><span class='hr-inner-style'><\/span><\/span><\/div>\n<div  class='av-buildercomment  av-blog-meta-html-info-disabled av-blog-meta-tag-disabled  '><\/div>\n","protected":false},"excerpt":{"rendered":"","protected":false},"author":1,"featured_media":48437,"comment_status":"open","ping_status":"open","sticky":false,"template":"","format":"standard","meta":{"footnotes":""},"categories":[52],"tags":[],"class_list":["post-48436","post","type-post","status-publish","format-standard","has-post-thumbnail","hentry","category-cultura"],"jetpack_featured_media_url":"https:\/\/radiorevelacionfm.cl\/wp-content\/uploads\/2024\/12\/CMS_6747-1-1.jpg","_links":{"self":[{"href":"https:\/\/radiorevelacionfm.cl\/index.php?rest_route=\/wp\/v2\/posts\/48436","targetHints":{"allow":["GET"]}}],"collection":[{"href":"https:\/\/radiorevelacionfm.cl\/index.php?rest_route=\/wp\/v2\/posts"}],"about":[{"href":"https:\/\/radiorevelacionfm.cl\/index.php?rest_route=\/wp\/v2\/types\/post"}],"author":[{"embeddable":true,"href":"https:\/\/radiorevelacionfm.cl\/index.php?rest_route=\/wp\/v2\/users\/1"}],"replies":[{"embeddable":true,"href":"https:\/\/radiorevelacionfm.cl\/index.php?rest_route=%2Fwp%2Fv2%2Fcomments&post=48436"}],"version-history":[{"count":1,"href":"https:\/\/radiorevelacionfm.cl\/index.php?rest_route=\/wp\/v2\/posts\/48436\/revisions"}],"predecessor-version":[{"id":48438,"href":"https:\/\/radiorevelacionfm.cl\/index.php?rest_route=\/wp\/v2\/posts\/48436\/revisions\/48438"}],"wp:featuredmedia":[{"embeddable":true,"href":"https:\/\/radiorevelacionfm.cl\/index.php?rest_route=\/wp\/v2\/media\/48437"}],"wp:attachment":[{"href":"https:\/\/radiorevelacionfm.cl\/index.php?rest_route=%2Fwp%2Fv2%2Fmedia&parent=48436"}],"wp:term":[{"taxonomy":"category","embeddable":true,"href":"https:\/\/radiorevelacionfm.cl\/index.php?rest_route=%2Fwp%2Fv2%2Fcategories&post=48436"},{"taxonomy":"post_tag","embeddable":true,"href":"https:\/\/radiorevelacionfm.cl\/index.php?rest_route=%2Fwp%2Fv2%2Ftags&post=48436"}],"curies":[{"name":"wp","href":"https:\/\/api.w.org\/{rel}","templated":true}]}}