{"id":48430,"date":"2024-12-02T11:14:22","date_gmt":"2024-12-02T14:14:22","guid":{"rendered":"https:\/\/radiorevelacionfm.cl\/?p=48430"},"modified":"2024-12-02T11:14:22","modified_gmt":"2024-12-02T14:14:22","slug":"se-inicia-nuevo-periodo-para-actualizar-domicilio-electoral-en-servel","status":"publish","type":"post","link":"https:\/\/radiorevelacionfm.cl\/?p=48430","title":{"rendered":"Se inicia nuevo periodo para actualizar domicilio electoral en Servel"},"content":{"rendered":"<div class=\"flex_column av_one_full  flex_column_div av-zero-column-padding first  avia-builder-el-0  el_before_av_one_full  avia-builder-el-first  \" style='border-radius:0px; '><div  class='avia-image-container  av-styling-    avia-builder-el-1  avia-builder-el-no-sibling  avia-align-center '  itemprop=\"image\" itemscope=\"itemscope\" itemtype=\"https:\/\/schema.org\/ImageObject\"  ><div class='avia-image-container-inner'><div class='avia-image-overlay-wrap'><img decoding=\"async\" class='wp-image-48431 avia-img-lazy-loading-not-48431 avia_image' src=\"https:\/\/radiorevelacionfm.cl\/wp-content\/uploads\/2024\/12\/cambio-de-domicilio-electoral-1-1.jpg\" alt='' title='cambio-de-domicilio-electoral (1) (1)' height=\"600\" width=\"960\"  itemprop=\"thumbnailUrl\" srcset=\"https:\/\/radiorevelacionfm.cl\/wp-content\/uploads\/2024\/12\/cambio-de-domicilio-electoral-1-1.jpg 960w, https:\/\/radiorevelacionfm.cl\/wp-content\/uploads\/2024\/12\/cambio-de-domicilio-electoral-1-1-300x188.jpg 300w, https:\/\/radiorevelacionfm.cl\/wp-content\/uploads\/2024\/12\/cambio-de-domicilio-electoral-1-1-768x480.jpg 768w, https:\/\/radiorevelacionfm.cl\/wp-content\/uploads\/2024\/12\/cambio-de-domicilio-electoral-1-1-705x441.jpg 705w, https:\/\/radiorevelacionfm.cl\/wp-content\/uploads\/2024\/12\/cambio-de-domicilio-electoral-1-1-450x281.jpg 450w, https:\/\/radiorevelacionfm.cl\/wp-content\/uploads\/2024\/12\/cambio-de-domicilio-electoral-1-1-600x375.jpg 600w\" sizes=\"(max-width: 960px) 100vw, 960px\" \/><\/div><\/div><\/div><\/div><div class=\"flex_column av_one_full  flex_column_div av-zero-column-padding first  avia-builder-el-2  el_after_av_one_full  el_before_av_one_full  column-top-margin\" style='border-radius:0px; '><section class=\"av_textblock_section \"  itemscope=\"itemscope\" itemtype=\"https:\/\/schema.org\/BlogPosting\" itemprop=\"blogPost\" ><div class='avia_textblock  '   itemprop=\"text\" ><p style=\"text-align: center;\"><strong><span style=\"font-size: 18pt;\">Se inicia nuevo periodo para actualizar domicilio electoral en Servel<\/span><\/strong><\/p>\n<div id=\"gtx-trans\" style=\"position: absolute; left: -50px; top: 4.31534px;\">\n<div class=\"gtx-trans-icon\"><\/div>\n<\/div>\n<\/div><\/section><\/div><div class=\"flex_column av_one_full  flex_column_div av-zero-column-padding first  avia-builder-el-4  el_after_av_one_full  el_before_av_hr  column-top-margin\" style='border-radius:0px; '><section class=\"av_textblock_section \"  itemscope=\"itemscope\" itemtype=\"https:\/\/schema.org\/BlogPosting\" itemprop=\"blogPost\" ><div class='avia_textblock  '   itemprop=\"text\" ><p style=\"text-align: justify;\">Con miras a las futuras elecciones,\u00a0desde el 1 de diciembre de 2024 se reanudan las actualizaciones y modificaciones del Registro Electoral, plazo que vencer\u00e1 el 28 de junio de 2025.\u00a0De esta forma los electores y electoras podr\u00e1n cambiar y actualizar su domicilio electoral lo que favorecer\u00e1 el que puedan sufragar en un local de votaci\u00f3n m\u00e1s cercano a su domicilio.<\/p>\n<p style=\"text-align: justify;\">Otros datos que pueden actualizarse son el correo electr\u00f3nico y el n\u00famero de tel\u00e9fono, esenciales para que los electores puedan recibir las notificaciones, recordatorios e informaci\u00f3n sobre elecciones, vocales de mesa y fechas importantes, entre otros.<\/p>\n<p style=\"text-align: justify;\"><strong>\u00bfC\u00f3mo realizar el cambio de domicilio electoral?<\/strong><\/p>\n<p style=\"text-align: justify;\">Los electores y electoras deben ingresar a la web de Servel con su Clave \u00danica y realizar el tr\u00e1mite de cambio de domicilio electoral. Tambi\u00e9n pueden realizarlo de forma presencial portando su c\u00e9dula de identidad en las Direcciones Regionales de Servel, en las oficinas de ChileAtiende, en consulados de Chile en el exterior y ante el Registro Civil (al solicitar o renovar c\u00e9dula de identidad puede indicar la actualizaci\u00f3n del domicilio electoral).<\/p>\n<p style=\"text-align: justify;\">IMPORTANTE: Es indispensable poner especial cuidado en que los datos ingresados est\u00e9n correctos, sin abreviaturas y escritos de forma completa.<\/p>\n<p style=\"text-align: justify;\"><strong>\u00bfPor qu\u00e9 es importante mantener el domicilio electoral actualizado?\u00a0<\/strong><\/p>\n<p style=\"text-align: justify;\">Los locales de votaci\u00f3n para cada elecci\u00f3n son asignados seg\u00fan la ubicaci\u00f3n geogr\u00e1fica de los domicilios electorales. Los electores y electoras deben mantener su domicilio electoral actualizado y con un correcto ingreso de los datos (nombre de la calle, avenida o pasaje, adem\u00e1s de la numeraci\u00f3n y comuna bien escrita), ya que en base a esa informaci\u00f3n el Servicio Electoral, en los diferentes procesos eleccionarios, puede procurar asignar un local de votaci\u00f3n m\u00e1s cercano a cada elector.<\/p>\n<p style=\"text-align: justify;\"><strong>\u00bfQu\u00e9 pasa si se declara un domicilio electoral con el que no se tiene un v\u00ednculo?\u00a0<\/strong><\/p>\n<p style=\"text-align: justify;\">Quien proporcione datos falsos o un domicilio electoral con el que no tenga un v\u00ednculo objetivo, o el que, al momento de solicitar cambio de domicilio electoral o la acreditaci\u00f3n del avecindamiento, suplante a otra persona, arriesga una pena de reclusi\u00f3n menor en su grado m\u00ednimo y una multa de diez a cien unidades tributarias mensuales (art\u00edculo 54, ley 18.556 Org\u00e1nica Constitucional sobre sistema de inscripciones electorales y Servicio Electoral).<\/p>\n<p style=\"text-align: justify;\"><strong>Solicitud de incorporaci\u00f3n al Registro Electoral para chilenos nacidos en el extranjero\u00a0<\/strong><\/p>\n<p style=\"text-align: justify;\">Durante este periodo de actualizaci\u00f3n del Registro Electoral tambi\u00e9n se procede a la incorporaci\u00f3n de chilenos nacidos en el extranjero que cumplan con el requisito de avecindamiento por m\u00e1s de un a\u00f1o en Chile, seg\u00fan lo informado por la Polic\u00eda de Investigaciones. Este tr\u00e1mite tambi\u00e9n lo puede efectuar la persona directamente ante el Servel acompa\u00f1ando los antecedentes que acrediten el cumplimiento del requisito se\u00f1alado.<\/p>\n<p style=\"text-align: justify;\"><strong>Comunicaci\u00f3n al elector sobre los tr\u00e1mites efectuados<\/strong><\/p>\n<p style=\"text-align: justify;\">El resultado del tr\u00e1mite ser\u00e1 informado al interesado, junto con su domicilio electoral, mediante correo electr\u00f3nico y en el caso de no tener, por carta certificada enviada a su domicilio.<\/p>\n<p style=\"text-align: justify;\">La aceptaci\u00f3n de la solicitud se ver\u00e1 reflejada en la Consulta de Datos Electorales luego de 20 a 25 d\u00edas h\u00e1biles.\u00a0Los cambios de domicilio electoral solicitados en el Registro Civil, al renovar la c\u00e9dula de identidad o pasaporte, son informados a Servel al momento del retiro de la c\u00e9dula o pasaporte por el elector.<\/p>\n<p style=\"text-align: justify;\"><strong>\u00bfQu\u00e9 otras modificaciones se realizan en el Registro Electoral?<\/strong><\/p>\n<p style=\"text-align: justify;\">En este periodo se recibe y procesa informaci\u00f3n de distintas instituciones: Polic\u00eda de Investigaciones, Servicio de Migraciones, Servicio de Registro Civil e Identificaci\u00f3n y Poder Judicial con los cambios que se hayan producido, como defunciones, declaraci\u00f3n de interdicci\u00f3n, avecindamientos,\u00a0etc. desde que el Registro Electoral cerr\u00f3 sus modificaciones para la generaci\u00f3n del padr\u00f3n electoral de las elecciones Regionales y Municipales de octubre reci\u00e9n pasado.<\/p>\n<\/div><\/section><\/div><div  style='height:50px' class='hr hr-invisible   avia-builder-el-6  el_after_av_one_full  el_before_av_social_share '><span class='hr-inner ' ><span class='hr-inner-style'><\/span><\/span><\/div><\/p>\n<div  class='av-social-sharing-box  avia-builder-el-7  el_after_av_hr  el_before_av_hr  '><div class='av-share-box'><h5 class='av-share-link-description av-no-toc '>Compartir esta noticia<\/h5><ul class='av-share-box-list noLightbox'><li class='av-share-link av-social-link-facebook' ><a target=\"_blank\" aria-label=\"Compartir en Facebook\" href='https:\/\/www.facebook.com\/sharer.php?u=https:\/\/radiorevelacionfm.cl\/?p=48430&#038;t=Se%20inicia%20nuevo%20periodo%20para%20actualizar%20domicilio%20electoral%20en%20Servel' aria-hidden='false' data-av_icon='\ue8f3' data-av_iconfont='entypo-fontello' title='' data-avia-related-tooltip='Compartir en Facebook' rel=\"noopener\"><span class='avia_hidden_link_text'>Compartir en Facebook<\/span><\/a><\/li><li class='av-share-link av-social-link-twitter' ><a target=\"_blank\" aria-label=\"Compartir en Twitter\" href='https:\/\/twitter.com\/share?text=Se%20inicia%20nuevo%20periodo%20para%20actualizar%20domicilio%20electoral%20en%20Servel&#038;url=https:\/\/radiorevelacionfm.cl\/?p=48430' aria-hidden='false' data-av_icon='\ue8f1' data-av_iconfont='entypo-fontello' title='' data-avia-related-tooltip='Compartir en Twitter' rel=\"noopener\"><span class='avia_hidden_link_text'>Compartir en Twitter<\/span><\/a><\/li><li class='av-share-link av-social-link-whatsapp' ><a target=\"_blank\" aria-label=\"Compartir en Whatsapp\" href='https:\/\/api.whatsapp.com\/send?text=https:\/\/radiorevelacionfm.cl\/?p=48430' aria-hidden='false' data-av_icon='\uf232' data-av_iconfont='entypo-fontello' title='' data-avia-related-tooltip='Compartir en Whatsapp' rel=\"noopener\"><span class='avia_hidden_link_text'>Compartir en Whatsapp<\/span><\/a><\/li><li class='av-share-link av-social-link-linkedin' ><a target=\"_blank\" aria-label=\"Compartir en LinkedIn\" href='https:\/\/linkedin.com\/shareArticle?mini=true&#038;title=Se%20inicia%20nuevo%20periodo%20para%20actualizar%20domicilio%20electoral%20en%20Servel&#038;url=https:\/\/radiorevelacionfm.cl\/?p=48430' aria-hidden='false' data-av_icon='\ue8fc' data-av_iconfont='entypo-fontello' title='' data-avia-related-tooltip='Compartir en LinkedIn' rel=\"noopener\"><span class='avia_hidden_link_text'>Compartir en LinkedIn<\/span><\/a><\/li><li class='av-share-link av-social-link-mail' ><a  aria-label=\"Compartir por correo\" href='mailto:?subject=Se%20inicia%20nuevo%20periodo%20para%20actualizar%20domicilio%20electoral%20en%20Servel&#038;body=https:\/\/radiorevelacionfm.cl\/?p=48430' aria-hidden='false' data-av_icon='\ue805' data-av_iconfont='entypo-fontello' title='' data-avia-related-tooltip='Compartir por correo'><span class='avia_hidden_link_text'>Compartir por correo<\/span><\/a><\/li><\/ul><\/div><\/div>\n<div  style='height:50px' class='hr hr-invisible   avia-builder-el-8  el_after_av_social_share  el_before_av_comments_list '><span class='hr-inner ' ><span class='hr-inner-style'><\/span><\/span><\/div>\n<div  class='av-buildercomment  av-blog-meta-html-info-disabled av-blog-meta-tag-disabled  '><\/div>\n","protected":false},"excerpt":{"rendered":"","protected":false},"author":1,"featured_media":48431,"comment_status":"open","ping_status":"open","sticky":false,"template":"","format":"standard","meta":{"footnotes":""},"categories":[61],"tags":[],"class_list":["post-48430","post","type-post","status-publish","format-standard","has-post-thumbnail","hentry","category-nacional"],"jetpack_featured_media_url":"https:\/\/radiorevelacionfm.cl\/wp-content\/uploads\/2024\/12\/cambio-de-domicilio-electoral-1-1.jpg","_links":{"self":[{"href":"https:\/\/radiorevelacionfm.cl\/index.php?rest_route=\/wp\/v2\/posts\/48430","targetHints":{"allow":["GET"]}}],"collection":[{"href":"https:\/\/radiorevelacionfm.cl\/index.php?rest_route=\/wp\/v2\/posts"}],"about":[{"href":"https:\/\/radiorevelacionfm.cl\/index.php?rest_route=\/wp\/v2\/types\/post"}],"author":[{"embeddable":true,"href":"https:\/\/radiorevelacionfm.cl\/index.php?rest_route=\/wp\/v2\/users\/1"}],"replies":[{"embeddable":true,"href":"https:\/\/radiorevelacionfm.cl\/index.php?rest_route=%2Fwp%2Fv2%2Fcomments&post=48430"}],"version-history":[{"count":1,"href":"https:\/\/radiorevelacionfm.cl\/index.php?rest_route=\/wp\/v2\/posts\/48430\/revisions"}],"predecessor-version":[{"id":48432,"href":"https:\/\/radiorevelacionfm.cl\/index.php?rest_route=\/wp\/v2\/posts\/48430\/revisions\/48432"}],"wp:featuredmedia":[{"embeddable":true,"href":"https:\/\/radiorevelacionfm.cl\/index.php?rest_route=\/wp\/v2\/media\/48431"}],"wp:attachment":[{"href":"https:\/\/radiorevelacionfm.cl\/index.php?rest_route=%2Fwp%2Fv2%2Fmedia&parent=48430"}],"wp:term":[{"taxonomy":"category","embeddable":true,"href":"https:\/\/radiorevelacionfm.cl\/index.php?rest_route=%2Fwp%2Fv2%2Fcategories&post=48430"},{"taxonomy":"post_tag","embeddable":true,"href":"https:\/\/radiorevelacionfm.cl\/index.php?rest_route=%2Fwp%2Fv2%2Ftags&post=48430"}],"curies":[{"name":"wp","href":"https:\/\/api.w.org\/{rel}","templated":true}]}}