{"id":48427,"date":"2024-12-01T19:01:37","date_gmt":"2024-12-01T22:01:37","guid":{"rendered":"https:\/\/radiorevelacionfm.cl\/?p=48427"},"modified":"2024-12-01T19:01:37","modified_gmt":"2024-12-01T22:01:37","slug":"con-inversion-de-1-000-millones-anuncian-conservacion-de-barcaza-pilchero-que-opera-en-el-lago-general-carrera","status":"publish","type":"post","link":"https:\/\/radiorevelacionfm.cl\/?p=48427","title":{"rendered":"Con inversi\u00f3n de $1.000 millones: Anuncian conservaci\u00f3n de barcaza Pilchero que opera en el Lago General Carrera"},"content":{"rendered":"<div class=\"flex_column av_one_full  flex_column_div av-zero-column-padding first  avia-builder-el-0  el_before_av_one_full  avia-builder-el-first  \" style='border-radius:0px; '><div  class='avia-image-container  av-styling-    avia-builder-el-1  avia-builder-el-no-sibling  avia-align-center '  itemprop=\"image\" itemscope=\"itemscope\" itemtype=\"https:\/\/schema.org\/ImageObject\"  ><div class='avia-image-container-inner'><div class='avia-image-overlay-wrap'><img decoding=\"async\" class='wp-image-48428 avia-img-lazy-loading-not-48428 avia_image' src=\"https:\/\/radiorevelacionfm.cl\/wp-content\/uploads\/2024\/12\/05-whatsapp-image-2024-11-29-at-12_optimized.48.08-1-1.jpeg\" alt='' title='05-whatsapp-image-2024-11-29-at-12_optimized.48.08-(1) (1)' height=\"600\" width=\"1067\"  itemprop=\"thumbnailUrl\" srcset=\"https:\/\/radiorevelacionfm.cl\/wp-content\/uploads\/2024\/12\/05-whatsapp-image-2024-11-29-at-12_optimized.48.08-1-1.jpeg 1067w, https:\/\/radiorevelacionfm.cl\/wp-content\/uploads\/2024\/12\/05-whatsapp-image-2024-11-29-at-12_optimized.48.08-1-1-300x169.jpeg 300w, https:\/\/radiorevelacionfm.cl\/wp-content\/uploads\/2024\/12\/05-whatsapp-image-2024-11-29-at-12_optimized.48.08-1-1-1030x579.jpeg 1030w, https:\/\/radiorevelacionfm.cl\/wp-content\/uploads\/2024\/12\/05-whatsapp-image-2024-11-29-at-12_optimized.48.08-1-1-768x432.jpeg 768w, https:\/\/radiorevelacionfm.cl\/wp-content\/uploads\/2024\/12\/05-whatsapp-image-2024-11-29-at-12_optimized.48.08-1-1-705x396.jpeg 705w, https:\/\/radiorevelacionfm.cl\/wp-content\/uploads\/2024\/12\/05-whatsapp-image-2024-11-29-at-12_optimized.48.08-1-1-450x253.jpeg 450w, https:\/\/radiorevelacionfm.cl\/wp-content\/uploads\/2024\/12\/05-whatsapp-image-2024-11-29-at-12_optimized.48.08-1-1-600x337.jpeg 600w\" sizes=\"(max-width: 1067px) 100vw, 1067px\" \/><\/div><\/div><\/div><\/div><div class=\"flex_column av_one_full  flex_column_div av-zero-column-padding first  avia-builder-el-2  el_after_av_one_full  el_before_av_one_full  column-top-margin\" style='border-radius:0px; '><section class=\"av_textblock_section \"  itemscope=\"itemscope\" itemtype=\"https:\/\/schema.org\/BlogPosting\" itemprop=\"blogPost\" ><div class='avia_textblock  '   itemprop=\"text\" ><p style=\"text-align: center;\"><strong><span style=\"font-size: 18pt;\">Con inversi\u00f3n de $1.000 millones: Anuncian conservaci\u00f3n de barcaza Pilchero que opera en el Lago General Carrera<\/span><\/strong><\/p>\n<div id=\"gtx-trans\" style=\"position: absolute; left: -50px; top: 4.31534px;\">\n<div class=\"gtx-trans-icon\"><\/div>\n<\/div>\n<\/div><\/section><\/div><div class=\"flex_column av_one_full  flex_column_div av-zero-column-padding first  avia-builder-el-4  el_after_av_one_full  el_before_av_hr  column-top-margin\" style='border-radius:0px; '><section class=\"av_textblock_section \"  itemscope=\"itemscope\" itemtype=\"https:\/\/schema.org\/BlogPosting\" itemprop=\"blogPost\" ><div class='avia_textblock  '   itemprop=\"text\" ><p style=\"text-align: justify;\"><em>La autoridad del MOP precis\u00f3 que antes de fin de a\u00f1o se licitar\u00e1 la modernizaci\u00f3n de la nave y as\u00ed garantizar un servicio \u00f3ptimo para la comunidad. Luego de los trabajos, la barcaza volver\u00e1 a estar operativa el primer semestre del 2025.<\/em><\/p>\n<p style=\"text-align: justify;\">En el marco de su visita a la regi\u00f3n, el Director General de Obras P\u00fablicas del Ministerio de Obras P\u00fablicas (MOP), Boris Olgu\u00edn, inform\u00f3 que la cartera tiene programado publicar la licitaci\u00f3n de los trabajos de conservaci\u00f3n de la barcaza Pilchero antes de fin de a\u00f1o, para que la nave, con capacidad para transportar 72 pasajeros, pueda volver a estar operativa durante el primer semestre del 2025. La inversi\u00f3n contempla un monto cercano a los $1.000 millones de pesos.<\/p>\n<p style=\"text-align: justify;\">La decisi\u00f3n se da luego de que la nave, que ha operado en el lago General Carrera desde enero de 1974, fuera transferida desde la Delegaci\u00f3n Presidencial Provincial a la Direcci\u00f3n de Obras Portuarias del MOP (DOP) el 30 de octubre pasado. Se espera que los trabajos duren 60 d\u00edas, aproximadamente.<\/p>\n<p style=\"text-align: justify;\">El objetivo de la conservaci\u00f3n de la Pilchero, en tanto, ser\u00e1 efectuar reparaciones y mantenimientos, seg\u00fan corresponda, a los sistemas de ingenier\u00eda, maniobras, navegaci\u00f3n y comunicaciones de la barcaza, as\u00ed como tambi\u00e9n verificar el estado del casco de la nave. Esto, de acuerdo con los est\u00e1ndares establecidos por la Autoridad Mar\u00edtima para que el transporte de pasajeros se realice de manera segura y sin contaminar el medio acu\u00e1tico.<\/p>\n<p style=\"text-align: justify;\">El proyecto se enmarca en una serie de conservaciones que realizar\u00e1 el MOP a las barcazas de la regi\u00f3n, entre las que se cuentan las naves La Tehuelche, Padre Antonio Ronchi y El Tehuelche, con el objeto de continuar reforzando la prevenci\u00f3n de inconvenientes y as\u00ed entregar un servicio \u00f3ptimo a la comunidad.<\/p>\n<p style=\"text-align: justify;\">El Director Olgu\u00edn valor\u00f3 la inversi\u00f3n que el MOP har\u00e1 en la nave y su traspaso hacia la DOP: \u201cLa embarcaci\u00f3n Pilchero actualmente est\u00e1 detenida y hemos logrado gestionar el traspaso de la embarcaci\u00f3n al inventario de nuestra Direcci\u00f3n de Obras Portuarias. Esto nos permite hoy tener una acci\u00f3n m\u00e1s r\u00e1pida sobre la nave y poder invertir recursos de forma m\u00e1s eficiente para que pueda ser reparada y vuelva a operar. Se estima que durante diciembre y hasta el mes de marzo se le hagan las \u00faltimas mantenciones para que la nave quede operativa. Se estar\u00eda invirtiendo, a trav\u00e9s del MOP, una cifra cercana a los mil millones de pesos para que quede en \u00f3ptimas condiciones de seguridad y navegaci\u00f3n. Adem\u00e1s, es una embarcaci\u00f3n que est\u00e1 dentro del contrato de conectividad que se firma entre el ministerio de Transporte, el MOP y la empresa operadora\u201d, explic\u00f3 la autoridad.<\/p>\n<\/div><\/section><\/div><div  style='height:50px' class='hr hr-invisible   avia-builder-el-6  el_after_av_one_full  el_before_av_social_share '><span class='hr-inner ' ><span class='hr-inner-style'><\/span><\/span><\/div><\/p>\n<div  class='av-social-sharing-box  avia-builder-el-7  el_after_av_hr  el_before_av_hr  '><div class='av-share-box'><h5 class='av-share-link-description av-no-toc '>Compartir esta noticia<\/h5><ul class='av-share-box-list noLightbox'><li class='av-share-link av-social-link-facebook' ><a target=\"_blank\" aria-label=\"Compartir en Facebook\" href='https:\/\/www.facebook.com\/sharer.php?u=https:\/\/radiorevelacionfm.cl\/?p=48427&#038;t=Con%20inversi%C3%B3n%20de%20%241.000%20millones%3A%20Anuncian%20conservaci%C3%B3n%20de%20barcaza%20Pilchero%20que%20opera%20en%20el%20Lago%20General%20Carrera' aria-hidden='false' data-av_icon='\ue8f3' data-av_iconfont='entypo-fontello' title='' data-avia-related-tooltip='Compartir en Facebook' rel=\"noopener\"><span class='avia_hidden_link_text'>Compartir en Facebook<\/span><\/a><\/li><li class='av-share-link av-social-link-twitter' ><a target=\"_blank\" aria-label=\"Compartir en Twitter\" href='https:\/\/twitter.com\/share?text=Con%20inversi%C3%B3n%20de%20%241.000%20millones%3A%20Anuncian%20conservaci%C3%B3n%20de%20barcaza%20Pilchero%20que%20opera%20en%20el%20Lago%20General%20Carrera&#038;url=https:\/\/radiorevelacionfm.cl\/?p=48427' aria-hidden='false' data-av_icon='\ue8f1' data-av_iconfont='entypo-fontello' title='' data-avia-related-tooltip='Compartir en Twitter' rel=\"noopener\"><span class='avia_hidden_link_text'>Compartir en Twitter<\/span><\/a><\/li><li class='av-share-link av-social-link-whatsapp' ><a target=\"_blank\" aria-label=\"Compartir en Whatsapp\" href='https:\/\/api.whatsapp.com\/send?text=https:\/\/radiorevelacionfm.cl\/?p=48427' aria-hidden='false' data-av_icon='\uf232' data-av_iconfont='entypo-fontello' title='' data-avia-related-tooltip='Compartir en Whatsapp' rel=\"noopener\"><span class='avia_hidden_link_text'>Compartir en Whatsapp<\/span><\/a><\/li><li class='av-share-link av-social-link-linkedin' ><a target=\"_blank\" aria-label=\"Compartir en LinkedIn\" href='https:\/\/linkedin.com\/shareArticle?mini=true&#038;title=Con%20inversi%C3%B3n%20de%20%241.000%20millones%3A%20Anuncian%20conservaci%C3%B3n%20de%20barcaza%20Pilchero%20que%20opera%20en%20el%20Lago%20General%20Carrera&#038;url=https:\/\/radiorevelacionfm.cl\/?p=48427' aria-hidden='false' data-av_icon='\ue8fc' data-av_iconfont='entypo-fontello' title='' data-avia-related-tooltip='Compartir en LinkedIn' rel=\"noopener\"><span class='avia_hidden_link_text'>Compartir en LinkedIn<\/span><\/a><\/li><li class='av-share-link av-social-link-mail' ><a  aria-label=\"Compartir por correo\" href='mailto:?subject=Con%20inversi%C3%B3n%20de%20%241.000%20millones%3A%20Anuncian%20conservaci%C3%B3n%20de%20barcaza%20Pilchero%20que%20opera%20en%20el%20Lago%20General%20Carrera&#038;body=https:\/\/radiorevelacionfm.cl\/?p=48427' aria-hidden='false' data-av_icon='\ue805' data-av_iconfont='entypo-fontello' title='' data-avia-related-tooltip='Compartir por correo'><span class='avia_hidden_link_text'>Compartir por correo<\/span><\/a><\/li><\/ul><\/div><\/div>\n<div  style='height:50px' class='hr hr-invisible   avia-builder-el-8  el_after_av_social_share  el_before_av_comments_list '><span class='hr-inner ' ><span class='hr-inner-style'><\/span><\/span><\/div>\n<div  class='av-buildercomment  av-blog-meta-html-info-disabled av-blog-meta-tag-disabled  '><\/div>\n","protected":false},"excerpt":{"rendered":"","protected":false},"author":1,"featured_media":48428,"comment_status":"open","ping_status":"open","sticky":false,"template":"","format":"standard","meta":{"footnotes":""},"categories":[38],"tags":[],"class_list":["post-48427","post","type-post","status-publish","format-standard","has-post-thumbnail","hentry","category-regional"],"jetpack_featured_media_url":"https:\/\/radiorevelacionfm.cl\/wp-content\/uploads\/2024\/12\/05-whatsapp-image-2024-11-29-at-12_optimized.48.08-1-1.jpeg","_links":{"self":[{"href":"https:\/\/radiorevelacionfm.cl\/index.php?rest_route=\/wp\/v2\/posts\/48427","targetHints":{"allow":["GET"]}}],"collection":[{"href":"https:\/\/radiorevelacionfm.cl\/index.php?rest_route=\/wp\/v2\/posts"}],"about":[{"href":"https:\/\/radiorevelacionfm.cl\/index.php?rest_route=\/wp\/v2\/types\/post"}],"author":[{"embeddable":true,"href":"https:\/\/radiorevelacionfm.cl\/index.php?rest_route=\/wp\/v2\/users\/1"}],"replies":[{"embeddable":true,"href":"https:\/\/radiorevelacionfm.cl\/index.php?rest_route=%2Fwp%2Fv2%2Fcomments&post=48427"}],"version-history":[{"count":1,"href":"https:\/\/radiorevelacionfm.cl\/index.php?rest_route=\/wp\/v2\/posts\/48427\/revisions"}],"predecessor-version":[{"id":48429,"href":"https:\/\/radiorevelacionfm.cl\/index.php?rest_route=\/wp\/v2\/posts\/48427\/revisions\/48429"}],"wp:featuredmedia":[{"embeddable":true,"href":"https:\/\/radiorevelacionfm.cl\/index.php?rest_route=\/wp\/v2\/media\/48428"}],"wp:attachment":[{"href":"https:\/\/radiorevelacionfm.cl\/index.php?rest_route=%2Fwp%2Fv2%2Fmedia&parent=48427"}],"wp:term":[{"taxonomy":"category","embeddable":true,"href":"https:\/\/radiorevelacionfm.cl\/index.php?rest_route=%2Fwp%2Fv2%2Fcategories&post=48427"},{"taxonomy":"post_tag","embeddable":true,"href":"https:\/\/radiorevelacionfm.cl\/index.php?rest_route=%2Fwp%2Fv2%2Ftags&post=48427"}],"curies":[{"name":"wp","href":"https:\/\/api.w.org\/{rel}","templated":true}]}}