{"id":48424,"date":"2024-12-01T21:02:28","date_gmt":"2024-12-02T00:02:28","guid":{"rendered":"https:\/\/radiorevelacionfm.cl\/?p=48424"},"modified":"2024-12-01T21:02:28","modified_gmt":"2024-12-02T00:02:28","slug":"ex-rectora-marshall-presento-libro-sobre-los-comienzos-de-la-u-estatal-de-aysen","status":"publish","type":"post","link":"https:\/\/radiorevelacionfm.cl\/?p=48424","title":{"rendered":"Ex Rectora Marshall present\u00f3 libro sobre los comienzos de la U. Estatal de Ays\u00e9n"},"content":{"rendered":"<div class=\"flex_column av_one_full  flex_column_div av-zero-column-padding first  avia-builder-el-0  el_before_av_one_full  avia-builder-el-first  \" style='border-radius:0px; '><div  class='avia-image-container  av-styling-    avia-builder-el-1  avia-builder-el-no-sibling  avia-align-center '  itemprop=\"image\" itemscope=\"itemscope\" itemtype=\"https:\/\/schema.org\/ImageObject\"  ><div class='avia-image-container-inner'><div class='avia-image-overlay-wrap'><img decoding=\"async\" class='wp-image-48425 avia-img-lazy-loading-not-48425 avia_image' src=\"https:\/\/radiorevelacionfm.cl\/wp-content\/uploads\/2024\/12\/libro-mtm-06-feriadellibro-1_optimized.jpg\" alt='' title='libro-mtm-06--feriadellibro-(1)_optimized' height=\"600\" width=\"1232\"  itemprop=\"thumbnailUrl\" srcset=\"https:\/\/radiorevelacionfm.cl\/wp-content\/uploads\/2024\/12\/libro-mtm-06-feriadellibro-1_optimized.jpg 1232w, https:\/\/radiorevelacionfm.cl\/wp-content\/uploads\/2024\/12\/libro-mtm-06-feriadellibro-1_optimized-300x146.jpg 300w, https:\/\/radiorevelacionfm.cl\/wp-content\/uploads\/2024\/12\/libro-mtm-06-feriadellibro-1_optimized-1030x502.jpg 1030w, https:\/\/radiorevelacionfm.cl\/wp-content\/uploads\/2024\/12\/libro-mtm-06-feriadellibro-1_optimized-768x374.jpg 768w, https:\/\/radiorevelacionfm.cl\/wp-content\/uploads\/2024\/12\/libro-mtm-06-feriadellibro-1_optimized-705x343.jpg 705w, https:\/\/radiorevelacionfm.cl\/wp-content\/uploads\/2024\/12\/libro-mtm-06-feriadellibro-1_optimized-450x219.jpg 450w, https:\/\/radiorevelacionfm.cl\/wp-content\/uploads\/2024\/12\/libro-mtm-06-feriadellibro-1_optimized-600x292.jpg 600w\" sizes=\"(max-width: 1232px) 100vw, 1232px\" \/><\/div><\/div><\/div><\/div><div class=\"flex_column av_one_full  flex_column_div av-zero-column-padding first  avia-builder-el-2  el_after_av_one_full  el_before_av_one_full  column-top-margin\" style='border-radius:0px; '><section class=\"av_textblock_section \"  itemscope=\"itemscope\" itemtype=\"https:\/\/schema.org\/BlogPosting\" itemprop=\"blogPost\" ><div class='avia_textblock  '   itemprop=\"text\" ><p style=\"text-align: center;\"><strong><span style=\"font-size: 18pt;\">Ex Rectora Marshall present\u00f3 libro sobre los comienzos de la U. Estatal de Ays\u00e9n<\/span><\/strong><\/p>\n<div id=\"gtx-trans\" style=\"position: absolute; left: -50px; top: 4.31534px;\">\n<div class=\"gtx-trans-icon\"><\/div>\n<\/div>\n<\/div><\/section><\/div><div class=\"flex_column av_one_full  flex_column_div av-zero-column-padding first  avia-builder-el-4  el_after_av_one_full  el_before_av_hr  column-top-margin\" style='border-radius:0px; '><section class=\"av_textblock_section \"  itemscope=\"itemscope\" itemtype=\"https:\/\/schema.org\/BlogPosting\" itemprop=\"blogPost\" ><div class='avia_textblock  '   itemprop=\"text\" ><p style=\"text-align: justify;\"><em>En Coyhaique y Ays\u00e9n el p\u00fablico conoci\u00f3 el relato que se centra en los primeros a\u00f1os instalaci\u00f3n, gobernanza y desaf\u00edos del plantel de educaci\u00f3n superior.<\/em><\/p>\n<p style=\"text-align: justify;\">\u201cAnhelos y Trayectos, Universidad de Ays\u00e9n 2016-2019\u201d, es el t\u00edtulo del libro escrito por Mar\u00eda Teresa Marshall Infante, ex rectora de la primera casa de estudios superiores estatal de la zona, quien present\u00f3 en Coyhaique y Puerto Ays\u00e9n el documento que comparte su visi\u00f3n y experiencias de los 3 a\u00f1os en que dirigi\u00f3 el plantel universitario.<\/p>\n<p style=\"text-align: justify;\">\u201cHa sido sumamente grato, porque la gente est\u00e1 contenta, porque tenemos recuerdos compartidos, porque uno se da cuenta cu\u00e1nto importa la Universidad a mucha gente de lugares, de posiciones y de trabajos muy distintos y, en general, uno reconoce que el pasado, esos pocos a\u00f1os, esos primeros tres, cuatro a\u00f1os, fueron muy fruct\u00edferos y que dan la base para poder proyectar y poner nuevos desaf\u00edos al desarrollo y la sustentabilidad de la Universidad de Ays\u00e9n\u201d, asever\u00f3 la autora.<\/p>\n<p style=\"text-align: justify;\">Con un total de 245 p\u00e1ginas, divididas en 9 cap\u00edtulos, Marshall relata en su libro una perspectiva personal de la instalaci\u00f3n, gobernanza y desaf\u00edos del plantel, estando pr\u00f3ximo a cumplirse una d\u00e9cada de la ley 20.842 que, en 2015, dio vida al proyecto universitario. La ex rectora tambi\u00e9n se\u00f1ala el contexto pa\u00eds, y profundiza en las miradas, las decisiones, los principios y actores que construyeron el car\u00e1cter institucional de la primera casa estatal de educaci\u00f3n superior aysenina, hoy, en marcha.<\/p>\n<p style=\"text-align: justify;\">\u201cLo quise escribir porque ten\u00eda la sensaci\u00f3n de tener una experiencia \u00fanica, que cada vez que la contaba la gente quedaba muy interesada, y por lo tanto pens\u00e9 que era una tarea escribirlo, plasmando lo que a m\u00ed me import\u00f3 durante ese tiempo, que era poder desarrollar una universidad desde el punto de vista acad\u00e9mico, pero tambi\u00e9n una universidad con s\u00f3lidos v\u00ednculos con la regi\u00f3n. Y creo que esa matriz, esa mezcla, esa sinergia entre universidad y regi\u00f3n, que para m\u00ed en mi gesti\u00f3n fue muy importante, era necesario plasmarla para el futuro\u201d, concluy\u00f3 la ex rectora Marshall.<\/p>\n<p style=\"text-align: justify;\"><strong>UN DOCUMENTO HIST\u00d3RICO<\/strong><\/p>\n<p style=\"text-align: justify;\">Una treintena de asistentes particip\u00f3 de la presentaci\u00f3n realizada el pasado jueves en el sal\u00f3n de eventos Hacienda de Coyhaique, donde Mar\u00eda Teresa Marshall estuvo acompa\u00f1ada por la Dra. Paulina Arriagada Baudet, quien fue designada como integrante del primer Consejo Superior de la U. de Ays\u00e9n; y el abogado Selim Carrasco Lobo, quien fue secretario general de la casa de estudios, y actualmente es fiscal jur\u00eddico del CFT Estatal de Ays\u00e9n.<\/p>\n<p style=\"text-align: justify;\">\u201cHa sido un motivo de orgullo y de agrado poder comentar el libro de la ex rectora Mar\u00eda Teresa Marshall, sobre la instalaci\u00f3n y todo su proceso de desarrollo de la Universidad de Ays\u00e9n. Considero que es un documento hist\u00f3rico que tiene adem\u00e1s una visi\u00f3n de futuro donde establecer esta universidad estatal en la Regi\u00f3n de Ays\u00e9n, todo el momento de la implementaci\u00f3n de los acad\u00e9micos, de las carreras, la llegada de los primeros estudiantes, es un documento de lectura, creo yo, obligatoria, para seguir vinculando de manera permanente, como nos invita la autora, a todos los actores relevantes de la regi\u00f3n, por cierto, a sus autoridades pol\u00edticas, para que la Universidad de Ays\u00e9n cumpla el rol fundamental en el dise\u00f1o de pol\u00edticas p\u00fablicas, pero sobre todo para impactar en el desarrollo social, cultural y econ\u00f3mico en nuestra regi\u00f3n para que todos los habitantes de \u00e9sta tengan una mejor calidad de vida\u201d, coment\u00f3 Selim Carrasco.<\/p>\n<p style=\"text-align: justify;\">Por su parte Paulina Arriagada reconoci\u00f3 que \u201cfui leyendo el libro y fue como volar en el tiempo, entend\u00ed muchas cosas tambi\u00e9n, c\u00f3mo fue su nacimiento y como Mar\u00eda Teresa detalla todo eso (\u2026) Estar aqu\u00ed tambi\u00e9n ha sido una experiencia muy linda, porque encontrarme con todas las personas que trabajamos juntos y juntas (\u2026) entonces, fue como reconstruir y recordar tambi\u00e9n, y c\u00f3mo repensar la universidad, con todas las caracter\u00edsticas, esta universidad es muy joven, esto es un proceso, tiene que ir madurando, tiene que ir construy\u00e9ndose y tiene que ir avanzando. Es muy importante que nosotros, quienes vivimos en este territorio asumamos un rol m\u00e1s protag\u00f3nico en este tema. El compromiso que se asumi\u00f3 fue regional y eso yo creo que hay que demostrarlo y ponerlo en la mesa con firmeza ante las autoridades centrales\u201d.<\/p>\n<p style=\"text-align: justify;\">Mar\u00eda Teresa Marshall entreg\u00f3 libros ya los asistentes y con especial atenci\u00f3n al ex diputado de Ays\u00e9n y ex integrante del Consejo Superior universitario, Baldemar Carrasco Mu\u00f1oz, quien particip\u00f3 a sus 93 a\u00f1os del lanzamiento, junto a diversas autoridades regionales y comunales, invitados especiales y personas vinculadas a la Universidad de Ays\u00e9n y el mundo acad\u00e9mico.<\/p>\n<p style=\"text-align: justify;\">El libro tambi\u00e9n fue presentado el s\u00e1bado en la XX Feria del Libro de Puerto Ays\u00e9n, concitando la atenci\u00f3n del p\u00fablico y gener\u00e1ndose un dialogo activo y ameno en la Biblioteca Municipal, donde la autora al concluir su participaci\u00f3n regal\u00f3 decenas de ejemplares, firm\u00e1ndolo a solicitud de los asistentes.<\/p>\n<p style=\"text-align: justify;\">\u201cAnhelos y Trayectos, Universidad de Ays\u00e9n 2016-2019\u201d, fue impreso en el mes de noviembre en Andros Impresores de Santiago, y pr\u00f3ximamente estar\u00e1 disponible de manera digital en Internet.<\/p>\n<\/div><\/section><\/div><div  style='height:50px' class='hr hr-invisible   avia-builder-el-6  el_after_av_one_full  el_before_av_social_share '><span class='hr-inner ' ><span class='hr-inner-style'><\/span><\/span><\/div><\/p>\n<div  class='av-social-sharing-box  avia-builder-el-7  el_after_av_hr  el_before_av_hr  '><div class='av-share-box'><h5 class='av-share-link-description av-no-toc '>Compartir esta noticia<\/h5><ul class='av-share-box-list noLightbox'><li class='av-share-link av-social-link-facebook' ><a target=\"_blank\" aria-label=\"Compartir en Facebook\" href='https:\/\/www.facebook.com\/sharer.php?u=https:\/\/radiorevelacionfm.cl\/?p=48424&#038;t=Ex%20Rectora%20Marshall%20present%C3%B3%20libro%20sobre%20los%20comienzos%20de%20la%20U.%20Estatal%20de%20Ays%C3%A9n' aria-hidden='false' data-av_icon='\ue8f3' data-av_iconfont='entypo-fontello' title='' data-avia-related-tooltip='Compartir en Facebook' rel=\"noopener\"><span class='avia_hidden_link_text'>Compartir en Facebook<\/span><\/a><\/li><li class='av-share-link av-social-link-twitter' ><a target=\"_blank\" aria-label=\"Compartir en Twitter\" href='https:\/\/twitter.com\/share?text=Ex%20Rectora%20Marshall%20present%C3%B3%20libro%20sobre%20los%20comienzos%20de%20la%20U.%20Estatal%20de%20Ays%C3%A9n&#038;url=https:\/\/radiorevelacionfm.cl\/?p=48424' aria-hidden='false' data-av_icon='\ue8f1' data-av_iconfont='entypo-fontello' title='' data-avia-related-tooltip='Compartir en Twitter' rel=\"noopener\"><span class='avia_hidden_link_text'>Compartir en Twitter<\/span><\/a><\/li><li class='av-share-link av-social-link-whatsapp' ><a target=\"_blank\" aria-label=\"Compartir en Whatsapp\" href='https:\/\/api.whatsapp.com\/send?text=https:\/\/radiorevelacionfm.cl\/?p=48424' aria-hidden='false' data-av_icon='\uf232' data-av_iconfont='entypo-fontello' title='' data-avia-related-tooltip='Compartir en Whatsapp' rel=\"noopener\"><span class='avia_hidden_link_text'>Compartir en Whatsapp<\/span><\/a><\/li><li class='av-share-link av-social-link-linkedin' ><a target=\"_blank\" aria-label=\"Compartir en LinkedIn\" href='https:\/\/linkedin.com\/shareArticle?mini=true&#038;title=Ex%20Rectora%20Marshall%20present%C3%B3%20libro%20sobre%20los%20comienzos%20de%20la%20U.%20Estatal%20de%20Ays%C3%A9n&#038;url=https:\/\/radiorevelacionfm.cl\/?p=48424' aria-hidden='false' data-av_icon='\ue8fc' data-av_iconfont='entypo-fontello' title='' data-avia-related-tooltip='Compartir en LinkedIn' rel=\"noopener\"><span class='avia_hidden_link_text'>Compartir en LinkedIn<\/span><\/a><\/li><li class='av-share-link av-social-link-mail' ><a  aria-label=\"Compartir por correo\" href='mailto:?subject=Ex%20Rectora%20Marshall%20present%C3%B3%20libro%20sobre%20los%20comienzos%20de%20la%20U.%20Estatal%20de%20Ays%C3%A9n&#038;body=https:\/\/radiorevelacionfm.cl\/?p=48424' aria-hidden='false' data-av_icon='\ue805' data-av_iconfont='entypo-fontello' title='' data-avia-related-tooltip='Compartir por correo'><span class='avia_hidden_link_text'>Compartir por correo<\/span><\/a><\/li><\/ul><\/div><\/div>\n<div  style='height:50px' class='hr hr-invisible   avia-builder-el-8  el_after_av_social_share  el_before_av_comments_list '><span class='hr-inner ' ><span class='hr-inner-style'><\/span><\/span><\/div>\n<div  class='av-buildercomment  av-blog-meta-html-info-disabled av-blog-meta-tag-disabled  '><\/div>\n","protected":false},"excerpt":{"rendered":"","protected":false},"author":1,"featured_media":48425,"comment_status":"open","ping_status":"open","sticky":false,"template":"","format":"standard","meta":{"footnotes":""},"categories":[49],"tags":[],"class_list":["post-48424","post","type-post","status-publish","format-standard","has-post-thumbnail","hentry","category-educacion"],"jetpack_featured_media_url":"https:\/\/radiorevelacionfm.cl\/wp-content\/uploads\/2024\/12\/libro-mtm-06-feriadellibro-1_optimized.jpg","_links":{"self":[{"href":"https:\/\/radiorevelacionfm.cl\/index.php?rest_route=\/wp\/v2\/posts\/48424","targetHints":{"allow":["GET"]}}],"collection":[{"href":"https:\/\/radiorevelacionfm.cl\/index.php?rest_route=\/wp\/v2\/posts"}],"about":[{"href":"https:\/\/radiorevelacionfm.cl\/index.php?rest_route=\/wp\/v2\/types\/post"}],"author":[{"embeddable":true,"href":"https:\/\/radiorevelacionfm.cl\/index.php?rest_route=\/wp\/v2\/users\/1"}],"replies":[{"embeddable":true,"href":"https:\/\/radiorevelacionfm.cl\/index.php?rest_route=%2Fwp%2Fv2%2Fcomments&post=48424"}],"version-history":[{"count":1,"href":"https:\/\/radiorevelacionfm.cl\/index.php?rest_route=\/wp\/v2\/posts\/48424\/revisions"}],"predecessor-version":[{"id":48426,"href":"https:\/\/radiorevelacionfm.cl\/index.php?rest_route=\/wp\/v2\/posts\/48424\/revisions\/48426"}],"wp:featuredmedia":[{"embeddable":true,"href":"https:\/\/radiorevelacionfm.cl\/index.php?rest_route=\/wp\/v2\/media\/48425"}],"wp:attachment":[{"href":"https:\/\/radiorevelacionfm.cl\/index.php?rest_route=%2Fwp%2Fv2%2Fmedia&parent=48424"}],"wp:term":[{"taxonomy":"category","embeddable":true,"href":"https:\/\/radiorevelacionfm.cl\/index.php?rest_route=%2Fwp%2Fv2%2Fcategories&post=48424"},{"taxonomy":"post_tag","embeddable":true,"href":"https:\/\/radiorevelacionfm.cl\/index.php?rest_route=%2Fwp%2Fv2%2Ftags&post=48424"}],"curies":[{"name":"wp","href":"https:\/\/api.w.org\/{rel}","templated":true}]}}