{"id":48421,"date":"2024-12-01T20:31:43","date_gmt":"2024-12-01T23:31:43","guid":{"rendered":"https:\/\/radiorevelacionfm.cl\/?p=48421"},"modified":"2024-12-01T20:31:43","modified_gmt":"2024-12-01T23:31:43","slug":"seremi-de-energia-lamenta-rechazo-parlamentario-a-tarifa-electrica-preferencial-para-apr-y-pymes-y-llama-a-revertir-la-medida","status":"publish","type":"post","link":"https:\/\/radiorevelacionfm.cl\/?p=48421","title":{"rendered":"Seremi de Energ\u00eda lamenta rechazo parlamentario a tarifa el\u00e9ctrica preferencial para APR y Pymes y llama a revertir la medida"},"content":{"rendered":"<div class=\"flex_column av_one_full  flex_column_div av-zero-column-padding first  avia-builder-el-0  el_before_av_one_full  avia-builder-el-first  \" style='border-radius:0px; '><div  class='avia-image-container  av-styling-    avia-builder-el-1  avia-builder-el-no-sibling  avia-align-center '  itemprop=\"image\" itemscope=\"itemscope\" itemtype=\"https:\/\/schema.org\/ImageObject\"  ><div class='avia-image-container-inner'><div class='avia-image-overlay-wrap'><img decoding=\"async\" class='wp-image-48422 avia-img-lazy-loading-not-48422 avia_image' src=\"https:\/\/radiorevelacionfm.cl\/wp-content\/uploads\/2024\/12\/Tomas-1-1.jpeg\" alt='' title='Tomas (1) (1)' height=\"600\" width=\"901\"  itemprop=\"thumbnailUrl\" srcset=\"https:\/\/radiorevelacionfm.cl\/wp-content\/uploads\/2024\/12\/Tomas-1-1.jpeg 901w, https:\/\/radiorevelacionfm.cl\/wp-content\/uploads\/2024\/12\/Tomas-1-1-300x200.jpeg 300w, https:\/\/radiorevelacionfm.cl\/wp-content\/uploads\/2024\/12\/Tomas-1-1-768x511.jpeg 768w, https:\/\/radiorevelacionfm.cl\/wp-content\/uploads\/2024\/12\/Tomas-1-1-705x469.jpeg 705w, https:\/\/radiorevelacionfm.cl\/wp-content\/uploads\/2024\/12\/Tomas-1-1-450x300.jpeg 450w, https:\/\/radiorevelacionfm.cl\/wp-content\/uploads\/2024\/12\/Tomas-1-1-600x400.jpeg 600w\" sizes=\"(max-width: 901px) 100vw, 901px\" \/><\/div><\/div><\/div><\/div><div class=\"flex_column av_one_full  flex_column_div av-zero-column-padding first  avia-builder-el-2  el_after_av_one_full  el_before_av_one_full  column-top-margin\" style='border-radius:0px; '><section class=\"av_textblock_section \"  itemscope=\"itemscope\" itemtype=\"https:\/\/schema.org\/BlogPosting\" itemprop=\"blogPost\" ><div class='avia_textblock  '   itemprop=\"text\" ><p style=\"text-align: center;\"><strong><span style=\"font-size: 18pt;\">Seremi de Energ\u00eda lamenta rechazo parlamentario a tarifa el\u00e9ctrica preferencial para APR y Pymes y llama a revertir la medida<\/span><\/strong><\/p>\n<div id=\"gtx-trans\" style=\"position: absolute; left: -50px; top: 4.31534px;\">\n<div class=\"gtx-trans-icon\"><\/div>\n<\/div>\n<\/div><\/section><\/div><div class=\"flex_column av_one_full  flex_column_div av-zero-column-padding first  avia-builder-el-4  el_after_av_one_full  el_before_av_hr  column-top-margin\" style='border-radius:0px; '><section class=\"av_textblock_section \"  itemscope=\"itemscope\" itemtype=\"https:\/\/schema.org\/BlogPosting\" itemprop=\"blogPost\" ><div class='avia_textblock  '   itemprop=\"text\" ><p style=\"text-align: justify;\">En la Comisi\u00f3n de Miner\u00eda y Energ\u00eda contin\u00faa el tr\u00e1mite del proyecto de ley que ampl\u00eda la cobertura del Subsidio El\u00e9ctrico que contiene medidas de apoyo para diversos sectores. Sin embargo, el mi\u00e9rcoles 27 de noviembre tuvo un rev\u00e9s, pues fue rechazada las disposiciones que creaban una tarifa preferencial para pymes y servicios sanitarios rurales.<\/p>\n<p style=\"text-align: justify;\">La medida ten\u00eda como objetivo crear una \u00abBolsa Pyme\u00bb, que permitir\u00eda a estos sectores acceder a hasta 500 GWh anuales de energ\u00eda a un precio preferente hasta 2034. Este esquema, dise\u00f1ado en conjunto con parlamentarios de distintas bancadas, habr\u00eda beneficiado a m\u00e1s de 43.000 pymes a nivel nacional y fortalecido la sostenibilidad econ\u00f3mica de las casi 2000 APR que operan en el pa\u00eds, incluyendo 47 en la Regi\u00f3n de Ays\u00e9n, esenciales para el suministro de agua en comunidades rurales.<\/p>\n<p style=\"text-align: justify;\">El Seremi de Energ\u00eda, Tom\u00e1s Laibe, lament\u00f3 la decisi\u00f3n y llam\u00f3 a los parlamentarios a reconsiderarla en las pr\u00f3ximas etapas del debate legislativo. \u00abEsta propuesta representa un alivio para las peque\u00f1as empresas y las APR frente a las alzas de la tarifa el\u00e9ctrica. No podemos permitir que la discusi\u00f3n pol\u00edtica afecte iniciativas que son prioritarias para el desarrollo de nuestras localidades. En regiones como Ays\u00e9n, donde los desaf\u00edos log\u00edsticos y los altos costos energ\u00e9ticos ya representan barreras significativas, esta tarifa preferencial es muy relevante\u201d indic\u00f3 la autoridad regional de Energ\u00eda.<\/p>\n<p style=\"text-align: justify;\">Por su parte, Luis Montecinos, Presidente del Servicio Sanitario Rural Ensenada Valle Simpson, tambi\u00e9n lament\u00f3 el rechazo a la iniciativa y destac\u00f3 la gravedad de la situaci\u00f3n que enfrentan las APR \u201cnuestros servicios sanitarios dependen de la energ\u00eda el\u00e9ctrica y eso ha llevado a un alto costo, que es insostenible. No se puede seguir subiendo la tarifa a los usuarios. Siendo un servicio sin fines de lucro, es necesario mantenerlo. Tenemos m\u00e1s de 200 familias en nuestra localidad (Valle Simpson), que dependen del agua potable. Es muy importante bajar el costo de luz, ya que el \u00faltimo tiempo ha subido y la tarifa ya ven\u00eda alta para las APR. Ha sido bastante dif\u00edcil sostener este servicio. Pido a las autoridades, a los legisladores, que por favor se acuerden de la gente y los campesinos, que hoy tienen la fortuna de contar con agua potable, que mejora su calidad de vida y que es necesario poder mantener y mejorar. Para eso es fundamental contar con una tarifa que permita mantener este sistema en el tiempo\u201d explic\u00f3.<\/p>\n<p style=\"text-align: justify;\">El Seremi Laibe destac\u00f3 el respaldo que esta iniciativa ha recibido de organizaciones como la Asociaci\u00f3n Nacional de Agua Potable Rural (APR Chile), que han destacado la importancia de avanzar en beneficios tarifarios para las APR, y tambi\u00e9n de las organizaciones de empresas de menor tama\u00f1o, que tambi\u00e9n han relevado el impacto positivo de esta tarifa preferencial para las mipyme.<\/p>\n<p style=\"text-align: justify;\">Finalmente, desde la Secretar\u00eda Regional Ministerial de Energ\u00eda se reitera el compromiso de seguir trabajando con los distintos actores involucrados, desde parlamentarios hasta organizaciones sociales y gremiales, para buscar alternativas que permitan avanzar en esta materia. \u00abEs fundamental que el debate legislativo vuelva a poner en el centro a las comunidades rurales y a las peque\u00f1as empresas, que son el motor de las regiones extremas como la nuestra\u00bb, enfatiz\u00f3 Laibe.<\/p>\n<\/div><\/section><\/div><div  style='height:50px' class='hr hr-invisible   avia-builder-el-6  el_after_av_one_full  el_before_av_social_share '><span class='hr-inner ' ><span class='hr-inner-style'><\/span><\/span><\/div><\/p>\n<div  class='av-social-sharing-box  avia-builder-el-7  el_after_av_hr  el_before_av_hr  '><div class='av-share-box'><h5 class='av-share-link-description av-no-toc '>Compartir esta noticia<\/h5><ul class='av-share-box-list noLightbox'><li class='av-share-link av-social-link-facebook' ><a target=\"_blank\" aria-label=\"Compartir en Facebook\" href='https:\/\/www.facebook.com\/sharer.php?u=https:\/\/radiorevelacionfm.cl\/?p=48421&#038;t=Seremi%20de%20Energ%C3%ADa%20lamenta%20rechazo%20parlamentario%20a%20tarifa%20el%C3%A9ctrica%20preferencial%20para%20APR%20y%20Pymes%20y%20llama%20a%20revertir%20la%20medida' aria-hidden='false' data-av_icon='\ue8f3' data-av_iconfont='entypo-fontello' title='' data-avia-related-tooltip='Compartir en Facebook' rel=\"noopener\"><span class='avia_hidden_link_text'>Compartir en Facebook<\/span><\/a><\/li><li class='av-share-link av-social-link-twitter' ><a target=\"_blank\" aria-label=\"Compartir en Twitter\" href='https:\/\/twitter.com\/share?text=Seremi%20de%20Energ%C3%ADa%20lamenta%20rechazo%20parlamentario%20a%20tarifa%20el%C3%A9ctrica%20preferencial%20para%20APR%20y%20Pymes%20y%20llama%20a%20revertir%20la%20medida&#038;url=https:\/\/radiorevelacionfm.cl\/?p=48421' aria-hidden='false' data-av_icon='\ue8f1' data-av_iconfont='entypo-fontello' title='' data-avia-related-tooltip='Compartir en Twitter' rel=\"noopener\"><span class='avia_hidden_link_text'>Compartir en Twitter<\/span><\/a><\/li><li class='av-share-link av-social-link-whatsapp' ><a target=\"_blank\" aria-label=\"Compartir en Whatsapp\" href='https:\/\/api.whatsapp.com\/send?text=https:\/\/radiorevelacionfm.cl\/?p=48421' aria-hidden='false' data-av_icon='\uf232' data-av_iconfont='entypo-fontello' title='' data-avia-related-tooltip='Compartir en Whatsapp' rel=\"noopener\"><span class='avia_hidden_link_text'>Compartir en Whatsapp<\/span><\/a><\/li><li class='av-share-link av-social-link-linkedin' ><a target=\"_blank\" aria-label=\"Compartir en LinkedIn\" href='https:\/\/linkedin.com\/shareArticle?mini=true&#038;title=Seremi%20de%20Energ%C3%ADa%20lamenta%20rechazo%20parlamentario%20a%20tarifa%20el%C3%A9ctrica%20preferencial%20para%20APR%20y%20Pymes%20y%20llama%20a%20revertir%20la%20medida&#038;url=https:\/\/radiorevelacionfm.cl\/?p=48421' aria-hidden='false' data-av_icon='\ue8fc' data-av_iconfont='entypo-fontello' title='' data-avia-related-tooltip='Compartir en LinkedIn' rel=\"noopener\"><span class='avia_hidden_link_text'>Compartir en LinkedIn<\/span><\/a><\/li><li class='av-share-link av-social-link-mail' ><a  aria-label=\"Compartir por correo\" href='mailto:?subject=Seremi%20de%20Energ%C3%ADa%20lamenta%20rechazo%20parlamentario%20a%20tarifa%20el%C3%A9ctrica%20preferencial%20para%20APR%20y%20Pymes%20y%20llama%20a%20revertir%20la%20medida&#038;body=https:\/\/radiorevelacionfm.cl\/?p=48421' aria-hidden='false' data-av_icon='\ue805' data-av_iconfont='entypo-fontello' title='' data-avia-related-tooltip='Compartir por correo'><span class='avia_hidden_link_text'>Compartir por correo<\/span><\/a><\/li><\/ul><\/div><\/div>\n<div  style='height:50px' class='hr hr-invisible   avia-builder-el-8  el_after_av_social_share  el_before_av_comments_list '><span class='hr-inner ' ><span class='hr-inner-style'><\/span><\/span><\/div>\n<div  class='av-buildercomment  av-blog-meta-html-info-disabled av-blog-meta-tag-disabled  '><\/div>\n","protected":false},"excerpt":{"rendered":"","protected":false},"author":1,"featured_media":48422,"comment_status":"open","ping_status":"open","sticky":false,"template":"","format":"standard","meta":{"footnotes":""},"categories":[38],"tags":[],"class_list":["post-48421","post","type-post","status-publish","format-standard","has-post-thumbnail","hentry","category-regional"],"jetpack_featured_media_url":"https:\/\/radiorevelacionfm.cl\/wp-content\/uploads\/2024\/12\/Tomas-1-1.jpeg","_links":{"self":[{"href":"https:\/\/radiorevelacionfm.cl\/index.php?rest_route=\/wp\/v2\/posts\/48421","targetHints":{"allow":["GET"]}}],"collection":[{"href":"https:\/\/radiorevelacionfm.cl\/index.php?rest_route=\/wp\/v2\/posts"}],"about":[{"href":"https:\/\/radiorevelacionfm.cl\/index.php?rest_route=\/wp\/v2\/types\/post"}],"author":[{"embeddable":true,"href":"https:\/\/radiorevelacionfm.cl\/index.php?rest_route=\/wp\/v2\/users\/1"}],"replies":[{"embeddable":true,"href":"https:\/\/radiorevelacionfm.cl\/index.php?rest_route=%2Fwp%2Fv2%2Fcomments&post=48421"}],"version-history":[{"count":1,"href":"https:\/\/radiorevelacionfm.cl\/index.php?rest_route=\/wp\/v2\/posts\/48421\/revisions"}],"predecessor-version":[{"id":48423,"href":"https:\/\/radiorevelacionfm.cl\/index.php?rest_route=\/wp\/v2\/posts\/48421\/revisions\/48423"}],"wp:featuredmedia":[{"embeddable":true,"href":"https:\/\/radiorevelacionfm.cl\/index.php?rest_route=\/wp\/v2\/media\/48422"}],"wp:attachment":[{"href":"https:\/\/radiorevelacionfm.cl\/index.php?rest_route=%2Fwp%2Fv2%2Fmedia&parent=48421"}],"wp:term":[{"taxonomy":"category","embeddable":true,"href":"https:\/\/radiorevelacionfm.cl\/index.php?rest_route=%2Fwp%2Fv2%2Fcategories&post=48421"},{"taxonomy":"post_tag","embeddable":true,"href":"https:\/\/radiorevelacionfm.cl\/index.php?rest_route=%2Fwp%2Fv2%2Ftags&post=48421"}],"curies":[{"name":"wp","href":"https:\/\/api.w.org\/{rel}","templated":true}]}}