{"id":4842,"date":"2021-06-02T19:46:17","date_gmt":"2021-06-02T22:46:17","guid":{"rendered":"https:\/\/radiorevelacionfm.cl\/?p=4842"},"modified":"2021-06-02T19:46:17","modified_gmt":"2021-06-02T22:46:17","slug":"corte-de-coyhaique-condena-a-afp-habitat-y-modelo-por-traspaso-de-fondos-previsionales-sin-autorizacion-del-afiliado","status":"publish","type":"post","link":"https:\/\/radiorevelacionfm.cl\/?p=4842","title":{"rendered":"Corte de Coyhaique condena a AFP Habitat y Modelo por traspaso de fondos previsionales sin autorizaci\u00f3n del afiliado"},"content":{"rendered":"<div class=\"flex_column av_one_full  flex_column_div av-zero-column-padding first  avia-builder-el-0  el_before_av_one_full  avia-builder-el-first  \" style='border-radius:0px; '><div  class='avia-image-container  av-styling-    avia-builder-el-1  avia-builder-el-no-sibling  avia-align-center '  itemprop=\"image\" itemscope=\"itemscope\" itemtype=\"https:\/\/schema.org\/ImageObject\"  ><div class='avia-image-container-inner'><div class='avia-image-overlay-wrap'><img decoding=\"async\" class='wp-image-4843 avia-img-lazy-loading-not-4843 avia_image' src=\"https:\/\/radiorevelacionfm.cl\/wp-content\/uploads\/2021\/06\/foto-corte-apelaciones-1-1-1.jpg\" alt='' title='foto corte apelaciones (1) (1) (1)' height=\"600\" width=\"945\"  itemprop=\"thumbnailUrl\" srcset=\"https:\/\/radiorevelacionfm.cl\/wp-content\/uploads\/2021\/06\/foto-corte-apelaciones-1-1-1.jpg 945w, https:\/\/radiorevelacionfm.cl\/wp-content\/uploads\/2021\/06\/foto-corte-apelaciones-1-1-1-300x190.jpg 300w, https:\/\/radiorevelacionfm.cl\/wp-content\/uploads\/2021\/06\/foto-corte-apelaciones-1-1-1-768x488.jpg 768w, https:\/\/radiorevelacionfm.cl\/wp-content\/uploads\/2021\/06\/foto-corte-apelaciones-1-1-1-705x448.jpg 705w, https:\/\/radiorevelacionfm.cl\/wp-content\/uploads\/2021\/06\/foto-corte-apelaciones-1-1-1-600x381.jpg 600w\" sizes=\"(max-width: 945px) 100vw, 945px\" \/><\/div><\/div><\/div><\/div><div class=\"flex_column av_one_full  flex_column_div av-zero-column-padding first  avia-builder-el-2  el_after_av_one_full  el_before_av_one_full  column-top-margin\" style='border-radius:0px; '><section class=\"av_textblock_section \"  itemscope=\"itemscope\" itemtype=\"https:\/\/schema.org\/BlogPosting\" itemprop=\"blogPost\" ><div class='avia_textblock  '   itemprop=\"text\" ><p style=\"text-align: center;\"><strong><span style=\"font-size: 18pt;\">Corte de Coyhaique condena a AFP Habitat y Modelo por traspaso de fondos previsionales sin autorizaci\u00f3n del afiliado<\/span><\/strong><\/p>\n<div id=\"gtx-trans\" style=\"position: absolute; left: -50px; top: 4.31534px;\">\n<div class=\"gtx-trans-icon\"><\/div>\n<\/div>\n<\/div><\/section><\/div><div class=\"flex_column av_one_full  flex_column_div av-zero-column-padding first  avia-builder-el-4  el_after_av_one_full  el_before_av_hr  column-top-margin\" style='border-radius:0px; '><section class=\"av_textblock_section \"  itemscope=\"itemscope\" itemtype=\"https:\/\/schema.org\/BlogPosting\" itemprop=\"blogPost\" ><div class='avia_textblock  '   itemprop=\"text\" ><p style=\"font-weight: 400; text-align: justify;\">La Corte de Apelaciones de Coyhaique acogi\u00f3 el recurso de protecci\u00f3n presentado por afiliado en contra de las AFP Habitat SA y Modelo SA, por el traspaso electr\u00f3nico de fondo de capitalizaci\u00f3n individual, sin autentificar titularidad del solicitante.<\/p>\n<p style=\"font-weight: 400; text-align: justify;\">En fallo un\u00e1nime (causa rol 36-2021), el tribunal de alzada \u2013integrado por los ministros Natalia Rencoret Oliva, Sergio Mora Vallejos, Pedro Castro Espinoza y Jos\u00e9 Ignacio Mora Trujillo\u2013 estableci\u00f3 el actuar arbitrario e ilegal de las recurridas y les ordenaron la devoluci\u00f3n de los fondos, incluidos las comisiones que se hubieran generado en perjuicio o beneficio del recurrente.<\/p>\n<p style=\"font-weight: 400; text-align: justify;\">\u201c(\u2026) esta Corte estima que el acto denunciado por la recurrente, reviste los caracteres de arbitrario e ilegal, por cuanto se han incumplido por las recurridas los mecanismos de autentificaci\u00f3n remota que permite a los afiliados solicitar en l\u00ednea el traspaso electr\u00f3nico de sus saldos o utilizando la Clave de Seguridad del afiliado\u201d, sostiene el fallo.<\/p>\n<p style=\"font-weight: 400; text-align: justify;\">La resoluci\u00f3n agrega: \u201cQue, as\u00ed las cosas, estamos en presencia de un acto ejecutado por las recurridas que ha permitido que fondos previsionales de propiedad del recurrente fueren traspasados de una administradora de fondos de pensiones a otra, sin la autorizaci\u00f3n del due\u00f1o de dicho capital de ahorro, fondos tutelados por el art\u00edculo 19 N\u00b0 24, de la Constituci\u00f3n Pol\u00edtica de la Rep\u00fablica, habida consideraci\u00f3n que tales cotizaciones se extraen de la remuneraci\u00f3n devengada a favor del afiliado, pues, en el sistema de pensiones establecido por el Decreto Ley N\u00b03.500 \u2018cada afiliado es due\u00f1o de los fondos que ingresan a su cuenta de capitalizaci\u00f3n individual y que el conjunto de estos constituye un patrimonio independiente y diferentes del patrimonio de la sociedad administradora de esos fondos\u2019, concluyendo que los fondos voluntarios que ahorra en su cuenta abierta al efecto en la misma AFP, son de propiedad del afiliado\u201d.<\/p>\n<p style=\"font-weight: 400; text-align: justify;\">Para el tribunal de alzada: \u201c(\u2026) en consecuencia, de lo se\u00f1alado en los motivos anteriores, s\u00f3lo cabe acceder al recurso de protecci\u00f3n impetrado, toda vez que se ha operado y actuado respecto de un capital de ahorro de propiedad del recurrente, a trav\u00e9s de maniobras de un tercero que los recurridos debieron revisar y confirmar de acuerdo a la normativa legal y administrativa que les rige, lo que, de por s\u00ed ya es reprochable y que, adem\u00e1s, podr\u00eda representar un desmedro econ\u00f3mico para el recurrente, lo que es constitutivo, tambi\u00e9n, de una amenaza a su derecho de propiedad\u201d.<\/p>\n<p style=\"font-weight: 400; text-align: justify;\">Por tanto, se resuelve que: \u201c<strong>SE ACOGE<\/strong>, con costas, el recurso de protecci\u00f3n deducido por Luis Walter Aguilar Pino, en contra de la Administradora de Fondos de Pensiones AFP H\u00e1bitat S.A., representada por su Gerente General Alejandro Bezanilla Mena, o por su subrogante, reemplazante o quien haga sus veces, y en contra de la AFP Modelo S.A., representada por Ver\u00f3nica Guzm\u00e1n, por su subrogante, reemplazante o quien haga sus veces, debiendo las recurridas hacer devoluci\u00f3n y\/o reintegro, de toda cantidad que por concepto de comisiones se hubieren generado en perjuicio o beneficio del afiliado recurrente, como de las eventuales ganancias que los fondos que fueron traspasados hubieren generado, durante el periodo en que fue privado de sus fondos previsionales, esto es, desde el 8 de marzo de 2021 hasta el 15 de abril de 2021\u201d.<\/p>\n<\/div><\/section><\/div><div  style='height:50px' class='hr hr-invisible   avia-builder-el-6  el_after_av_one_full  el_before_av_social_share '><span class='hr-inner ' ><span class='hr-inner-style'><\/span><\/span><\/div><\/p>\n<div  class='av-social-sharing-box  avia-builder-el-7  el_after_av_hr  el_before_av_hr  '><div class='av-share-box'><h5 class='av-share-link-description av-no-toc '>Compartir esta noticia<\/h5><ul class='av-share-box-list noLightbox'><li class='av-share-link av-social-link-facebook' ><a target=\"_blank\" aria-label=\"Compartir en Facebook\" href='https:\/\/www.facebook.com\/sharer.php?u=https:\/\/radiorevelacionfm.cl\/?p=4842&#038;t=Corte%20de%20Coyhaique%20condena%20a%20AFP%20Habitat%20y%20Modelo%20por%20traspaso%20de%20fondos%20previsionales%20sin%20autorizaci%C3%B3n%20del%20afiliado' aria-hidden='false' data-av_icon='\ue8f3' data-av_iconfont='entypo-fontello' title='' data-avia-related-tooltip='Compartir en Facebook' rel=\"noopener\"><span class='avia_hidden_link_text'>Compartir en Facebook<\/span><\/a><\/li><li class='av-share-link av-social-link-twitter' ><a target=\"_blank\" aria-label=\"Compartir en Twitter\" href='https:\/\/twitter.com\/share?text=Corte%20de%20Coyhaique%20condena%20a%20AFP%20Habitat%20y%20Modelo%20por%20traspaso%20de%20fondos%20previsionales%20sin%20autorizaci%C3%B3n%20del%20afiliado&#038;url=https:\/\/radiorevelacionfm.cl\/?p=4842' aria-hidden='false' data-av_icon='\ue8f1' data-av_iconfont='entypo-fontello' title='' data-avia-related-tooltip='Compartir en Twitter' rel=\"noopener\"><span class='avia_hidden_link_text'>Compartir en Twitter<\/span><\/a><\/li><li class='av-share-link av-social-link-whatsapp' ><a target=\"_blank\" aria-label=\"Compartir en Whatsapp\" href='https:\/\/api.whatsapp.com\/send?text=https:\/\/radiorevelacionfm.cl\/?p=4842' aria-hidden='false' data-av_icon='\uf232' data-av_iconfont='entypo-fontello' title='' data-avia-related-tooltip='Compartir en Whatsapp' rel=\"noopener\"><span class='avia_hidden_link_text'>Compartir en Whatsapp<\/span><\/a><\/li><li class='av-share-link av-social-link-linkedin' ><a target=\"_blank\" aria-label=\"Compartir en LinkedIn\" href='https:\/\/linkedin.com\/shareArticle?mini=true&#038;title=Corte%20de%20Coyhaique%20condena%20a%20AFP%20Habitat%20y%20Modelo%20por%20traspaso%20de%20fondos%20previsionales%20sin%20autorizaci%C3%B3n%20del%20afiliado&#038;url=https:\/\/radiorevelacionfm.cl\/?p=4842' aria-hidden='false' data-av_icon='\ue8fc' data-av_iconfont='entypo-fontello' title='' data-avia-related-tooltip='Compartir en LinkedIn' rel=\"noopener\"><span class='avia_hidden_link_text'>Compartir en LinkedIn<\/span><\/a><\/li><li class='av-share-link av-social-link-mail' ><a  aria-label=\"Compartir por correo\" href='mailto:?subject=Corte%20de%20Coyhaique%20condena%20a%20AFP%20Habitat%20y%20Modelo%20por%20traspaso%20de%20fondos%20previsionales%20sin%20autorizaci%C3%B3n%20del%20afiliado&#038;body=https:\/\/radiorevelacionfm.cl\/?p=4842' aria-hidden='false' data-av_icon='\ue805' data-av_iconfont='entypo-fontello' title='' data-avia-related-tooltip='Compartir por correo'><span class='avia_hidden_link_text'>Compartir por correo<\/span><\/a><\/li><\/ul><\/div><\/div>\n<div  style='height:50px' class='hr hr-invisible   avia-builder-el-8  el_after_av_social_share  el_before_av_comments_list '><span class='hr-inner ' ><span class='hr-inner-style'><\/span><\/span><\/div>\n<div  class='av-buildercomment  av-blog-meta-html-info-disabled av-blog-meta-tag-disabled  '><\/div>\n","protected":false},"excerpt":{"rendered":"","protected":false},"author":1,"featured_media":4843,"comment_status":"open","ping_status":"open","sticky":false,"template":"","format":"standard","meta":{"footnotes":""},"categories":[55],"tags":[],"class_list":["post-4842","post","type-post","status-publish","format-standard","has-post-thumbnail","hentry","category-justicia"],"jetpack_featured_media_url":"https:\/\/radiorevelacionfm.cl\/wp-content\/uploads\/2021\/06\/foto-corte-apelaciones-1-1-1.jpg","_links":{"self":[{"href":"https:\/\/radiorevelacionfm.cl\/index.php?rest_route=\/wp\/v2\/posts\/4842","targetHints":{"allow":["GET"]}}],"collection":[{"href":"https:\/\/radiorevelacionfm.cl\/index.php?rest_route=\/wp\/v2\/posts"}],"about":[{"href":"https:\/\/radiorevelacionfm.cl\/index.php?rest_route=\/wp\/v2\/types\/post"}],"author":[{"embeddable":true,"href":"https:\/\/radiorevelacionfm.cl\/index.php?rest_route=\/wp\/v2\/users\/1"}],"replies":[{"embeddable":true,"href":"https:\/\/radiorevelacionfm.cl\/index.php?rest_route=%2Fwp%2Fv2%2Fcomments&post=4842"}],"version-history":[{"count":1,"href":"https:\/\/radiorevelacionfm.cl\/index.php?rest_route=\/wp\/v2\/posts\/4842\/revisions"}],"predecessor-version":[{"id":4844,"href":"https:\/\/radiorevelacionfm.cl\/index.php?rest_route=\/wp\/v2\/posts\/4842\/revisions\/4844"}],"wp:featuredmedia":[{"embeddable":true,"href":"https:\/\/radiorevelacionfm.cl\/index.php?rest_route=\/wp\/v2\/media\/4843"}],"wp:attachment":[{"href":"https:\/\/radiorevelacionfm.cl\/index.php?rest_route=%2Fwp%2Fv2%2Fmedia&parent=4842"}],"wp:term":[{"taxonomy":"category","embeddable":true,"href":"https:\/\/radiorevelacionfm.cl\/index.php?rest_route=%2Fwp%2Fv2%2Fcategories&post=4842"},{"taxonomy":"post_tag","embeddable":true,"href":"https:\/\/radiorevelacionfm.cl\/index.php?rest_route=%2Fwp%2Fv2%2Ftags&post=4842"}],"curies":[{"name":"wp","href":"https:\/\/api.w.org\/{rel}","templated":true}]}}