{"id":48418,"date":"2024-12-02T09:41:17","date_gmt":"2024-12-02T12:41:17","guid":{"rendered":"https:\/\/radiorevelacionfm.cl\/?p=48418"},"modified":"2024-12-02T09:41:17","modified_gmt":"2024-12-02T12:41:17","slug":"positivo-balance-del-primer-congreso-pedagogico-realizado-en-la-region-de-aysen","status":"publish","type":"post","link":"https:\/\/radiorevelacionfm.cl\/?p=48418","title":{"rendered":"Positivo balance del Primer Congreso Pedag\u00f3gico realizado en la Regi\u00f3n de Ays\u00e9n"},"content":{"rendered":"<div class=\"flex_column av_one_full  flex_column_div av-zero-column-padding first  avia-builder-el-0  el_before_av_one_full  avia-builder-el-first  \" style='border-radius:0px; '><div  class='avia-image-container  av-styling-    avia-builder-el-1  avia-builder-el-no-sibling  avia-align-center '  itemprop=\"image\" itemscope=\"itemscope\" itemtype=\"https:\/\/schema.org\/ImageObject\"  ><div class='avia-image-container-inner'><div class='avia-image-overlay-wrap'><img decoding=\"async\" class='wp-image-48419 avia-img-lazy-loading-not-48419 avia_image' src=\"https:\/\/radiorevelacionfm.cl\/wp-content\/uploads\/2024\/12\/publico-1-1_optimized.jpg\" alt='' title='publico-(1)-(1)_optimized' height=\"600\" width=\"889\"  itemprop=\"thumbnailUrl\" srcset=\"https:\/\/radiorevelacionfm.cl\/wp-content\/uploads\/2024\/12\/publico-1-1_optimized.jpg 889w, https:\/\/radiorevelacionfm.cl\/wp-content\/uploads\/2024\/12\/publico-1-1_optimized-300x202.jpg 300w, https:\/\/radiorevelacionfm.cl\/wp-content\/uploads\/2024\/12\/publico-1-1_optimized-768x518.jpg 768w, https:\/\/radiorevelacionfm.cl\/wp-content\/uploads\/2024\/12\/publico-1-1_optimized-705x476.jpg 705w, https:\/\/radiorevelacionfm.cl\/wp-content\/uploads\/2024\/12\/publico-1-1_optimized-450x304.jpg 450w, https:\/\/radiorevelacionfm.cl\/wp-content\/uploads\/2024\/12\/publico-1-1_optimized-600x405.jpg 600w\" sizes=\"(max-width: 889px) 100vw, 889px\" \/><\/div><\/div><\/div><\/div><div class=\"flex_column av_one_full  flex_column_div av-zero-column-padding first  avia-builder-el-2  el_after_av_one_full  el_before_av_one_full  column-top-margin\" style='border-radius:0px; '><section class=\"av_textblock_section \"  itemscope=\"itemscope\" itemtype=\"https:\/\/schema.org\/BlogPosting\" itemprop=\"blogPost\" ><div class='avia_textblock  '   itemprop=\"text\" ><p style=\"text-align: center;\"><strong><span style=\"font-size: 18pt;\">Positivo balance del Primer Congreso Pedag\u00f3gico realizado en la Regi\u00f3n de Ays\u00e9n<\/span><\/strong><\/p>\n<div id=\"gtx-trans\" style=\"position: absolute; left: -50px; top: 4.31534px;\">\n<div class=\"gtx-trans-icon\"><\/div>\n<\/div>\n<\/div><\/section><\/div><div class=\"flex_column av_one_full  flex_column_div av-zero-column-padding first  avia-builder-el-4  el_after_av_one_full  el_before_av_hr  column-top-margin\" style='border-radius:0px; '><section class=\"av_textblock_section \"  itemscope=\"itemscope\" itemtype=\"https:\/\/schema.org\/BlogPosting\" itemprop=\"blogPost\" ><div class='avia_textblock  '   itemprop=\"text\" ><p class=\"v1MsoNormal\" style=\"text-align: justify;\">El mi\u00e9rcoles 27 y jueves 28 de noviembre se desarroll\u00f3 en dependencias del Liceo San Felipe Benicio de Coyhaique el Primer Congreso Pedag\u00f3gico Regional: \u00abHorizontes pedag\u00f3gicos: Experiencias de Innovaci\u00f3n y Transformaci\u00f3n educativa en la regi\u00f3n de Ays\u00e9n\u00bb. Un centenar de docentes, acad\u00e9micos de universidades y estudiantes de pedagog\u00eda\u00a0 participaron de la instancia, incluyendo delegaciones de Cisnes, Cochrane, Puerto Ays\u00e9n y Villa O&#8217;Higgins.<\/p>\n<p class=\"v1MsoNormal\" style=\"text-align: justify;\">El encuentro fue convocado y organizado por la Secretar\u00eda Ministerial de Educaci\u00f3n de Ays\u00e9n, la Universidad de Ays\u00e9n y la Universidad Austral de Chile Campus Patagonia.<\/p>\n<p class=\"v1MsoNormal\" style=\"text-align: justify;\">Dio la partida a este in\u00e9dito Congreso Pedag\u00f3gico regional la SEREMI de Educaci\u00f3n de Ays\u00e9n Isabel Garrido, destacando la instancia de articulaci\u00f3n entre las instituciones de Educaci\u00f3n de la Regi\u00f3n.<\/p>\n<p class=\"v1MsoNormal\" style=\"text-align: justify;\">En la inauguraci\u00f3n, expuso el Profesor Choukri Ben Ayed, Catedr\u00e1tico de Sociolog\u00eda en la Universidad de Limoges, Francia y codirector del GRESCO (Groupe de Recherches Sociologiques sur les Soci\u00e9t\u00e9s Contemporaines \u2013 laboratorio conjunto de las universidades de Poitiers y Limoges), quien dict\u00f3 la charla denominada: \u00abPol\u00edticas educativas, territorio e inclusi\u00f3n\u00bb.<\/p>\n<p class=\"v1MsoNormal\" style=\"text-align: justify;\">Durante el segundo d\u00eda del Congreso Pedag\u00f3gico se desarrollaron relevantes actividades y ponencias.<\/p>\n<p class=\"v1MsoNormal\" style=\"text-align: justify;\">La primera ponencia estuvo a cargo de Mart\u00edn C\u00e1ceres Murrie, Director del Centro de Innovaci\u00f3n del\u00a0<a href=\"https:\/\/www.facebook.com\/mineduc?__cft__%5b0%5d=AZXEoiZuAbL5dbOIRPZyGtKdX_YtGiicSdKODY3KgMNad3wcWstVSmBT79BZS7thSfN63ygQOAZoGSfA3Pv7xP1kt2IQH1-cTDizfWtceXWuD5ZuTrKfqLPsRVAIw7zVOA9WkaB5D7D3JvQo2RLB-MI775duGO1mtN3imd6iDtb77LSDKXYkAiPikw3fy9hnR9g&amp;__tn__=-%5dK-R\" target=\"_blank\" rel=\"noopener noreferrer\">Ministerio de Educaci\u00f3n<\/a> quien expuso la Charla Innovaci\u00f3n Educativa. Posteriormente se desarrollaron muestras simult\u00e1neas de experiencias de Innovaci\u00f3n del Liceo Altos del Mackay: \u00abRob\u00f3tica Educativa\u00bb; Escuela Pedro Quintana Mansilla: \u00abAulas Activas\u00bb, Escuela Rural El Blanco: \u00abProgramaci\u00f3n inform\u00e1tica en diferentes niveles educativos\u00bb.<\/p>\n<p class=\"v1MsoNormal\" style=\"text-align: justify;\">Sergio Martinic, investigador y acad\u00e9mico de la\u00a0<a href=\"https:\/\/www.facebook.com\/udeaysen?__cft__%5b0%5d=AZXEoiZuAbL5dbOIRPZyGtKdX_YtGiicSdKODY3KgMNad3wcWstVSmBT79BZS7thSfN63ygQOAZoGSfA3Pv7xP1kt2IQH1-cTDizfWtceXWuD5ZuTrKfqLPsRVAIw7zVOA9WkaB5D7D3JvQo2RLB-MI775duGO1mtN3imd6iDtb77LSDKXYkAiPikw3fy9hnR9g&amp;__tn__=-%5dK-R\" target=\"_blank\" rel=\"noopener noreferrer\">Universidad de Ays\u00e9n<\/a> expuso la charla \u00abGamificaci\u00f3n y Aprendizaje de las matem\u00e1ticas \u00abProyecto Conecta Ideas \u2013 Ays\u00e9n\u00bb.<\/p>\n<p class=\"v1MsoNormal\" style=\"text-align: justify;\">Tambi\u00e9n se desarrollaron las muestras simult\u00e1neas de experiencias de Innovaci\u00f3n de la Escuela Guido G\u00f3mez Mu\u00f1oz, Escuela V\u00edctor Domingo Silva, y el Colegio El Camino a la Fuente.<\/p>\n<p class=\"v1MsoNormal\" style=\"text-align: justify;\">Durante la tarde Marcelo Arancibia Herrera, director Instituto de Ciencias de la Educaci\u00f3n de la Universidad Austral de Chile, expuso la charla \u00abTrayectorias Docentes: Narrando la propia experiencia para el mejoramiento educativo continuo\u00bb.<\/p>\n<p class=\"v1MsoNormal\" style=\"text-align: justify;\">Se desarrollaron las muestras simult\u00e1neas de experiencias de Innovaci\u00f3n: CEIA Josefina M\u00e9ndez, Escuela de Pedagog\u00eda UACh, Escuela Teniente Hern\u00e1n Merino Correa\u00a0 de Cochrane y Escuela Mar\u00eda Antonieta Parra de Puerto S\u00e1nchez comuna de R\u00edo Ib\u00e1\u00f1ez.<\/p>\n<p class=\"v1MsoNormal\" style=\"text-align: justify;\">La jornada concluy\u00f3 con el panel: \u00abExperiencias de innovaci\u00f3n y transformaci\u00f3n educativa en la regi\u00f3n de Ays\u00e9n: Reflexiones y proyecciones\u00bb, instancia que cont\u00f3 con preguntas del p\u00fablico.<\/p>\n<p class=\"v1MsoNormal\" style=\"text-align: justify;\"><b>Reacciones<\/b><\/p>\n<p class=\"v1MsoNormal\" style=\"text-align: justify;\">Isabel Garrido Seremi de Educaci\u00f3n, destac\u00f3 la instancia: \u00abComo ministerio de Educaci\u00f3n hemos impulsado de este espacio de reflexi\u00f3n pedag\u00f3gica\u00a0 porque entendemos la importancia que tiene el rol docente para el desarrollo de la educaci\u00f3n en general, y de los aprendizajes de las ni\u00f1as y ni\u00f1os. Estamos contentos con la participaci\u00f3n y el trabajo colaborativo entre instituciones porque ello forma parte central del programa de\u00a0 Gobierno del Presidente Gabriel Boric, el desarrollo de la carrera docente, que impacta significativamente en la Reactivaci\u00f3n Educativa\u00bb.<\/p>\n<p class=\"v1MsoNormal\" style=\"text-align: justify;\">Mario Brito, Director\u00a0 del Campus Patagonia de la Universidad Austral de Chile, se\u00f1al\u00f3: \u00abcontentos de participar y colaborar con la organizaci\u00f3n de este congreso pedag\u00f3gico y tambi\u00e9n con las capacidades acad\u00e9micas de nuestra instituciones que creemos aportan a la conversaci\u00f3n y el di\u00e1logo para la mejora de la educaci\u00f3n y los aprendizajes de los estudiantes. Esta es una instancia muy propicia para que los profesores y profesoras hablen y dialoguen, y compartan sus experiencias desde el quehacer educativo en el aula\u00bb.<\/p>\n<p class=\"v1MsoNormal\" style=\"text-align: justify;\">Sergio Martinic, Acad\u00e9mico de la Universidad de Ays\u00e9n, coment\u00f3 que \u00aben esta oportunidad junto con participar en la organizaci\u00f3n del Congreso hemos presentado una experiencia de innovaci\u00f3n que es el proyecto Conecta Ideas que con el apoyo del FIC, lo implementamos en 17 escuelas de la regi\u00f3n que es la ense\u00f1anza de las Matem\u00e1ticas utilizando tecnolog\u00eda en ense\u00f1anza b\u00e1sica\u00bb.<\/p>\n<p class=\"v1MsoNormal\" style=\"text-align: justify;\">Constanza Niedman, directora del Centro de Educaci\u00f3n Integrada de Adultos CEIA del SLEP Ays\u00e9n. \u00abValiosa oportunidad de participar en este congreso y en la inauguraci\u00f3n escuchar la ponencia del el Profesor Choukri Ben-Ayed, Catedr\u00e1tico de Sociolog\u00eda en la Universidad de Limoges, Francia. Nos permite mirar nuestro entorno educativo desde la mirada de un experto extranjero que aporta, orienta y entrega respuestas desde otra perspectiva, en particular sobre \u00e1mbitos como la innovaci\u00f3n e inclusi\u00f3n educativa\u00bb.<\/p>\n<p class=\"v1MsoNormal\" style=\"text-align: justify;\">Antonio Canihuante, Coordinador Regional de Educaci\u00f3n de\u00a0 la SECREDUC Ays\u00e9n, apunt\u00f3: \u00abQuiero valorar esta articulaci\u00f3n virtuosa que se dio entre la SECREDUC y dos casas de estudios superiores de la regi\u00f3n, Universidad de Ays\u00e9n y Universidad Austral de Chile Campus Patagonia, Campus Patagonia. Es muy necesario reflexionar sobre el ejercicio profesional docente y los desaf\u00edos que tenemos hoy en la regi\u00f3n. Hay que fortalecer los procesos de formaci\u00f3n para los docentes que est\u00e1n en ejercicio y atraer estudiantes que quieran seguir la carrera de Pedagog\u00eda. Tuvimos en este congreso tres charlas de destacados acad\u00e9micos e investigadores y tambi\u00e9n experiencias pedag\u00f3gicas en aula de innovaci\u00f3n e inclusi\u00f3n\u00bb.<\/p>\n<\/div><\/section><\/div><div  style='height:50px' class='hr hr-invisible   avia-builder-el-6  el_after_av_one_full  el_before_av_social_share '><span class='hr-inner ' ><span class='hr-inner-style'><\/span><\/span><\/div><\/p>\n<div  class='av-social-sharing-box  avia-builder-el-7  el_after_av_hr  el_before_av_hr  '><div class='av-share-box'><h5 class='av-share-link-description av-no-toc '>Compartir esta noticia<\/h5><ul class='av-share-box-list noLightbox'><li class='av-share-link av-social-link-facebook' ><a target=\"_blank\" aria-label=\"Compartir en Facebook\" href='https:\/\/www.facebook.com\/sharer.php?u=https:\/\/radiorevelacionfm.cl\/?p=48418&#038;t=Positivo%20balance%20del%20Primer%20Congreso%20Pedag%C3%B3gico%20realizado%20en%20la%20Regi%C3%B3n%20de%20Ays%C3%A9n' aria-hidden='false' data-av_icon='\ue8f3' data-av_iconfont='entypo-fontello' title='' data-avia-related-tooltip='Compartir en Facebook' rel=\"noopener\"><span class='avia_hidden_link_text'>Compartir en Facebook<\/span><\/a><\/li><li class='av-share-link av-social-link-twitter' ><a target=\"_blank\" aria-label=\"Compartir en Twitter\" href='https:\/\/twitter.com\/share?text=Positivo%20balance%20del%20Primer%20Congreso%20Pedag%C3%B3gico%20realizado%20en%20la%20Regi%C3%B3n%20de%20Ays%C3%A9n&#038;url=https:\/\/radiorevelacionfm.cl\/?p=48418' aria-hidden='false' data-av_icon='\ue8f1' data-av_iconfont='entypo-fontello' title='' data-avia-related-tooltip='Compartir en Twitter' rel=\"noopener\"><span class='avia_hidden_link_text'>Compartir en Twitter<\/span><\/a><\/li><li class='av-share-link av-social-link-whatsapp' ><a target=\"_blank\" aria-label=\"Compartir en Whatsapp\" href='https:\/\/api.whatsapp.com\/send?text=https:\/\/radiorevelacionfm.cl\/?p=48418' aria-hidden='false' data-av_icon='\uf232' data-av_iconfont='entypo-fontello' title='' data-avia-related-tooltip='Compartir en Whatsapp' rel=\"noopener\"><span class='avia_hidden_link_text'>Compartir en Whatsapp<\/span><\/a><\/li><li class='av-share-link av-social-link-linkedin' ><a target=\"_blank\" aria-label=\"Compartir en LinkedIn\" href='https:\/\/linkedin.com\/shareArticle?mini=true&#038;title=Positivo%20balance%20del%20Primer%20Congreso%20Pedag%C3%B3gico%20realizado%20en%20la%20Regi%C3%B3n%20de%20Ays%C3%A9n&#038;url=https:\/\/radiorevelacionfm.cl\/?p=48418' aria-hidden='false' data-av_icon='\ue8fc' data-av_iconfont='entypo-fontello' title='' data-avia-related-tooltip='Compartir en LinkedIn' rel=\"noopener\"><span class='avia_hidden_link_text'>Compartir en LinkedIn<\/span><\/a><\/li><li class='av-share-link av-social-link-mail' ><a  aria-label=\"Compartir por correo\" href='mailto:?subject=Positivo%20balance%20del%20Primer%20Congreso%20Pedag%C3%B3gico%20realizado%20en%20la%20Regi%C3%B3n%20de%20Ays%C3%A9n&#038;body=https:\/\/radiorevelacionfm.cl\/?p=48418' aria-hidden='false' data-av_icon='\ue805' data-av_iconfont='entypo-fontello' title='' data-avia-related-tooltip='Compartir por correo'><span class='avia_hidden_link_text'>Compartir por correo<\/span><\/a><\/li><\/ul><\/div><\/div>\n<div  style='height:50px' class='hr hr-invisible   avia-builder-el-8  el_after_av_social_share  el_before_av_comments_list '><span class='hr-inner ' ><span class='hr-inner-style'><\/span><\/span><\/div>\n<div  class='av-buildercomment  av-blog-meta-html-info-disabled av-blog-meta-tag-disabled  '><\/div>\n","protected":false},"excerpt":{"rendered":"","protected":false},"author":1,"featured_media":48419,"comment_status":"open","ping_status":"open","sticky":false,"template":"","format":"standard","meta":{"footnotes":""},"categories":[49],"tags":[],"class_list":["post-48418","post","type-post","status-publish","format-standard","has-post-thumbnail","hentry","category-educacion"],"jetpack_featured_media_url":"https:\/\/radiorevelacionfm.cl\/wp-content\/uploads\/2024\/12\/publico-1-1_optimized.jpg","_links":{"self":[{"href":"https:\/\/radiorevelacionfm.cl\/index.php?rest_route=\/wp\/v2\/posts\/48418","targetHints":{"allow":["GET"]}}],"collection":[{"href":"https:\/\/radiorevelacionfm.cl\/index.php?rest_route=\/wp\/v2\/posts"}],"about":[{"href":"https:\/\/radiorevelacionfm.cl\/index.php?rest_route=\/wp\/v2\/types\/post"}],"author":[{"embeddable":true,"href":"https:\/\/radiorevelacionfm.cl\/index.php?rest_route=\/wp\/v2\/users\/1"}],"replies":[{"embeddable":true,"href":"https:\/\/radiorevelacionfm.cl\/index.php?rest_route=%2Fwp%2Fv2%2Fcomments&post=48418"}],"version-history":[{"count":1,"href":"https:\/\/radiorevelacionfm.cl\/index.php?rest_route=\/wp\/v2\/posts\/48418\/revisions"}],"predecessor-version":[{"id":48420,"href":"https:\/\/radiorevelacionfm.cl\/index.php?rest_route=\/wp\/v2\/posts\/48418\/revisions\/48420"}],"wp:featuredmedia":[{"embeddable":true,"href":"https:\/\/radiorevelacionfm.cl\/index.php?rest_route=\/wp\/v2\/media\/48419"}],"wp:attachment":[{"href":"https:\/\/radiorevelacionfm.cl\/index.php?rest_route=%2Fwp%2Fv2%2Fmedia&parent=48418"}],"wp:term":[{"taxonomy":"category","embeddable":true,"href":"https:\/\/radiorevelacionfm.cl\/index.php?rest_route=%2Fwp%2Fv2%2Fcategories&post=48418"},{"taxonomy":"post_tag","embeddable":true,"href":"https:\/\/radiorevelacionfm.cl\/index.php?rest_route=%2Fwp%2Fv2%2Ftags&post=48418"}],"curies":[{"name":"wp","href":"https:\/\/api.w.org\/{rel}","templated":true}]}}