{"id":48414,"date":"2024-12-01T18:19:39","date_gmt":"2024-12-01T21:19:39","guid":{"rendered":"https:\/\/radiorevelacionfm.cl\/?p=48414"},"modified":"2024-12-01T18:19:39","modified_gmt":"2024-12-01T21:19:39","slug":"gobierno-celebra-aprobacion-de-presupuesto-2025-con-acuerdos-transversales","status":"publish","type":"post","link":"https:\/\/radiorevelacionfm.cl\/?p=48414","title":{"rendered":"Gobierno celebra aprobaci\u00f3n de Presupuesto 2025 con acuerdos transversales"},"content":{"rendered":"<div class=\"flex_column av_one_full  flex_column_div av-zero-column-padding first  avia-builder-el-0  el_before_av_one_full  avia-builder-el-first  \" style='border-radius:0px; '><div  class='avia-image-container  av-styling-    avia-builder-el-1  avia-builder-el-no-sibling  avia-align-center '  itemprop=\"image\" itemscope=\"itemscope\" itemtype=\"https:\/\/schema.org\/ImageObject\"  ><div class='avia-image-container-inner'><div class='avia-image-overlay-wrap'><img decoding=\"async\" class='wp-image-0 avia-img-lazy-loading-not-0 avia_image' src=\"https:\/\/radiorevelacionfm.cl\/wp-content\/uploads\/2024\/12\/foto-3-49-1-1.jpg\" alt='' title=''   itemprop=\"thumbnailUrl\"  \/><\/div><\/div><\/div><\/div><div class=\"flex_column av_one_full  flex_column_div av-zero-column-padding first  avia-builder-el-2  el_after_av_one_full  el_before_av_one_full  column-top-margin\" style='border-radius:0px; '><section class=\"av_textblock_section \"  itemscope=\"itemscope\" itemtype=\"https:\/\/schema.org\/BlogPosting\" itemprop=\"blogPost\" ><div class='avia_textblock  '   itemprop=\"text\" ><p style=\"text-align: center;\"><strong><span style=\"font-size: 18pt;\">Gobierno celebra aprobaci\u00f3n de Presupuesto 2025 con acuerdos transversales<\/span><\/strong><\/p>\n<div id=\"gtx-trans\" style=\"position: absolute; left: -50px; top: 4.31534px;\">\n<div class=\"gtx-trans-icon\"><\/div>\n<\/div>\n<\/div><\/section><\/div><div class=\"flex_column av_one_full  flex_column_div av-zero-column-padding first  avia-builder-el-4  el_after_av_one_full  el_before_av_hr  column-top-margin\" style='border-radius:0px; '><section class=\"av_textblock_section \"  itemscope=\"itemscope\" itemtype=\"https:\/\/schema.org\/BlogPosting\" itemprop=\"blogPost\" ><div class='avia_textblock  '   itemprop=\"text\" ><p style=\"text-align: justify;\">El Seremi (s) de Gobierno de Ays\u00e9n, Tom\u00e1s Laibe, destac\u00f3 el anuncio que hiciera este jueves el presidente de la Rep\u00fablica en cadena nacional, donde se refiri\u00f3 a la aprobaci\u00f3n del Presupuesto 2025 por parte del Congreso Nacional. En tal sentido, el vocero (s) valor\u00f3 el acuerdo alcanzado en el Congreso que permiti\u00f3 el despacho de la iniciativa, que qued\u00f3 en condiciones de ser promulgada como ley de la Rep\u00fablica.<\/p>\n<p>\u00abLa aprobaci\u00f3n de este presupuesto asciende a $82 billones y representa un crecimiento del 2% respecto al a\u00f1o anterior. Responde a las necesidades y urgencias de los chilenos en temas prioritarios como la seguridad, la vivienda, salud y educaci\u00f3n, y en ese sentido destaco el esp\u00edritu constructivo que existi\u00f3, pese a las leg\u00edtimas diferencias de opini\u00f3n en el parlamento, que permiti\u00f3 mejorar el presupuesto original y suscribir una serie de compromisos asociados a la ejecuci\u00f3n de estos recursos\u00bb se\u00f1al\u00f3 Laibe.<\/p>\n<p>El Presupuesto 2025 prioriza avances significativos en \u00e1reas clave como seguridad p\u00fablica, educaci\u00f3n, salud y desarrollo regional. En seguridad contempla la incorporaci\u00f3n de 1.300 nuevos funcionarios a Carabineros y 243 a la PDI, adem\u00e1s de la construcci\u00f3n de una nueva c\u00e1rcel de m\u00e1xima seguridad y la instalaci\u00f3n de inhibidores de se\u00f1al en siete recintos penitenciarios.<\/p>\n<p>\u00abEste presupuesto permitir\u00e1 un incremento acumulado del 12,6% en los recursos de Carabineros y la PDI desde el inicio del Gobierno hasta 2025, cumpliendo el compromiso asumido por el Presidente Gabriel Boric\u00bb, destac\u00f3 Laibe, quien relev\u00f3 que tambi\u00e9n se asign\u00f3 un 30% m\u00e1s de recursos al Servicio Nacional de Prevenci\u00f3n y Respuesta ante Desastres (Senapred) para modernizar el Sistema de Alerta de Emergencias (SAE).<\/p>\n<p>El vocero (s) tambi\u00e9n relev\u00f3 que en educaci\u00f3n, el presupuesto prioriza la actualizaci\u00f3n del curr\u00edculum escolar, el fortalecimiento del Fondo de Infraestructura Educativa y un aumento de la Beca de Alimentaci\u00f3n para la Educaci\u00f3n Superior (BAES) a $48.000. Del mismo modo, valor\u00f3 que en salud se destinan recursos para reducir listas de espera en hospitales p\u00fablicos, con un aumento del 150% respecto al presupuesto inicial, y para implementar la Ley TEA, enfocada en la inclusi\u00f3n de personas con Trastorno del Espectro Autista. Tambi\u00e9n se\u00f1al\u00f3 el incremento de los recursos del Royalty Minero, con un alza del 137% para los municipios, y de un 140% para los gobiernos regionales, lo que apunta a un impulso del desarrollo territorial.<\/p>\n<p>\u00abEl Presupuesto 2025 aborda diversas \u00e1reas esenciales, pero principalmente mantiene el foco en los pilares de seguridad p\u00fablica, social y econ\u00f3mica. Para nuestra regi\u00f3n, tendr\u00e1 un efecto positivo en vivienda, con recursos para reforzar el Plan de Emergencia Habitacional y donde ya hemos alcanzado el 80% de la meta cumplida. O en Salud, donde se incluyen recursos para la creaci\u00f3n de un COSAM en cada regi\u00f3n, y que nuestro caso, se avanza con el COSAM de Puerto Ays\u00e9n, cuyas obras est\u00e1n en desarrollo. Sin dudas, estas iniciativas mejorar\u00e1n la calidad de vida de las y los ayseninos\u00bb, concluy\u00f3 el seremi.<\/p>\n<\/div><\/section><\/div><div  style='height:50px' class='hr hr-invisible   avia-builder-el-6  el_after_av_one_full  el_before_av_social_share '><span class='hr-inner ' ><span class='hr-inner-style'><\/span><\/span><\/div><\/p>\n<div  class='av-social-sharing-box  avia-builder-el-7  el_after_av_hr  el_before_av_hr  '><div class='av-share-box'><h5 class='av-share-link-description av-no-toc '>Compartir esta noticia<\/h5><ul class='av-share-box-list noLightbox'><li class='av-share-link av-social-link-facebook' ><a target=\"_blank\" aria-label=\"Compartir en Facebook\" href='https:\/\/www.facebook.com\/sharer.php?u=https:\/\/radiorevelacionfm.cl\/?p=48414&#038;t=Gobierno%20celebra%20aprobaci%C3%B3n%20de%20Presupuesto%202025%20con%20acuerdos%20transversales' aria-hidden='false' data-av_icon='\ue8f3' data-av_iconfont='entypo-fontello' title='' data-avia-related-tooltip='Compartir en Facebook' rel=\"noopener\"><span class='avia_hidden_link_text'>Compartir en Facebook<\/span><\/a><\/li><li class='av-share-link av-social-link-twitter' ><a target=\"_blank\" aria-label=\"Compartir en Twitter\" href='https:\/\/twitter.com\/share?text=Gobierno%20celebra%20aprobaci%C3%B3n%20de%20Presupuesto%202025%20con%20acuerdos%20transversales&#038;url=https:\/\/radiorevelacionfm.cl\/?p=48414' aria-hidden='false' data-av_icon='\ue8f1' data-av_iconfont='entypo-fontello' title='' data-avia-related-tooltip='Compartir en Twitter' rel=\"noopener\"><span class='avia_hidden_link_text'>Compartir en Twitter<\/span><\/a><\/li><li class='av-share-link av-social-link-whatsapp' ><a target=\"_blank\" aria-label=\"Compartir en Whatsapp\" href='https:\/\/api.whatsapp.com\/send?text=https:\/\/radiorevelacionfm.cl\/?p=48414' aria-hidden='false' data-av_icon='\uf232' data-av_iconfont='entypo-fontello' title='' data-avia-related-tooltip='Compartir en Whatsapp' rel=\"noopener\"><span class='avia_hidden_link_text'>Compartir en Whatsapp<\/span><\/a><\/li><li class='av-share-link av-social-link-linkedin' ><a target=\"_blank\" aria-label=\"Compartir en LinkedIn\" href='https:\/\/linkedin.com\/shareArticle?mini=true&#038;title=Gobierno%20celebra%20aprobaci%C3%B3n%20de%20Presupuesto%202025%20con%20acuerdos%20transversales&#038;url=https:\/\/radiorevelacionfm.cl\/?p=48414' aria-hidden='false' data-av_icon='\ue8fc' data-av_iconfont='entypo-fontello' title='' data-avia-related-tooltip='Compartir en LinkedIn' rel=\"noopener\"><span class='avia_hidden_link_text'>Compartir en LinkedIn<\/span><\/a><\/li><li class='av-share-link av-social-link-mail' ><a  aria-label=\"Compartir por correo\" href='mailto:?subject=Gobierno%20celebra%20aprobaci%C3%B3n%20de%20Presupuesto%202025%20con%20acuerdos%20transversales&#038;body=https:\/\/radiorevelacionfm.cl\/?p=48414' aria-hidden='false' data-av_icon='\ue805' data-av_iconfont='entypo-fontello' title='' data-avia-related-tooltip='Compartir por correo'><span class='avia_hidden_link_text'>Compartir por correo<\/span><\/a><\/li><\/ul><\/div><\/div>\n<div  style='height:50px' class='hr hr-invisible   avia-builder-el-8  el_after_av_social_share  el_before_av_comments_list '><span class='hr-inner ' ><span class='hr-inner-style'><\/span><\/span><\/div>\n<div  class='av-buildercomment  av-blog-meta-html-info-disabled av-blog-meta-tag-disabled  '><\/div>\n","protected":false},"excerpt":{"rendered":"","protected":false},"author":1,"featured_media":48416,"comment_status":"open","ping_status":"open","sticky":false,"template":"","format":"standard","meta":{"footnotes":""},"categories":[38],"tags":[],"class_list":["post-48414","post","type-post","status-publish","format-standard","has-post-thumbnail","hentry","category-regional"],"jetpack_featured_media_url":"https:\/\/radiorevelacionfm.cl\/wp-content\/uploads\/2024\/12\/foto-3-49-1-1.jpg","_links":{"self":[{"href":"https:\/\/radiorevelacionfm.cl\/index.php?rest_route=\/wp\/v2\/posts\/48414","targetHints":{"allow":["GET"]}}],"collection":[{"href":"https:\/\/radiorevelacionfm.cl\/index.php?rest_route=\/wp\/v2\/posts"}],"about":[{"href":"https:\/\/radiorevelacionfm.cl\/index.php?rest_route=\/wp\/v2\/types\/post"}],"author":[{"embeddable":true,"href":"https:\/\/radiorevelacionfm.cl\/index.php?rest_route=\/wp\/v2\/users\/1"}],"replies":[{"embeddable":true,"href":"https:\/\/radiorevelacionfm.cl\/index.php?rest_route=%2Fwp%2Fv2%2Fcomments&post=48414"}],"version-history":[{"count":1,"href":"https:\/\/radiorevelacionfm.cl\/index.php?rest_route=\/wp\/v2\/posts\/48414\/revisions"}],"predecessor-version":[{"id":48417,"href":"https:\/\/radiorevelacionfm.cl\/index.php?rest_route=\/wp\/v2\/posts\/48414\/revisions\/48417"}],"wp:featuredmedia":[{"embeddable":true,"href":"https:\/\/radiorevelacionfm.cl\/index.php?rest_route=\/wp\/v2\/media\/48416"}],"wp:attachment":[{"href":"https:\/\/radiorevelacionfm.cl\/index.php?rest_route=%2Fwp%2Fv2%2Fmedia&parent=48414"}],"wp:term":[{"taxonomy":"category","embeddable":true,"href":"https:\/\/radiorevelacionfm.cl\/index.php?rest_route=%2Fwp%2Fv2%2Fcategories&post=48414"},{"taxonomy":"post_tag","embeddable":true,"href":"https:\/\/radiorevelacionfm.cl\/index.php?rest_route=%2Fwp%2Fv2%2Ftags&post=48414"}],"curies":[{"name":"wp","href":"https:\/\/api.w.org\/{rel}","templated":true}]}}