{"id":48405,"date":"2024-12-01T17:49:40","date_gmt":"2024-12-01T20:49:40","guid":{"rendered":"https:\/\/radiorevelacionfm.cl\/?p=48405"},"modified":"2024-12-01T17:49:40","modified_gmt":"2024-12-01T20:49:40","slug":"vecinos-celebran-aprobacion-del-ministerio-de-desarrollo-social-para-proyecto-de-apr-de-tejas-verdes-y-las-bandurrias","status":"publish","type":"post","link":"https:\/\/radiorevelacionfm.cl\/?p=48405","title":{"rendered":"Vecinos celebran aprobaci\u00f3n del Ministerio de Desarrollo Social para proyecto de APR de Tejas Verdes y Las Bandurrias"},"content":{"rendered":"<div class=\"flex_column av_one_full  flex_column_div av-zero-column-padding first  avia-builder-el-0  el_before_av_one_full  avia-builder-el-first  \" style='border-radius:0px; '><div  class='avia-image-container  av-styling-    avia-builder-el-1  avia-builder-el-no-sibling  avia-align-center '  itemprop=\"image\" itemscope=\"itemscope\" itemtype=\"https:\/\/schema.org\/ImageObject\"  ><div class='avia-image-container-inner'><div class='avia-image-overlay-wrap'><img decoding=\"async\" class='wp-image-48406 avia-img-lazy-loading-not-48406 avia_image' src=\"https:\/\/radiorevelacionfm.cl\/wp-content\/uploads\/2024\/11\/FOTO-CALISTO-APR-LAS-BANDURRIAS-2-2.jpg\" alt='' title='FOTO CALISTO APR LAS BANDURRIAS-2-2' height=\"600\" width=\"1053\"  itemprop=\"thumbnailUrl\" srcset=\"https:\/\/radiorevelacionfm.cl\/wp-content\/uploads\/2024\/11\/FOTO-CALISTO-APR-LAS-BANDURRIAS-2-2.jpg 1053w, https:\/\/radiorevelacionfm.cl\/wp-content\/uploads\/2024\/11\/FOTO-CALISTO-APR-LAS-BANDURRIAS-2-2-300x171.jpg 300w, https:\/\/radiorevelacionfm.cl\/wp-content\/uploads\/2024\/11\/FOTO-CALISTO-APR-LAS-BANDURRIAS-2-2-1030x587.jpg 1030w, https:\/\/radiorevelacionfm.cl\/wp-content\/uploads\/2024\/11\/FOTO-CALISTO-APR-LAS-BANDURRIAS-2-2-768x438.jpg 768w, https:\/\/radiorevelacionfm.cl\/wp-content\/uploads\/2024\/11\/FOTO-CALISTO-APR-LAS-BANDURRIAS-2-2-705x402.jpg 705w, https:\/\/radiorevelacionfm.cl\/wp-content\/uploads\/2024\/11\/FOTO-CALISTO-APR-LAS-BANDURRIAS-2-2-450x256.jpg 450w, https:\/\/radiorevelacionfm.cl\/wp-content\/uploads\/2024\/11\/FOTO-CALISTO-APR-LAS-BANDURRIAS-2-2-600x342.jpg 600w\" sizes=\"(max-width: 1053px) 100vw, 1053px\" \/><\/div><\/div><\/div><\/div><div class=\"flex_column av_one_full  flex_column_div av-zero-column-padding first  avia-builder-el-2  el_after_av_one_full  el_before_av_one_full  column-top-margin\" style='border-radius:0px; '><section class=\"av_textblock_section \"  itemscope=\"itemscope\" itemtype=\"https:\/\/schema.org\/BlogPosting\" itemprop=\"blogPost\" ><div class='avia_textblock  '   itemprop=\"text\" ><p style=\"text-align: center;\"><strong><span style=\"font-size: 18pt;\">Vecinos celebran aprobaci\u00f3n del Ministerio de Desarrollo Social para proyecto de APR de Tejas Verdes y Las Bandurrias<\/span><\/strong><\/p>\n<div id=\"gtx-trans\" style=\"position: absolute; left: -50px; top: 4.31534px;\">\n<div class=\"gtx-trans-icon\"><\/div>\n<\/div>\n<\/div><\/section><\/div><div class=\"flex_column av_one_full  flex_column_div av-zero-column-padding first  avia-builder-el-4  el_after_av_one_full  el_before_av_hr  column-top-margin\" style='border-radius:0px; '><section class=\"av_textblock_section \"  itemscope=\"itemscope\" itemtype=\"https:\/\/schema.org\/BlogPosting\" itemprop=\"blogPost\" ><div class='avia_textblock  '   itemprop=\"text\" ><p style=\"text-align: justify;\">Como una gran noticia calific\u00f3 el diputado Miguel \u00c1ngel Calisto y los vecinos de Tejas Verdes y Las Bandurrias la confirmaci\u00f3n por parte del Ministerio de Desarrollo Social del RS favorable al proyecto de Agua Potable Rural \u00a0para ambos sectores. Esto permitir\u00e1 dotar de este vital elemento a cientos de familias que viven en esta zona rural de Coyhaique.<\/p>\n<p style=\"text-align: justify;\">Seg\u00fan el diputado Miguel \u00c1ngel Calisto, \u201cestamos muy contentos por la buena noticia del R.S. para el proyecto de agua potable rural para el sector Las Bandurrias y Tejas Verde. Este proyecto hab\u00eda sido trabajado durante muchos a\u00f1os, con mucho esfuerzo, muchas gestiones por parte de los dirigentes principalmente, y tambi\u00e9n por todos los vecinos\u201d<\/p>\n<p style=\"text-align: justify;\">\u201cLos hemos estado acompa\u00f1ando en sus reuniones, en gestiones nacionales y tambi\u00e9n regionales. Por lo tanto, estamos contentos de este logro despu\u00e9s de tantos a\u00f1os. Y lo que ahora esperamos es que r\u00e1pidamente se presente este proyecto para su financiamiento y ejecuci\u00f3n que es tan necesario y urgente\u201d, indic\u00f3.<\/p>\n<p style=\"text-align: justify;\">Por su parte, Freddy Bahamonde, represente del Comit\u00e9 de Servicio Sanitarios Rurales Tejas Verdes y Las Bandurrias, \u201cen realidad un avance tremendo dado los tantos a\u00f1os que hemos batallado para sacar esto de adelante y efectivamente para la comunidad es un muy gran avance porque la calidad de vida de nuestros habitantes del sector va a ser de muy alto nivel de aqu\u00ed en adelante una vez que se produzca la confecci\u00f3n de este proyecto\u201d.<\/p>\n<p style=\"text-align: justify;\">El dirigente agreg\u00f3 que \u201cas\u00ed que agradecidos por la gesti\u00f3n y por otra parte dar las gracias efectivamente al diputado Calisto que nos ayud\u00f3 en gran parte a avanzar en este proyecto, dado que ten\u00edamos ya los pasajes y las maletas hechas para hacer la visita de rigor a la pr\u00f3xima semana a la ministra Toro. Afortunadamente, sali\u00f3 el proyecto favorable, e insisto agradecemos a toda la comunidad por apoyarnos en esta tit\u00e1nica tarea\u201d.<\/p>\n<p style=\"text-align: justify;\">Por su parte, Alejandra Cofr\u00e9, dirigenta del APR, asegur\u00f3 que \u201cahora nos queda conseguir los dineros, hay que conseguir el financiamiento. Fuimos recibidos por la Seremi del MOP ac\u00e1 de Coyhaique, quien se comprometi\u00f3 a enviar hoy d\u00eda un oficio para que la semana siguiente estemos en tabla con la gente del GORE\u201d.<\/p>\n<p style=\"text-align: justify;\">Finalmente, la dirigenta declar\u00f3 que \u201cuna vez que tengamos esa resoluci\u00f3n de aprobaci\u00f3n del GORE se puede enviar ya el oficio a Contralor\u00eda y hacer los tr\u00e1mites administrativos. As\u00ed que esperamos, por lo que nosotros calculamos, estar en diciembre del 2025 ya instalando la primera ca\u00f1er\u00eda en todo este sector que contempla el Verd\u00edn, Verd\u00edn Alto, Tejas Verde y Las Bandurrias, donde hoy d\u00eda son 303 arranques y somos m\u00e1s de 1.200 personas\u201d.<\/p>\n<\/div><\/section><\/div><div  style='height:50px' class='hr hr-invisible   avia-builder-el-6  el_after_av_one_full  el_before_av_social_share '><span class='hr-inner ' ><span class='hr-inner-style'><\/span><\/span><\/div><\/p>\n<div  class='av-social-sharing-box  avia-builder-el-7  el_after_av_hr  el_before_av_hr  '><div class='av-share-box'><h5 class='av-share-link-description av-no-toc '>Compartir esta noticia<\/h5><ul class='av-share-box-list noLightbox'><li class='av-share-link av-social-link-facebook' ><a target=\"_blank\" aria-label=\"Compartir en Facebook\" href='https:\/\/www.facebook.com\/sharer.php?u=https:\/\/radiorevelacionfm.cl\/?p=48405&#038;t=Vecinos%20celebran%20aprobaci%C3%B3n%20del%20Ministerio%20de%20Desarrollo%20Social%20para%20proyecto%20de%20APR%20de%20Tejas%20Verdes%20y%20Las%20Bandurrias' aria-hidden='false' data-av_icon='\ue8f3' data-av_iconfont='entypo-fontello' title='' data-avia-related-tooltip='Compartir en Facebook' rel=\"noopener\"><span class='avia_hidden_link_text'>Compartir en Facebook<\/span><\/a><\/li><li class='av-share-link av-social-link-twitter' ><a target=\"_blank\" aria-label=\"Compartir en Twitter\" href='https:\/\/twitter.com\/share?text=Vecinos%20celebran%20aprobaci%C3%B3n%20del%20Ministerio%20de%20Desarrollo%20Social%20para%20proyecto%20de%20APR%20de%20Tejas%20Verdes%20y%20Las%20Bandurrias&#038;url=https:\/\/radiorevelacionfm.cl\/?p=48405' aria-hidden='false' data-av_icon='\ue8f1' data-av_iconfont='entypo-fontello' title='' data-avia-related-tooltip='Compartir en Twitter' rel=\"noopener\"><span class='avia_hidden_link_text'>Compartir en Twitter<\/span><\/a><\/li><li class='av-share-link av-social-link-whatsapp' ><a target=\"_blank\" aria-label=\"Compartir en Whatsapp\" href='https:\/\/api.whatsapp.com\/send?text=https:\/\/radiorevelacionfm.cl\/?p=48405' aria-hidden='false' data-av_icon='\uf232' data-av_iconfont='entypo-fontello' title='' data-avia-related-tooltip='Compartir en Whatsapp' rel=\"noopener\"><span class='avia_hidden_link_text'>Compartir en Whatsapp<\/span><\/a><\/li><li class='av-share-link av-social-link-linkedin' ><a target=\"_blank\" aria-label=\"Compartir en LinkedIn\" href='https:\/\/linkedin.com\/shareArticle?mini=true&#038;title=Vecinos%20celebran%20aprobaci%C3%B3n%20del%20Ministerio%20de%20Desarrollo%20Social%20para%20proyecto%20de%20APR%20de%20Tejas%20Verdes%20y%20Las%20Bandurrias&#038;url=https:\/\/radiorevelacionfm.cl\/?p=48405' aria-hidden='false' data-av_icon='\ue8fc' data-av_iconfont='entypo-fontello' title='' data-avia-related-tooltip='Compartir en LinkedIn' rel=\"noopener\"><span class='avia_hidden_link_text'>Compartir en LinkedIn<\/span><\/a><\/li><li class='av-share-link av-social-link-mail' ><a  aria-label=\"Compartir por correo\" href='mailto:?subject=Vecinos%20celebran%20aprobaci%C3%B3n%20del%20Ministerio%20de%20Desarrollo%20Social%20para%20proyecto%20de%20APR%20de%20Tejas%20Verdes%20y%20Las%20Bandurrias&#038;body=https:\/\/radiorevelacionfm.cl\/?p=48405' aria-hidden='false' data-av_icon='\ue805' data-av_iconfont='entypo-fontello' title='' data-avia-related-tooltip='Compartir por correo'><span class='avia_hidden_link_text'>Compartir por correo<\/span><\/a><\/li><\/ul><\/div><\/div>\n<div  style='height:50px' class='hr hr-invisible   avia-builder-el-8  el_after_av_social_share  el_before_av_comments_list '><span class='hr-inner ' ><span class='hr-inner-style'><\/span><\/span><\/div>\n<div  class='av-buildercomment  av-blog-meta-html-info-disabled av-blog-meta-tag-disabled  '><\/div>\n","protected":false},"excerpt":{"rendered":"","protected":false},"author":1,"featured_media":48406,"comment_status":"open","ping_status":"open","sticky":false,"template":"","format":"standard","meta":{"footnotes":""},"categories":[38],"tags":[],"class_list":["post-48405","post","type-post","status-publish","format-standard","has-post-thumbnail","hentry","category-regional"],"jetpack_featured_media_url":"https:\/\/radiorevelacionfm.cl\/wp-content\/uploads\/2024\/11\/FOTO-CALISTO-APR-LAS-BANDURRIAS-2-2.jpg","_links":{"self":[{"href":"https:\/\/radiorevelacionfm.cl\/index.php?rest_route=\/wp\/v2\/posts\/48405","targetHints":{"allow":["GET"]}}],"collection":[{"href":"https:\/\/radiorevelacionfm.cl\/index.php?rest_route=\/wp\/v2\/posts"}],"about":[{"href":"https:\/\/radiorevelacionfm.cl\/index.php?rest_route=\/wp\/v2\/types\/post"}],"author":[{"embeddable":true,"href":"https:\/\/radiorevelacionfm.cl\/index.php?rest_route=\/wp\/v2\/users\/1"}],"replies":[{"embeddable":true,"href":"https:\/\/radiorevelacionfm.cl\/index.php?rest_route=%2Fwp%2Fv2%2Fcomments&post=48405"}],"version-history":[{"count":1,"href":"https:\/\/radiorevelacionfm.cl\/index.php?rest_route=\/wp\/v2\/posts\/48405\/revisions"}],"predecessor-version":[{"id":48407,"href":"https:\/\/radiorevelacionfm.cl\/index.php?rest_route=\/wp\/v2\/posts\/48405\/revisions\/48407"}],"wp:featuredmedia":[{"embeddable":true,"href":"https:\/\/radiorevelacionfm.cl\/index.php?rest_route=\/wp\/v2\/media\/48406"}],"wp:attachment":[{"href":"https:\/\/radiorevelacionfm.cl\/index.php?rest_route=%2Fwp%2Fv2%2Fmedia&parent=48405"}],"wp:term":[{"taxonomy":"category","embeddable":true,"href":"https:\/\/radiorevelacionfm.cl\/index.php?rest_route=%2Fwp%2Fv2%2Fcategories&post=48405"},{"taxonomy":"post_tag","embeddable":true,"href":"https:\/\/radiorevelacionfm.cl\/index.php?rest_route=%2Fwp%2Fv2%2Ftags&post=48405"}],"curies":[{"name":"wp","href":"https:\/\/api.w.org\/{rel}","templated":true}]}}