{"id":48401,"date":"2024-11-29T23:23:49","date_gmt":"2024-11-30T02:23:49","guid":{"rendered":"https:\/\/radiorevelacionfm.cl\/?p=48401"},"modified":"2024-11-29T23:23:49","modified_gmt":"2024-11-30T02:23:49","slug":"fiscalia-logra-condena-de-9-anos-de-carcel-contra-ex-coordinador-de-seguridad-publica-regional-por-el-delito-de-violacion","status":"publish","type":"post","link":"https:\/\/radiorevelacionfm.cl\/?p=48401","title":{"rendered":"Fiscal\u00eda logra condena de 9 a\u00f1os de c\u00e1rcel contra ex Coordinador de Seguridad P\u00fablica Regional por el delito de violaci\u00f3n"},"content":{"rendered":"<div class=\"flex_column av_one_full  flex_column_div av-zero-column-padding first  avia-builder-el-0  el_before_av_one_full  avia-builder-el-first  \" style='border-radius:0px; '><div  class='avia-image-container  av-styling-    avia-builder-el-1  avia-builder-el-no-sibling  avia-align-center '  itemprop=\"image\" itemscope=\"itemscope\" itemtype=\"https:\/\/schema.org\/ImageObject\"  ><div class='avia-image-container-inner'><div class='avia-image-overlay-wrap'><img decoding=\"async\" class='wp-image-38114 avia-img-lazy-loading-not-38114 avia_image' src=\"https:\/\/radiorevelacionfm.cl\/wp-content\/uploads\/2023\/12\/Fiscalia3-1-1.jpeg\" alt='' title='Fiscalia3 (1) (1)' height=\"600\" width=\"942\"  itemprop=\"thumbnailUrl\" srcset=\"https:\/\/radiorevelacionfm.cl\/wp-content\/uploads\/2023\/12\/Fiscalia3-1-1.jpeg 942w, https:\/\/radiorevelacionfm.cl\/wp-content\/uploads\/2023\/12\/Fiscalia3-1-1-300x191.jpeg 300w, https:\/\/radiorevelacionfm.cl\/wp-content\/uploads\/2023\/12\/Fiscalia3-1-1-768x489.jpeg 768w, https:\/\/radiorevelacionfm.cl\/wp-content\/uploads\/2023\/12\/Fiscalia3-1-1-705x449.jpeg 705w, https:\/\/radiorevelacionfm.cl\/wp-content\/uploads\/2023\/12\/Fiscalia3-1-1-450x287.jpeg 450w, https:\/\/radiorevelacionfm.cl\/wp-content\/uploads\/2023\/12\/Fiscalia3-1-1-600x382.jpeg 600w\" sizes=\"(max-width: 942px) 100vw, 942px\" \/><\/div><\/div><\/div><\/div><div class=\"flex_column av_one_full  flex_column_div av-zero-column-padding first  avia-builder-el-2  el_after_av_one_full  el_before_av_one_full  column-top-margin\" style='border-radius:0px; '><section class=\"av_textblock_section \"  itemscope=\"itemscope\" itemtype=\"https:\/\/schema.org\/BlogPosting\" itemprop=\"blogPost\" ><div class='avia_textblock  '   itemprop=\"text\" ><p style=\"text-align: center;\"><span style=\"font-size: 18pt;\"><strong>Fiscal\u00eda logra condena de 9 a\u00f1os de c\u00e1rcel contra ex Coordinador de Seguridad P\u00fablica Regional por el delito de violaci\u00f3n<\/strong><\/span><\/p>\n<div id=\"gtx-trans\" style=\"position: absolute; left: -50px; top: 4.31534px;\">\n<div class=\"gtx-trans-icon\"><\/div>\n<\/div>\n<\/div><\/section><\/div><div class=\"flex_column av_one_full  flex_column_div av-zero-column-padding first  avia-builder-el-4  el_after_av_one_full  el_before_av_hr  column-top-margin\" style='border-radius:0px; '><section class=\"av_textblock_section \"  itemscope=\"itemscope\" itemtype=\"https:\/\/schema.org\/BlogPosting\" itemprop=\"blogPost\" ><div class='avia_textblock  '   itemprop=\"text\" ><p style=\"text-align: justify;\">\u201cEl Tribunal valor\u00f3 las pruebas que se presentaron y en especial las diligencias investigativas desarrolladas por la Polic\u00eda de Investigaciones a trav\u00e9s de la Brigada de Delitos Sexuales\u201d, explic\u00f3 el fiscal Luis Contreras.<\/p>\n<p style=\"text-align: justify;\">Tras una acusaci\u00f3n de la Fiscal\u00eda Local de Coyhaique en un juicio efectuado ante el Tribunal de Juicio Oral en Lo Penal, fue condenado a 9 a\u00f1os de c\u00e1rcel el ex Coordinador de Seguridad P\u00fablica de la Regi\u00f3n de Ays\u00e9n, quien en agosto del a\u00f1o 2021 fue denunciado por el delito de violaci\u00f3n cometido en contra de una v\u00edctima.<\/p>\n<p style=\"text-align: justify;\">Seg\u00fan explic\u00f3 el fiscal Luis Contreras, especializado en la investigaci\u00f3n de este tipo de hechos, \u201choy el Tribunal Oral en lo Penal efectu\u00f3 la lectura de la sentencia que condena al acusado por el delito de violaci\u00f3n a la pena de nueve a\u00f1os de presidio mayor en su grado m\u00ednimo. Esta persona se desempe\u00f1aba en el a\u00f1o 2021 como encargado de Seguridad Regional. La v\u00edctima, una mujer de 27 a\u00f1os en aquella \u00e9poca, comparti\u00f3 con el imputado en el domicilio de \u00e9ste\u201d.<\/p>\n<p style=\"text-align: justify;\">El fiscal Contreras agreg\u00f3 que \u201cel Tribunal valor\u00f3 las pruebas que se presentaron y en especial las diligencias investigativas desarrolladas por la Polic\u00eda de Investigaciones a trav\u00e9s de la Brigada de Delitos Sexuales\u201d.<\/p>\n<p style=\"text-align: justify;\">PERICIAS<\/p>\n<p style=\"text-align: justify;\">El persecutor penal detall\u00f3 que se cont\u00f3 adem\u00e1s \u201ccon una pericia que en este caso fue efectuada por peritos sex\u00f3logos del Hospital Regional. Recordemos que el Hospital Regional tiene personal especializado en realizar este tipo de pericias y adicionalmente contamos con un informe pericial psicol\u00f3gico unido a las declaraciones de los testigos, lo cual llev\u00f3 al tribunal a dictar el veredicto condenatorio\u201d.<\/p>\n<p style=\"text-align: justify;\">La denuncia de este caso fue efectuada a la brevedad por la v\u00edctima, lo cual facilit\u00f3 recabar los medios de prueba para condenar al acusado de hoy 45 a\u00f1os de edad.<\/p>\n<p style=\"text-align: justify;\">La Fiscal\u00eda efectu\u00f3 un llamado a todas las v\u00edctimas de delitos sexuales o a su c\u00edrculo cercano, a efectuar las denuncias respectivas a fin de investigar los hechos con la mayor celeridad posible.\u00a0\u00a0 Durante el juicio, la v\u00edctima tambi\u00e9n fue apoyada por la Unidad de V\u00edctimas y Testigos de la Fiscal\u00eda Regional de Ays\u00e9n.<\/p>\n<\/div><\/section><\/div><div  style='height:50px' class='hr hr-invisible   avia-builder-el-6  el_after_av_one_full  el_before_av_social_share '><span class='hr-inner ' ><span class='hr-inner-style'><\/span><\/span><\/div><\/p>\n<div  class='av-social-sharing-box  avia-builder-el-7  el_after_av_hr  el_before_av_hr  '><div class='av-share-box'><h5 class='av-share-link-description av-no-toc '>Compartir esta noticia<\/h5><ul class='av-share-box-list noLightbox'><li class='av-share-link av-social-link-facebook' ><a target=\"_blank\" aria-label=\"Compartir en Facebook\" href='https:\/\/www.facebook.com\/sharer.php?u=https:\/\/radiorevelacionfm.cl\/?p=48401&#038;t=Fiscal%C3%ADa%20logra%20condena%20de%209%20a%C3%B1os%20de%20c%C3%A1rcel%20contra%20ex%20Coordinador%20de%20Seguridad%20P%C3%BAblica%20Regional%20por%20el%20delito%20de%20violaci%C3%B3n' aria-hidden='false' data-av_icon='\ue8f3' data-av_iconfont='entypo-fontello' title='' data-avia-related-tooltip='Compartir en Facebook' rel=\"noopener\"><span class='avia_hidden_link_text'>Compartir en Facebook<\/span><\/a><\/li><li class='av-share-link av-social-link-twitter' ><a target=\"_blank\" aria-label=\"Compartir en Twitter\" href='https:\/\/twitter.com\/share?text=Fiscal%C3%ADa%20logra%20condena%20de%209%20a%C3%B1os%20de%20c%C3%A1rcel%20contra%20ex%20Coordinador%20de%20Seguridad%20P%C3%BAblica%20Regional%20por%20el%20delito%20de%20violaci%C3%B3n&#038;url=https:\/\/radiorevelacionfm.cl\/?p=48401' aria-hidden='false' data-av_icon='\ue8f1' data-av_iconfont='entypo-fontello' title='' data-avia-related-tooltip='Compartir en Twitter' rel=\"noopener\"><span class='avia_hidden_link_text'>Compartir en Twitter<\/span><\/a><\/li><li class='av-share-link av-social-link-whatsapp' ><a target=\"_blank\" aria-label=\"Compartir en Whatsapp\" href='https:\/\/api.whatsapp.com\/send?text=https:\/\/radiorevelacionfm.cl\/?p=48401' aria-hidden='false' data-av_icon='\uf232' data-av_iconfont='entypo-fontello' title='' data-avia-related-tooltip='Compartir en Whatsapp' rel=\"noopener\"><span class='avia_hidden_link_text'>Compartir en Whatsapp<\/span><\/a><\/li><li class='av-share-link av-social-link-linkedin' ><a target=\"_blank\" aria-label=\"Compartir en LinkedIn\" href='https:\/\/linkedin.com\/shareArticle?mini=true&#038;title=Fiscal%C3%ADa%20logra%20condena%20de%209%20a%C3%B1os%20de%20c%C3%A1rcel%20contra%20ex%20Coordinador%20de%20Seguridad%20P%C3%BAblica%20Regional%20por%20el%20delito%20de%20violaci%C3%B3n&#038;url=https:\/\/radiorevelacionfm.cl\/?p=48401' aria-hidden='false' data-av_icon='\ue8fc' data-av_iconfont='entypo-fontello' title='' data-avia-related-tooltip='Compartir en LinkedIn' rel=\"noopener\"><span class='avia_hidden_link_text'>Compartir en LinkedIn<\/span><\/a><\/li><li class='av-share-link av-social-link-mail' ><a  aria-label=\"Compartir por correo\" href='mailto:?subject=Fiscal%C3%ADa%20logra%20condena%20de%209%20a%C3%B1os%20de%20c%C3%A1rcel%20contra%20ex%20Coordinador%20de%20Seguridad%20P%C3%BAblica%20Regional%20por%20el%20delito%20de%20violaci%C3%B3n&#038;body=https:\/\/radiorevelacionfm.cl\/?p=48401' aria-hidden='false' data-av_icon='\ue805' data-av_iconfont='entypo-fontello' title='' data-avia-related-tooltip='Compartir por correo'><span class='avia_hidden_link_text'>Compartir por correo<\/span><\/a><\/li><\/ul><\/div><\/div>\n<div  style='height:50px' class='hr hr-invisible   avia-builder-el-8  el_after_av_social_share  el_before_av_comments_list '><span class='hr-inner ' ><span class='hr-inner-style'><\/span><\/span><\/div>\n<div  class='av-buildercomment  av-blog-meta-html-info-disabled av-blog-meta-tag-disabled  '><\/div>\n","protected":false},"excerpt":{"rendered":"","protected":false},"author":1,"featured_media":38114,"comment_status":"open","ping_status":"open","sticky":false,"template":"","format":"standard","meta":{"footnotes":""},"categories":[55],"tags":[],"class_list":["post-48401","post","type-post","status-publish","format-standard","has-post-thumbnail","hentry","category-justicia"],"jetpack_featured_media_url":"https:\/\/radiorevelacionfm.cl\/wp-content\/uploads\/2023\/12\/Fiscalia3-1-1.jpeg","_links":{"self":[{"href":"https:\/\/radiorevelacionfm.cl\/index.php?rest_route=\/wp\/v2\/posts\/48401","targetHints":{"allow":["GET"]}}],"collection":[{"href":"https:\/\/radiorevelacionfm.cl\/index.php?rest_route=\/wp\/v2\/posts"}],"about":[{"href":"https:\/\/radiorevelacionfm.cl\/index.php?rest_route=\/wp\/v2\/types\/post"}],"author":[{"embeddable":true,"href":"https:\/\/radiorevelacionfm.cl\/index.php?rest_route=\/wp\/v2\/users\/1"}],"replies":[{"embeddable":true,"href":"https:\/\/radiorevelacionfm.cl\/index.php?rest_route=%2Fwp%2Fv2%2Fcomments&post=48401"}],"version-history":[{"count":1,"href":"https:\/\/radiorevelacionfm.cl\/index.php?rest_route=\/wp\/v2\/posts\/48401\/revisions"}],"predecessor-version":[{"id":48402,"href":"https:\/\/radiorevelacionfm.cl\/index.php?rest_route=\/wp\/v2\/posts\/48401\/revisions\/48402"}],"wp:featuredmedia":[{"embeddable":true,"href":"https:\/\/radiorevelacionfm.cl\/index.php?rest_route=\/wp\/v2\/media\/38114"}],"wp:attachment":[{"href":"https:\/\/radiorevelacionfm.cl\/index.php?rest_route=%2Fwp%2Fv2%2Fmedia&parent=48401"}],"wp:term":[{"taxonomy":"category","embeddable":true,"href":"https:\/\/radiorevelacionfm.cl\/index.php?rest_route=%2Fwp%2Fv2%2Fcategories&post=48401"},{"taxonomy":"post_tag","embeddable":true,"href":"https:\/\/radiorevelacionfm.cl\/index.php?rest_route=%2Fwp%2Fv2%2Ftags&post=48401"}],"curies":[{"name":"wp","href":"https:\/\/api.w.org\/{rel}","templated":true}]}}