{"id":48398,"date":"2024-11-29T23:11:35","date_gmt":"2024-11-30T02:11:35","guid":{"rendered":"https:\/\/radiorevelacionfm.cl\/?p=48398"},"modified":"2024-11-29T23:11:35","modified_gmt":"2024-11-30T02:11:35","slug":"mop-impulsara-construccion-de-plataformas-de-emergencia-para-helicopteros-en-region-de-aysen","status":"publish","type":"post","link":"https:\/\/radiorevelacionfm.cl\/?p=48398","title":{"rendered":"MOP impulsar\u00e1 construcci\u00f3n de plataformas de emergencia para helic\u00f3pteros en regi\u00f3n de Ays\u00e9n"},"content":{"rendered":"<div class=\"flex_column av_one_full  flex_column_div av-zero-column-padding first  avia-builder-el-0  el_before_av_one_full  avia-builder-el-first  \" style='border-radius:0px; '><div  class='avia-image-container  av-styling-    avia-builder-el-1  avia-builder-el-no-sibling  avia-align-center '  itemprop=\"image\" itemscope=\"itemscope\" itemtype=\"https:\/\/schema.org\/ImageObject\"  ><div class='avia-image-container-inner'><div class='avia-image-overlay-wrap'><img decoding=\"async\" class='wp-image-48399 avia-img-lazy-loading-not-48399 avia_image' src=\"https:\/\/radiorevelacionfm.cl\/wp-content\/uploads\/2024\/11\/BORIS-OLGUIN-2-2.jpg\" alt='' title='BORIS-OLGUIN-2-2' height=\"600\" width=\"900\"  itemprop=\"thumbnailUrl\" srcset=\"https:\/\/radiorevelacionfm.cl\/wp-content\/uploads\/2024\/11\/BORIS-OLGUIN-2-2.jpg 900w, https:\/\/radiorevelacionfm.cl\/wp-content\/uploads\/2024\/11\/BORIS-OLGUIN-2-2-300x200.jpg 300w, https:\/\/radiorevelacionfm.cl\/wp-content\/uploads\/2024\/11\/BORIS-OLGUIN-2-2-768x512.jpg 768w, https:\/\/radiorevelacionfm.cl\/wp-content\/uploads\/2024\/11\/BORIS-OLGUIN-2-2-705x470.jpg 705w, https:\/\/radiorevelacionfm.cl\/wp-content\/uploads\/2024\/11\/BORIS-OLGUIN-2-2-450x300.jpg 450w, https:\/\/radiorevelacionfm.cl\/wp-content\/uploads\/2024\/11\/BORIS-OLGUIN-2-2-600x400.jpg 600w\" sizes=\"(max-width: 900px) 100vw, 900px\" \/><\/div><\/div><\/div><\/div><div class=\"flex_column av_one_full  flex_column_div av-zero-column-padding first  avia-builder-el-2  el_after_av_one_full  el_before_av_one_full  column-top-margin\" style='border-radius:0px; '><section class=\"av_textblock_section \"  itemscope=\"itemscope\" itemtype=\"https:\/\/schema.org\/BlogPosting\" itemprop=\"blogPost\" ><div class='avia_textblock  '   itemprop=\"text\" ><p style=\"text-align: center;\"><strong><span style=\"font-size: 18pt;\">MOP impulsar\u00e1 construcci\u00f3n de plataformas de emergencia para helic\u00f3pteros en regi\u00f3n de Ays\u00e9n<\/span><\/strong><\/p>\n<div id=\"gtx-trans\" style=\"position: absolute; left: -50px; top: 4.31534px;\">\n<div class=\"gtx-trans-icon\"><\/div>\n<\/div>\n<\/div><\/section><\/div><div class=\"flex_column av_one_full  flex_column_div av-zero-column-padding first  avia-builder-el-4  el_after_av_one_full  el_before_av_hr  column-top-margin\" style='border-radius:0px; '><section class=\"av_textblock_section \"  itemscope=\"itemscope\" itemtype=\"https:\/\/schema.org\/BlogPosting\" itemprop=\"blogPost\" ><div class='avia_textblock  '   itemprop=\"text\" ><p style=\"text-align: justify;\"><em>Con la aprobaci\u00f3n del proyecto de construcci\u00f3n del punto de posada para helic\u00f3pteros de \u00d1irehuao se inicia un plan que habilitar\u00e1 una red de posiciones similares para asegurar el soporte a\u00e9reo en el territorio durante emergencias.<\/em><\/p>\n<p style=\"text-align: justify;\">El Ministerio de Obras P\u00fablicas, a trav\u00e9s de la Direcci\u00f3n de Aeropuertos (DAP), comenzar\u00e1 en 2025 la implementaci\u00f3n de una red de puntos de posada de emergencia para helic\u00f3pteros en la regi\u00f3n de Ays\u00e9n, mediante la cual se pretende asegurar la conectividad en el territorio en situaciones de emergencia, junto con proporcionar soporte para operaciones policiales, evacuaciones m\u00e9dicas y combate de incendios forestales.<\/p>\n<p style=\"text-align: justify;\">El primer paso en ese sentido ser\u00e1 la pr\u00f3xima publicaci\u00f3n del llamado a licitaci\u00f3n de las obras de construcci\u00f3n del punto de posada de helic\u00f3pteros de Villa \u00d1irehuao, iniciativa que desde la semana pasada cuenta con la recomendaci\u00f3n favorable (RS) del Ministerio de Desarrollo Social y Familia.<\/p>\n<p style=\"text-align: justify;\">De esta forma, la regi\u00f3n de Ays\u00e9n comenzar\u00e1 a formar parte del desarrollo del plan nacional de Infraestructura de Soporte A\u00e9reo para Emergencias (ISAE) anunciado este a\u00f1o por la Ministra de Obras P\u00fablicas, Jessica L\u00f3pez. Esta iniciativa, a cargo de la DAP, consiste en la habilitaci\u00f3n de un centenar de puntos de posada de emergencia para helic\u00f3pteros en todo el pa\u00eds para el a\u00f1o 2026, red que superar\u00e1 las 250 plataformas hacia fines de esta d\u00e9cada.<\/p>\n<p style=\"text-align: justify;\">\u201cEl objetivo de materializar esta red de puntos de posada de helic\u00f3pteros, o PPH, es garantizar la conectividad a\u00e9rea cuando se producen terremotos, inundaciones, nevazones o incendios forestales. La idea es que en toda la regi\u00f3n de Ays\u00e9n existan este tipo de plataformas para dar respuesta a\u00e9rea oportuna a las emergencias\u201d, explic\u00f3 el Director General de Obras P\u00fablicas, Boris Olgu\u00edn, durante su visita a la regi\u00f3n.<\/p>\n<p style=\"text-align: justify;\">El punto de posada de helic\u00f3pteros de Villa \u00d1irehuao estar\u00e1 ubicado a un costado del ret\u00e9n de Carabineros de esta localidad, situada a 62 km al noreste de Coyhaique. Sus obras se ejecutar\u00e1n durante el primer semestre de 2025 y significar\u00e1n una inversi\u00f3n aproximada de 700 millones de pesos por parte de la DAP.<\/p>\n<p style=\"text-align: justify;\">Seg\u00fan la Seremi de Obras P\u00fablicas, Paloma Jara, \u201cesta infraestructura ser\u00e1 muy importante para los 542 habitantes de Villa \u00d1irehuao, considerando que por tierra est\u00e1n a m\u00e1s de una hora y media de distancia de otros centros urbanos, a lo cual se suman los cortes del camino en invierno por la nieve. Entonces, es imprescindible contar con una opci\u00f3n de transporte y abastecimiento a\u00e9reo ante cualquier eventualidad\u201d.<\/p>\n<p style=\"text-align: justify;\">Esta obra consistir\u00e1 en la construcci\u00f3n de una plataforma de hormig\u00f3n de 2.025 metros cuadrados (45 metros por cada lado) y 20 cent\u00edmetros de espesor, la cual contar\u00e1 con luces de aproximaci\u00f3n, demarcaciones visuales reglamentarias, sistema de evacuaci\u00f3n de aguas lluvias y un indicador de direcci\u00f3n del viento.<\/p>\n<p style=\"text-align: justify;\">\u201cSi bien este punto de posada ser\u00e1 principalmente utilizado por helic\u00f3pteros de Carabineros, a nivel nacional establecimos como est\u00e1ndar constructivo que estas plataformas tengan capacidad para resistir los aparatos de mayor envergadura que vuelan en Chile. Es decir, en este punto podr\u00e1n aterrizar los helic\u00f3pteros Black Hawk de la Fuerza A\u00e9rea\u201d, coment\u00f3 la Directora Regional de Aeropuertos, Anita \u00c1lvarez.<\/p>\n<p style=\"text-align: justify;\">Respecto al desarrollo de proyectos similares en la regi\u00f3n, est\u00e1 programado que durante 2025 se puedan iniciar las obras de puntos de posada de helic\u00f3pteros en los aer\u00f3dromos de La Junta, Tortel y Cochrane.<\/p>\n<p style=\"text-align: justify;\">Asimismo, se est\u00e1 trabajando con Carabineros de Chile en los an\u00e1lisis de factibilidad para habilitar este tipo de posiciones en pasos fronterizos como Lago Castor y Coyhaique Alto. Tambi\u00e9n se est\u00e1n haciendo gestiones con la Armada y el Ej\u00e9rcito para definir sus prioridades y establecer las ubicaciones m\u00e1s convenientes para el desarrollo de obras similares durante los pr\u00f3ximos a\u00f1os.<\/p>\n<\/div><\/section><\/div><div  style='height:50px' class='hr hr-invisible   avia-builder-el-6  el_after_av_one_full  el_before_av_social_share '><span class='hr-inner ' ><span class='hr-inner-style'><\/span><\/span><\/div><\/p>\n<div  class='av-social-sharing-box  avia-builder-el-7  el_after_av_hr  el_before_av_hr  '><div class='av-share-box'><h5 class='av-share-link-description av-no-toc '>Compartir esta noticia<\/h5><ul class='av-share-box-list noLightbox'><li class='av-share-link av-social-link-facebook' ><a target=\"_blank\" aria-label=\"Compartir en Facebook\" href='https:\/\/www.facebook.com\/sharer.php?u=https:\/\/radiorevelacionfm.cl\/?p=48398&#038;t=MOP%20impulsar%C3%A1%20construcci%C3%B3n%20de%20plataformas%20de%20emergencia%20para%20helic%C3%B3pteros%20en%20regi%C3%B3n%20de%20Ays%C3%A9n' aria-hidden='false' data-av_icon='\ue8f3' data-av_iconfont='entypo-fontello' title='' data-avia-related-tooltip='Compartir en Facebook' rel=\"noopener\"><span class='avia_hidden_link_text'>Compartir en Facebook<\/span><\/a><\/li><li class='av-share-link av-social-link-twitter' ><a target=\"_blank\" aria-label=\"Compartir en Twitter\" href='https:\/\/twitter.com\/share?text=MOP%20impulsar%C3%A1%20construcci%C3%B3n%20de%20plataformas%20de%20emergencia%20para%20helic%C3%B3pteros%20en%20regi%C3%B3n%20de%20Ays%C3%A9n&#038;url=https:\/\/radiorevelacionfm.cl\/?p=48398' aria-hidden='false' data-av_icon='\ue8f1' data-av_iconfont='entypo-fontello' title='' data-avia-related-tooltip='Compartir en Twitter' rel=\"noopener\"><span class='avia_hidden_link_text'>Compartir en Twitter<\/span><\/a><\/li><li class='av-share-link av-social-link-whatsapp' ><a target=\"_blank\" aria-label=\"Compartir en Whatsapp\" href='https:\/\/api.whatsapp.com\/send?text=https:\/\/radiorevelacionfm.cl\/?p=48398' aria-hidden='false' data-av_icon='\uf232' data-av_iconfont='entypo-fontello' title='' data-avia-related-tooltip='Compartir en Whatsapp' rel=\"noopener\"><span class='avia_hidden_link_text'>Compartir en Whatsapp<\/span><\/a><\/li><li class='av-share-link av-social-link-linkedin' ><a target=\"_blank\" aria-label=\"Compartir en LinkedIn\" href='https:\/\/linkedin.com\/shareArticle?mini=true&#038;title=MOP%20impulsar%C3%A1%20construcci%C3%B3n%20de%20plataformas%20de%20emergencia%20para%20helic%C3%B3pteros%20en%20regi%C3%B3n%20de%20Ays%C3%A9n&#038;url=https:\/\/radiorevelacionfm.cl\/?p=48398' aria-hidden='false' data-av_icon='\ue8fc' data-av_iconfont='entypo-fontello' title='' data-avia-related-tooltip='Compartir en LinkedIn' rel=\"noopener\"><span class='avia_hidden_link_text'>Compartir en LinkedIn<\/span><\/a><\/li><li class='av-share-link av-social-link-mail' ><a  aria-label=\"Compartir por correo\" href='mailto:?subject=MOP%20impulsar%C3%A1%20construcci%C3%B3n%20de%20plataformas%20de%20emergencia%20para%20helic%C3%B3pteros%20en%20regi%C3%B3n%20de%20Ays%C3%A9n&#038;body=https:\/\/radiorevelacionfm.cl\/?p=48398' aria-hidden='false' data-av_icon='\ue805' data-av_iconfont='entypo-fontello' title='' data-avia-related-tooltip='Compartir por correo'><span class='avia_hidden_link_text'>Compartir por correo<\/span><\/a><\/li><\/ul><\/div><\/div>\n<div  style='height:50px' class='hr hr-invisible   avia-builder-el-8  el_after_av_social_share  el_before_av_comments_list '><span class='hr-inner ' ><span class='hr-inner-style'><\/span><\/span><\/div>\n<div  class='av-buildercomment  av-blog-meta-html-info-disabled av-blog-meta-tag-disabled  '><\/div>\n","protected":false},"excerpt":{"rendered":"","protected":false},"author":1,"featured_media":48399,"comment_status":"open","ping_status":"open","sticky":false,"template":"","format":"standard","meta":{"footnotes":""},"categories":[38],"tags":[],"class_list":["post-48398","post","type-post","status-publish","format-standard","has-post-thumbnail","hentry","category-regional"],"jetpack_featured_media_url":"https:\/\/radiorevelacionfm.cl\/wp-content\/uploads\/2024\/11\/BORIS-OLGUIN-2-2.jpg","_links":{"self":[{"href":"https:\/\/radiorevelacionfm.cl\/index.php?rest_route=\/wp\/v2\/posts\/48398","targetHints":{"allow":["GET"]}}],"collection":[{"href":"https:\/\/radiorevelacionfm.cl\/index.php?rest_route=\/wp\/v2\/posts"}],"about":[{"href":"https:\/\/radiorevelacionfm.cl\/index.php?rest_route=\/wp\/v2\/types\/post"}],"author":[{"embeddable":true,"href":"https:\/\/radiorevelacionfm.cl\/index.php?rest_route=\/wp\/v2\/users\/1"}],"replies":[{"embeddable":true,"href":"https:\/\/radiorevelacionfm.cl\/index.php?rest_route=%2Fwp%2Fv2%2Fcomments&post=48398"}],"version-history":[{"count":1,"href":"https:\/\/radiorevelacionfm.cl\/index.php?rest_route=\/wp\/v2\/posts\/48398\/revisions"}],"predecessor-version":[{"id":48400,"href":"https:\/\/radiorevelacionfm.cl\/index.php?rest_route=\/wp\/v2\/posts\/48398\/revisions\/48400"}],"wp:featuredmedia":[{"embeddable":true,"href":"https:\/\/radiorevelacionfm.cl\/index.php?rest_route=\/wp\/v2\/media\/48399"}],"wp:attachment":[{"href":"https:\/\/radiorevelacionfm.cl\/index.php?rest_route=%2Fwp%2Fv2%2Fmedia&parent=48398"}],"wp:term":[{"taxonomy":"category","embeddable":true,"href":"https:\/\/radiorevelacionfm.cl\/index.php?rest_route=%2Fwp%2Fv2%2Fcategories&post=48398"},{"taxonomy":"post_tag","embeddable":true,"href":"https:\/\/radiorevelacionfm.cl\/index.php?rest_route=%2Fwp%2Fv2%2Ftags&post=48398"}],"curies":[{"name":"wp","href":"https:\/\/api.w.org\/{rel}","templated":true}]}}