{"id":48395,"date":"2024-11-29T20:31:20","date_gmt":"2024-11-29T23:31:20","guid":{"rendered":"https:\/\/radiorevelacionfm.cl\/?p=48395"},"modified":"2024-11-29T20:31:20","modified_gmt":"2024-11-29T23:31:20","slug":"villa-cerro-castillo-inaugura-el-paseo-de-emprendedoras","status":"publish","type":"post","link":"https:\/\/radiorevelacionfm.cl\/?p=48395","title":{"rendered":"Villa Cerro Castillo inaugura el \u201cPaseo de Emprendedoras\u201d"},"content":{"rendered":"<div class=\"flex_column av_one_full  flex_column_div av-zero-column-padding first  avia-builder-el-0  el_before_av_one_full  avia-builder-el-first  \" style='border-radius:0px; '><div  class='avia-image-container  av-styling-    avia-builder-el-1  avia-builder-el-no-sibling  avia-align-center '  itemprop=\"image\" itemscope=\"itemscope\" itemtype=\"https:\/\/schema.org\/ImageObject\"  ><div class='avia-image-container-inner'><div class='avia-image-overlay-wrap'><img decoding=\"async\" class='wp-image-48396 avia-img-lazy-loading-not-48396 avia_image' src=\"https:\/\/radiorevelacionfm.cl\/wp-content\/uploads\/2024\/11\/01-2_optimized-2.jpg\" alt='' title='01-2_optimized-2' height=\"600\" width=\"1066\"  itemprop=\"thumbnailUrl\" srcset=\"https:\/\/radiorevelacionfm.cl\/wp-content\/uploads\/2024\/11\/01-2_optimized-2.jpg 1066w, https:\/\/radiorevelacionfm.cl\/wp-content\/uploads\/2024\/11\/01-2_optimized-2-300x169.jpg 300w, https:\/\/radiorevelacionfm.cl\/wp-content\/uploads\/2024\/11\/01-2_optimized-2-1030x580.jpg 1030w, https:\/\/radiorevelacionfm.cl\/wp-content\/uploads\/2024\/11\/01-2_optimized-2-768x432.jpg 768w, https:\/\/radiorevelacionfm.cl\/wp-content\/uploads\/2024\/11\/01-2_optimized-2-705x397.jpg 705w, https:\/\/radiorevelacionfm.cl\/wp-content\/uploads\/2024\/11\/01-2_optimized-2-450x253.jpg 450w, https:\/\/radiorevelacionfm.cl\/wp-content\/uploads\/2024\/11\/01-2_optimized-2-600x338.jpg 600w\" sizes=\"(max-width: 1066px) 100vw, 1066px\" \/><\/div><\/div><\/div><\/div><div class=\"flex_column av_one_full  flex_column_div av-zero-column-padding first  avia-builder-el-2  el_after_av_one_full  el_before_av_one_full  column-top-margin\" style='border-radius:0px; '><section class=\"av_textblock_section \"  itemscope=\"itemscope\" itemtype=\"https:\/\/schema.org\/BlogPosting\" itemprop=\"blogPost\" ><div class='avia_textblock  '   itemprop=\"text\" ><p style=\"text-align: center;\"><strong><span style=\"font-size: 18pt;\">Villa Cerro Castillo inaugura el \u201cPaseo de Emprendedoras\u201d<\/span><\/strong><\/p>\n<div id=\"gtx-trans\" style=\"position: absolute; left: -50px; top: 4.31534px;\">\n<div class=\"gtx-trans-icon\"><\/div>\n<\/div>\n<\/div><\/section><\/div><div class=\"flex_column av_one_full  flex_column_div av-zero-column-padding first  avia-builder-el-4  el_after_av_one_full  el_before_av_hr  column-top-margin\" style='border-radius:0px; '><section class=\"av_textblock_section \"  itemscope=\"itemscope\" itemtype=\"https:\/\/schema.org\/BlogPosting\" itemprop=\"blogPost\" ><div class='avia_textblock  '   itemprop=\"text\" ><p style=\"text-align: justify;\">Con el nombre \u201cPaseo de Emprendedoras\u201d, socias de la Agrupaci\u00f3n Newen Ay\u00fcn bautizaron a este proyecto que consiste en la fabricaci\u00f3n e instalaci\u00f3n de puestos de venta en la Plaza Pioneros de Villa Cerro Castillo. El principal objetivo de esta medida es brindar un nuevo espacio para la comercializaci\u00f3n y difusi\u00f3n de sus productos, contribuyendo al desarrollo econ\u00f3mico de la localidad y sus habitantes.<\/p>\n<p style=\"text-align: justify;\">Despu\u00e9s de meses de trabajo, este jueves 28 de noviembre vecinas\/os, representantes del mundo empresarial y autoridades locales y regionales, se dieron cita en una ceremonia protocolar en la comuna de R\u00edo Ib\u00e1\u00f1ez. All\u00ed, se firm\u00f3 un carta de compromiso como acto simb\u00f3lico para inaugurar de forma oficial estos 10 <em>stands<\/em>, elaborados con estructura met\u00e1lica y revestidos con terciado y tejuelas.<\/p>\n<p style=\"text-align: justify;\">La iniciativa fue posible gracias a una acci\u00f3n colaborativa entre instituciones de los sectores p\u00fablico y privado. Un pilar clave de esta alianza fue la participaci\u00f3n de Copec, que realiz\u00f3 una importante donaci\u00f3n de 12 millones 46 mil 540 pesos, destinados principalmente a la compra de materiales.<\/p>\n<p style=\"text-align: justify;\">La etapa de dise\u00f1o de esta iniciativa estuvo a cargo de los arquitectos del Programa Servicio Pa\u00eds, de la Fundaci\u00f3n para la Superaci\u00f3n de la Pobreza, Ricardo V\u00e1squez y Nicol\u00e1s Sateler, en conjunto con integrantes de la organizaci\u00f3n comunitaria. Adem\u00e1s, la I. Municipalidad de R\u00edo Ib\u00e1\u00f1ez jug\u00f3 un rol fundamental en la ejecuci\u00f3n del proyecto, brindando las herramientas y la mano de obra necesarias para la instalaci\u00f3n de los puestos de venta.<\/p>\n<p style=\"text-align: justify;\">De manera paralela, el municipio ha gestionado un proyecto complementario para mejorar la Plaza Pioneros de Villa Cerro Castillo, con el apoyo del Programa de Mejoramiento Urbano de la Subdere. Esta obra contemplar\u00e1 la construcci\u00f3n de una pasarela de madera que integrar\u00e1 este nuevo espacio comercial, as\u00ed como tambi\u00e9n el mejoramiento de las se\u00f1al\u00e9ticas existentes.<\/p>\n<p style=\"text-align: justify;\">\u201cCreemos que la colaboraci\u00f3n de las empresas privadas con el mundo p\u00fablico tiene frutos positivos. Estamos s\u00faper comprometidos con el movimiento y el desarrollo de las personas. En ese sentido, esta zona es muy importante para Copec, donde hace menos de un a\u00f1o hemos inaugurado una estaci\u00f3n de servicio\u201d, indic\u00f3 Pamela Beaumont Toro, Jefa de Gesti\u00f3n Territorial de Copec.<\/p>\n<p style=\"text-align: justify;\">\u201cNo cont\u00e1bamos con infraestructura de este tipo para poder comercializar nuestro trabajo. En el verano pasado nos instalamos ac\u00e1 con toldos, pero el clima de la Patagonia no nos acompa\u00f1aba por la lluvia y el viento. Ahora ya tenemos estos puestos donde podremos mostrar los distintos emprendimientos, ofreciendo una apuesta distinta a los turistas que nos visitan\u201d, se\u00f1al\u00f3 Paola Urquejo Palma, tesorera Agrupaci\u00f3n Newen Ay\u00fcn.<\/p>\n<p style=\"text-align: justify;\">\u201cNuestras artesanas han valorado much\u00edsima esta iniciativa porque ser\u00e1 un espacio muy propicio para la venta de sus productos. Esto, en el aspecto general, tambi\u00e9n va a permitir un movimiento en la econom\u00eda de la localidad\u201d, concluy\u00f3 Juan Saldivia Cea, Alcalde de R\u00edo Ib\u00e1\u00f1ez.<\/p>\n<\/div><\/section><\/div><div  style='height:50px' class='hr hr-invisible   avia-builder-el-6  el_after_av_one_full  el_before_av_social_share '><span class='hr-inner ' ><span class='hr-inner-style'><\/span><\/span><\/div><\/p>\n<div  class='av-social-sharing-box  avia-builder-el-7  el_after_av_hr  el_before_av_hr  '><div class='av-share-box'><h5 class='av-share-link-description av-no-toc '>Compartir esta noticia<\/h5><ul class='av-share-box-list noLightbox'><li class='av-share-link av-social-link-facebook' ><a target=\"_blank\" aria-label=\"Compartir en Facebook\" href='https:\/\/www.facebook.com\/sharer.php?u=https:\/\/radiorevelacionfm.cl\/?p=48395&#038;t=Villa%20Cerro%20Castillo%20inaugura%20el%20%E2%80%9CPaseo%20de%20Emprendedoras%E2%80%9D' aria-hidden='false' data-av_icon='\ue8f3' data-av_iconfont='entypo-fontello' title='' data-avia-related-tooltip='Compartir en Facebook' rel=\"noopener\"><span class='avia_hidden_link_text'>Compartir en Facebook<\/span><\/a><\/li><li class='av-share-link av-social-link-twitter' ><a target=\"_blank\" aria-label=\"Compartir en Twitter\" href='https:\/\/twitter.com\/share?text=Villa%20Cerro%20Castillo%20inaugura%20el%20%E2%80%9CPaseo%20de%20Emprendedoras%E2%80%9D&#038;url=https:\/\/radiorevelacionfm.cl\/?p=48395' aria-hidden='false' data-av_icon='\ue8f1' data-av_iconfont='entypo-fontello' title='' data-avia-related-tooltip='Compartir en Twitter' rel=\"noopener\"><span class='avia_hidden_link_text'>Compartir en Twitter<\/span><\/a><\/li><li class='av-share-link av-social-link-whatsapp' ><a target=\"_blank\" aria-label=\"Compartir en Whatsapp\" href='https:\/\/api.whatsapp.com\/send?text=https:\/\/radiorevelacionfm.cl\/?p=48395' aria-hidden='false' data-av_icon='\uf232' data-av_iconfont='entypo-fontello' title='' data-avia-related-tooltip='Compartir en Whatsapp' rel=\"noopener\"><span class='avia_hidden_link_text'>Compartir en Whatsapp<\/span><\/a><\/li><li class='av-share-link av-social-link-linkedin' ><a target=\"_blank\" aria-label=\"Compartir en LinkedIn\" href='https:\/\/linkedin.com\/shareArticle?mini=true&#038;title=Villa%20Cerro%20Castillo%20inaugura%20el%20%E2%80%9CPaseo%20de%20Emprendedoras%E2%80%9D&#038;url=https:\/\/radiorevelacionfm.cl\/?p=48395' aria-hidden='false' data-av_icon='\ue8fc' data-av_iconfont='entypo-fontello' title='' data-avia-related-tooltip='Compartir en LinkedIn' rel=\"noopener\"><span class='avia_hidden_link_text'>Compartir en LinkedIn<\/span><\/a><\/li><li class='av-share-link av-social-link-mail' ><a  aria-label=\"Compartir por correo\" href='mailto:?subject=Villa%20Cerro%20Castillo%20inaugura%20el%20%E2%80%9CPaseo%20de%20Emprendedoras%E2%80%9D&#038;body=https:\/\/radiorevelacionfm.cl\/?p=48395' aria-hidden='false' data-av_icon='\ue805' data-av_iconfont='entypo-fontello' title='' data-avia-related-tooltip='Compartir por correo'><span class='avia_hidden_link_text'>Compartir por correo<\/span><\/a><\/li><\/ul><\/div><\/div>\n<div  style='height:50px' class='hr hr-invisible   avia-builder-el-8  el_after_av_social_share  el_before_av_comments_list '><span class='hr-inner ' ><span class='hr-inner-style'><\/span><\/span><\/div>\n<div  class='av-buildercomment  av-blog-meta-html-info-disabled av-blog-meta-tag-disabled  '><\/div>\n","protected":false},"excerpt":{"rendered":"","protected":false},"author":1,"featured_media":48396,"comment_status":"open","ping_status":"open","sticky":false,"template":"","format":"standard","meta":{"footnotes":""},"categories":[38],"tags":[],"class_list":["post-48395","post","type-post","status-publish","format-standard","has-post-thumbnail","hentry","category-regional"],"jetpack_featured_media_url":"https:\/\/radiorevelacionfm.cl\/wp-content\/uploads\/2024\/11\/01-2_optimized-2.jpg","_links":{"self":[{"href":"https:\/\/radiorevelacionfm.cl\/index.php?rest_route=\/wp\/v2\/posts\/48395","targetHints":{"allow":["GET"]}}],"collection":[{"href":"https:\/\/radiorevelacionfm.cl\/index.php?rest_route=\/wp\/v2\/posts"}],"about":[{"href":"https:\/\/radiorevelacionfm.cl\/index.php?rest_route=\/wp\/v2\/types\/post"}],"author":[{"embeddable":true,"href":"https:\/\/radiorevelacionfm.cl\/index.php?rest_route=\/wp\/v2\/users\/1"}],"replies":[{"embeddable":true,"href":"https:\/\/radiorevelacionfm.cl\/index.php?rest_route=%2Fwp%2Fv2%2Fcomments&post=48395"}],"version-history":[{"count":1,"href":"https:\/\/radiorevelacionfm.cl\/index.php?rest_route=\/wp\/v2\/posts\/48395\/revisions"}],"predecessor-version":[{"id":48397,"href":"https:\/\/radiorevelacionfm.cl\/index.php?rest_route=\/wp\/v2\/posts\/48395\/revisions\/48397"}],"wp:featuredmedia":[{"embeddable":true,"href":"https:\/\/radiorevelacionfm.cl\/index.php?rest_route=\/wp\/v2\/media\/48396"}],"wp:attachment":[{"href":"https:\/\/radiorevelacionfm.cl\/index.php?rest_route=%2Fwp%2Fv2%2Fmedia&parent=48395"}],"wp:term":[{"taxonomy":"category","embeddable":true,"href":"https:\/\/radiorevelacionfm.cl\/index.php?rest_route=%2Fwp%2Fv2%2Fcategories&post=48395"},{"taxonomy":"post_tag","embeddable":true,"href":"https:\/\/radiorevelacionfm.cl\/index.php?rest_route=%2Fwp%2Fv2%2Ftags&post=48395"}],"curies":[{"name":"wp","href":"https:\/\/api.w.org\/{rel}","templated":true}]}}