{"id":4839,"date":"2021-06-03T11:40:13","date_gmt":"2021-06-03T14:40:13","guid":{"rendered":"https:\/\/radiorevelacionfm.cl\/?p=4839"},"modified":"2021-06-03T11:45:14","modified_gmt":"2021-06-03T14:45:14","slug":"con-positivas-proyecciones-se-realizo-el-encuentro-de-educacion-tecnico-profesional-de-la-zona-sur","status":"publish","type":"post","link":"https:\/\/radiorevelacionfm.cl\/?p=4839","title":{"rendered":"Con positivas proyecciones se realiz\u00f3 el Encuentro de Educaci\u00f3n T\u00e9cnico Profesional de la zona sur"},"content":{"rendered":"<div class=\"flex_column av_one_full  flex_column_div av-zero-column-padding first  avia-builder-el-0  el_before_av_one_full  avia-builder-el-first  \" style='border-radius:0px; '><div  class='avia-image-container  av-styling-    avia-builder-el-1  avia-builder-el-no-sibling  avia-align-center '  itemprop=\"image\" itemscope=\"itemscope\" itemtype=\"https:\/\/schema.org\/ImageObject\"  ><div class='avia-image-container-inner'><div class='avia-image-overlay-wrap'><img decoding=\"async\" class='wp-image-0 avia-img-lazy-loading-not-0 avia_image' src=\"https:\/\/radiorevelacionfm.cl\/wp-content\/uploads\/2021\/06\/encuentro-tp-zona-sur-austral-1-1.jpg\" alt='' title=''   itemprop=\"thumbnailUrl\"  \/><\/div><\/div><\/div><\/div><div class=\"flex_column av_one_full  flex_column_div av-zero-column-padding first  avia-builder-el-2  el_after_av_one_full  el_before_av_one_full  column-top-margin\" style='border-radius:0px; '><section class=\"av_textblock_section \"  itemscope=\"itemscope\" itemtype=\"https:\/\/schema.org\/BlogPosting\" itemprop=\"blogPost\" ><div class='avia_textblock  '   itemprop=\"text\" ><p style=\"text-align: center;\"><strong><span style=\"font-size: 18pt;\">Con positivas proyecciones se realiz\u00f3 el Encuentro de Educaci\u00f3n T\u00e9cnico Profesional de la zona sur<\/span><\/strong><\/p>\n<div id=\"gtx-trans\" style=\"position: absolute; left: -50px; top: 4.31534px;\">\n<div class=\"gtx-trans-icon\"><\/div>\n<\/div>\n<\/div><\/section><\/div><div class=\"flex_column av_one_full  flex_column_div av-zero-column-padding first  avia-builder-el-4  el_after_av_one_full  el_before_av_hr  column-top-margin\" style='border-radius:0px; '><section class=\"av_textblock_section \"  itemscope=\"itemscope\" itemtype=\"https:\/\/schema.org\/BlogPosting\" itemprop=\"blogPost\" ><div class='avia_textblock  '   itemprop=\"text\" ><p class=\"v1MsoNormal\" style=\"text-align: justify;\"><span lang=\"ES-TRAD\">Este mi\u00e9rcoles el Ministro de Educaci\u00f3n, <\/span><span lang=\"ES-TRAD\">Ra\u00fal Figueroa, junto al subsecretario de Educaci\u00f3n, Jorge Poblete y el subsecretario de Educaci\u00f3n Superior, Juan Eduardo Vargas, participaron en el Encuentro de Educaci\u00f3n T\u00e9cnico Profesional, que reuni\u00f3 a representantes de las regiones de Los R\u00edos, Los Lagos, Ays\u00e9n y Magallanes, instancia que busca promover el trabajo entre liceos, instituciones de educaci\u00f3n superior T\u00e9cnico Profesional (TP) y representantes del sector productivo de todas las regiones del pa\u00eds para potenciar v\u00ednculos y generar acuerdos en pro de la calidad de la formaci\u00f3n de los estudiantes t\u00e9cnicos.<\/span><\/p>\n<p class=\"v1MsoNormal\" style=\"text-align: justify;\"><span lang=\"ES-TRAD\">La actividad convoc\u00f3 a autoridades regionales como el Seremi de Educaci\u00f3n Sergio Becerra Mera, el Rector del CFT Estatal de Ays\u00e9n V\u00edctor \u00c1lvarez Vel\u00e1squez<\/span><\/p>\n<p class=\"v1MsoNormal\" style=\"text-align: justify;\"><span lang=\"ES-TRAD\">En su intervenci\u00f3n, el Ministro Ra\u00fal Figueroa se\u00f1al\u00f3 que: \u00abLa educaci\u00f3n t\u00e9cnico profesional es una de las prioridades del Gobierno. Concentra a casi al 40% de todos los alumnos de 3\u00b0 y 4\u00b0 medio y pr\u00e1cticamente a la mitad de la matr\u00edcula de educaci\u00f3n superior. Los j\u00f3venes que han optado por esta educaci\u00f3n buscan ah\u00ed un camino concreto para perfeccionar al m\u00e1ximo todas sus capacidades, y es tambi\u00e9n fundamental porque a trav\u00e9s de la formaci\u00f3n de j\u00f3venes que deciden seguir este camino el pa\u00eds tambi\u00e9n se desarrolla y crece\u00bb. El ministro Figueroa explic\u00f3 que con estas jornadas se busca \u00abpotenciar los v\u00ednculos para que las necesidades de los liceos sean conocidas por el sector productivo y las instituciones de educaci\u00f3n superior\u00bb.<\/span><\/p>\n<p class=\"v1MsoNormal\" style=\"text-align: justify;\"><span lang=\"ES-TRAD\">Con el mismo objetivo, el ministro dio a conocer la\u00a0<\/span><span lang=\"ES-TRAD\">ampliaci\u00f3n del Acuerdo de Articulaci\u00f3n T\u00e9cnico Profesional, que este a\u00f1o permitir\u00e1 a los estudiantes de 515 liceos t\u00e9cnico-profesionales convalidar tres o m\u00e1s asignaturas al ingresar a la educaci\u00f3n superior en 35 Centros de Formaci\u00f3n T\u00e9cnica (CFT) o Institutos Profesionales (IP). \u00abEsta ampliaci\u00f3n es un ejemplo del compromiso por potenciar la calidad de la educaci\u00f3n y tambi\u00e9n para que el pa\u00eds en su globalidad pueda beneficiarse de una cada vez exigente formaci\u00f3n T\u00e9cnico Profesional\u00bb, agreg\u00f3 el Ministro Figueroa.<\/span><\/p>\n<p class=\"v1MsoNormal\" style=\"text-align: justify;\"><span lang=\"ES-TRAD\">Desde la creaci\u00f3n de este convenio en 2019 -que permit\u00eda acceder a la convalidaci\u00f3n a 57 liceos TP, cifra que en 2020 creci\u00f3 a 107 establecimientos, hasta llegar a los 515 actuales-, 1.138 estudiantes han convalidados ramos tras egresar de 4\u00b0 medio y haber cursado carreras como Telecomunicaciones, Electricidad, Administraci\u00f3n, Agropecuaria y Mec\u00e1nica Automotriz, entre otras.\u00a0<\/span><span lang=\"ES-TRAD\">En esta nueva versi\u00f3n del convenio podr\u00e1n postular estudiantes que est\u00e9n en liceos t\u00e9cnicos con categor\u00eda de desempe\u00f1o Alto y Medio, y Liceos Bicentenario, categorizados Alto, Medio y Medio Bajo.\u00a0 Adem\u00e1s, se ha flexibilizado la nota baj\u00e1ndola a 5,0 (en a\u00f1os anteriores el requisito era 5,5).<\/span><\/p>\n<p class=\"v1MsoNormal\" style=\"text-align: justify;\"><span lang=\"ES-TRAD\">En la cita, estuvo presente Jorge Pacheco, co-fundador empresas mar\u00edtimas Oxxean, comparti\u00f3 parte de su historia personal como egresado de un liceo industrial, lo que describi\u00f3 como una suerte, ya que le permiti\u00f3 estudiar tanto en la sala de clases como en terreno. Apunt\u00f3 la importancia de contar con t\u00e9cnicos de calidad para impulsar el desarrollo del pa\u00eds, \u00aby nunca tendremos t\u00e9cnicos de calidad si no nos combinamos entre todas las entidades, desde la educaci\u00f3n primaria hasta la ense\u00f1anza profesional o universitaria, junto con los empresarios. Hay que trabajar unidos para poder tener al final un hombre, una mujer, que sienta que esa es su vocaci\u00f3n\u00bb. Puso un especial \u00e9nfasis en hacer ver las ventajas de la educaci\u00f3n t\u00e9cnico profesional, explicando que \u00abdebemos hacer un doble esfuerzo, para mostrarles y motivarlos a elegir este tipo de formaci\u00f3n. Si est\u00e1n motivados, vamos a tener a los t\u00e9cnicos que Chile necesita\u00bb.<\/span><\/p>\n<p class=\"v1MsoNormal\" style=\"text-align: justify;\"><b><span lang=\"ES-TRAD\">Reacciones<\/span><\/b><\/p>\n<p class=\"v1MsoNormal\" style=\"text-align: justify;\"><span lang=\"ES-TRAD\">El Seremi Sergio Becerra Mera destac\u00f3 que \u00abPara el Gobierno del Presidente Sebasti\u00e1n Pi\u00f1era la formaci\u00f3n t\u00e9cnico profesional siempre ha estado en las prioridades educativas y existe una consistente agenda de modernizaci\u00f3n y articulaci\u00f3n de esta educaci\u00f3n diferenciada. Con la instalaci\u00f3n del CFT de Ays\u00e9n se cumple un compromiso gubernamental con la educaci\u00f3n superior t\u00e9cnica regional.\u00bb\u00a0<\/span><\/p>\n<p class=\"v1MsoNormal\" style=\"text-align: justify;\"><span lang=\"ES-TRAD\">El Rector del Centro de Formaci\u00f3n T\u00e9cnica de Ays\u00e9n V\u00edctor \u00c1lvarez Vel\u00e1squez expres\u00f3 sobre esta reuni\u00f3n: \u00abEste primer encuentro de la Educaci\u00f3n T\u00e9cnico Profesional\u00a0 de la zona austral es sumamente importante , ya que hoy nuestra regi\u00f3n necesita fortalecer su capital humano\u00a0 en esta l\u00ednea para continuar su senda de crecimiento econ\u00f3mico . Debemos concretamente aumentar la articulaci\u00f3n de la ense\u00f1anza media t\u00e9cnico profesional , con la educaci\u00f3n superior y el mundo productivo , y para ello nuestras carreras deben ser pertinentes y atingentes a la matr\u00edz productiva de la regi\u00f3n . Existen grandes desaf\u00edos pero con este tipo de reuniones avanzamos\u00a0 hac\u00eda un desarrollo de los territorios con pertinencia educativa\u00bb.<\/span><\/p>\n<p class=\"v1MsoNormal\" style=\"text-align: justify;\">En tanto, Valko Dur\u00e1n Ivanoff Director del Liceo Bicentenario Luisa Rabanal Palma de Chile Chico coment\u00f3 que: \u00abFue una actividad muy interesante. La reuni\u00f3n de la macro zona de colegios TP result\u00f3 muy provechosa pues se accede a distintas experiencias, informaciones y nos sit\u00faa en el contexto que hoy viven los colegios TP. Adem\u00e1s se pudo participar en algunas mesas de trabajo como por ejemplo la de la vinculaci\u00f3n y articulaci\u00f3n con centros de formaci\u00f3n t\u00e9cnica y otras instituciones de ense\u00f1anza superior . Este tipo de reuniones ponen en relieve la importancia de la ense\u00f1anza t\u00e9cnica y las oportunidades que existen hoy para seguir progresando.<\/p>\n<p class=\"v1MsoNormal\" style=\"text-align: justify;\"><span lang=\"ES-TRAD\">Revisa\u00a0<\/span><span lang=\"EN-US\"><a href=\"https:\/\/tecnicos.mineduc.cl\/2021\/05\/06\/convenio-de-articulacion-educacion-media-y-superior-tecnico-profesional\/\" target=\"_blank\" rel=\"noopener noreferrer\"><span lang=\"ES-TRAD\">aqu\u00ed<\/span><\/a><\/span>\u00a0<span lang=\"ES-TRAD\">la lista de CFT e IP, adscritos al convenio, y las especialidades de educaci\u00f3n media TP que pueden convalidar ramos.<\/span><\/p>\n<\/div><\/section><\/div><div  style='height:50px' class='hr hr-invisible   avia-builder-el-6  el_after_av_one_full  el_before_av_social_share '><span class='hr-inner ' ><span class='hr-inner-style'><\/span><\/span><\/div><\/p>\n<div  class='av-social-sharing-box  avia-builder-el-7  el_after_av_hr  el_before_av_hr  '><div class='av-share-box'><h5 class='av-share-link-description av-no-toc '>Compartir esta noticia<\/h5><ul class='av-share-box-list noLightbox'><li class='av-share-link av-social-link-facebook' ><a target=\"_blank\" aria-label=\"Compartir en Facebook\" href='https:\/\/www.facebook.com\/sharer.php?u=https:\/\/radiorevelacionfm.cl\/?p=4839&#038;t=Con%20positivas%20proyecciones%20se%20realiz%C3%B3%20el%20Encuentro%20de%20Educaci%C3%B3n%20T%C3%A9cnico%20Profesional%20de%20la%20zona%20sur' aria-hidden='false' data-av_icon='\ue8f3' data-av_iconfont='entypo-fontello' title='' data-avia-related-tooltip='Compartir en Facebook' rel=\"noopener\"><span class='avia_hidden_link_text'>Compartir en Facebook<\/span><\/a><\/li><li class='av-share-link av-social-link-twitter' ><a target=\"_blank\" aria-label=\"Compartir en Twitter\" href='https:\/\/twitter.com\/share?text=Con%20positivas%20proyecciones%20se%20realiz%C3%B3%20el%20Encuentro%20de%20Educaci%C3%B3n%20T%C3%A9cnico%20Profesional%20de%20la%20zona%20sur&#038;url=https:\/\/radiorevelacionfm.cl\/?p=4839' aria-hidden='false' data-av_icon='\ue8f1' data-av_iconfont='entypo-fontello' title='' data-avia-related-tooltip='Compartir en Twitter' rel=\"noopener\"><span class='avia_hidden_link_text'>Compartir en Twitter<\/span><\/a><\/li><li class='av-share-link av-social-link-whatsapp' ><a target=\"_blank\" aria-label=\"Compartir en Whatsapp\" href='https:\/\/api.whatsapp.com\/send?text=https:\/\/radiorevelacionfm.cl\/?p=4839' aria-hidden='false' data-av_icon='\uf232' data-av_iconfont='entypo-fontello' title='' data-avia-related-tooltip='Compartir en Whatsapp' rel=\"noopener\"><span class='avia_hidden_link_text'>Compartir en Whatsapp<\/span><\/a><\/li><li class='av-share-link av-social-link-linkedin' ><a target=\"_blank\" aria-label=\"Compartir en LinkedIn\" href='https:\/\/linkedin.com\/shareArticle?mini=true&#038;title=Con%20positivas%20proyecciones%20se%20realiz%C3%B3%20el%20Encuentro%20de%20Educaci%C3%B3n%20T%C3%A9cnico%20Profesional%20de%20la%20zona%20sur&#038;url=https:\/\/radiorevelacionfm.cl\/?p=4839' aria-hidden='false' data-av_icon='\ue8fc' data-av_iconfont='entypo-fontello' title='' data-avia-related-tooltip='Compartir en LinkedIn' rel=\"noopener\"><span class='avia_hidden_link_text'>Compartir en LinkedIn<\/span><\/a><\/li><li class='av-share-link av-social-link-mail' ><a  aria-label=\"Compartir por correo\" href='mailto:?subject=Con%20positivas%20proyecciones%20se%20realiz%C3%B3%20el%20Encuentro%20de%20Educaci%C3%B3n%20T%C3%A9cnico%20Profesional%20de%20la%20zona%20sur&#038;body=https:\/\/radiorevelacionfm.cl\/?p=4839' aria-hidden='false' data-av_icon='\ue805' data-av_iconfont='entypo-fontello' title='' data-avia-related-tooltip='Compartir por correo'><span class='avia_hidden_link_text'>Compartir por correo<\/span><\/a><\/li><\/ul><\/div><\/div>\n<div  style='height:50px' class='hr hr-invisible   avia-builder-el-8  el_after_av_social_share  el_before_av_comments_list '><span class='hr-inner ' ><span class='hr-inner-style'><\/span><\/span><\/div>\n<div  class='av-buildercomment  av-blog-meta-html-info-disabled av-blog-meta-tag-disabled  '><\/div>\n","protected":false},"excerpt":{"rendered":"","protected":false},"author":1,"featured_media":0,"comment_status":"open","ping_status":"open","sticky":false,"template":"","format":"standard","meta":{"footnotes":""},"categories":[49],"tags":[],"class_list":["post-4839","post","type-post","status-publish","format-standard","hentry","category-educacion"],"jetpack_featured_media_url":"","_links":{"self":[{"href":"https:\/\/radiorevelacionfm.cl\/index.php?rest_route=\/wp\/v2\/posts\/4839","targetHints":{"allow":["GET"]}}],"collection":[{"href":"https:\/\/radiorevelacionfm.cl\/index.php?rest_route=\/wp\/v2\/posts"}],"about":[{"href":"https:\/\/radiorevelacionfm.cl\/index.php?rest_route=\/wp\/v2\/types\/post"}],"author":[{"embeddable":true,"href":"https:\/\/radiorevelacionfm.cl\/index.php?rest_route=\/wp\/v2\/users\/1"}],"replies":[{"embeddable":true,"href":"https:\/\/radiorevelacionfm.cl\/index.php?rest_route=%2Fwp%2Fv2%2Fcomments&post=4839"}],"version-history":[{"count":1,"href":"https:\/\/radiorevelacionfm.cl\/index.php?rest_route=\/wp\/v2\/posts\/4839\/revisions"}],"predecessor-version":[{"id":4841,"href":"https:\/\/radiorevelacionfm.cl\/index.php?rest_route=\/wp\/v2\/posts\/4839\/revisions\/4841"}],"wp:attachment":[{"href":"https:\/\/radiorevelacionfm.cl\/index.php?rest_route=%2Fwp%2Fv2%2Fmedia&parent=4839"}],"wp:term":[{"taxonomy":"category","embeddable":true,"href":"https:\/\/radiorevelacionfm.cl\/index.php?rest_route=%2Fwp%2Fv2%2Fcategories&post=4839"},{"taxonomy":"post_tag","embeddable":true,"href":"https:\/\/radiorevelacionfm.cl\/index.php?rest_route=%2Fwp%2Fv2%2Ftags&post=4839"}],"curies":[{"name":"wp","href":"https:\/\/api.w.org\/{rel}","templated":true}]}}