{"id":48386,"date":"2024-11-29T15:35:38","date_gmt":"2024-11-29T18:35:38","guid":{"rendered":"https:\/\/radiorevelacionfm.cl\/?p=48386"},"modified":"2024-11-29T15:35:38","modified_gmt":"2024-11-29T18:35:38","slug":"corte-suprema-confirma-millonaria-multa-en-contra-de-entel-por-deficiencias-en-servicios-de-telefonia-e-internet-en-comuna-de-la-lago-verde","status":"publish","type":"post","link":"https:\/\/radiorevelacionfm.cl\/?p=48386","title":{"rendered":"Corte Suprema confirma millonaria multa en contra de Entel por deficiencias en servicios de telefon\u00eda e internet en comuna de la Lago Verde"},"content":{"rendered":"<div class=\"flex_column av_one_full  flex_column_div av-zero-column-padding first  avia-builder-el-0  el_before_av_one_full  avia-builder-el-first  \" style='border-radius:0px; '><div  class='avia-image-container  av-styling-    avia-builder-el-1  avia-builder-el-no-sibling  avia-align-center '  itemprop=\"image\" itemscope=\"itemscope\" itemtype=\"https:\/\/schema.org\/ImageObject\"  ><div class='avia-image-container-inner'><div class='avia-image-overlay-wrap'><img decoding=\"async\" class='wp-image-48387 avia-img-lazy-loading-not-48387 avia_image' src=\"https:\/\/radiorevelacionfm.cl\/wp-content\/uploads\/2024\/11\/ENTEL-2-2.jpg\" alt='' title='ENTEL-2-2' height=\"600\" width=\"999\"  itemprop=\"thumbnailUrl\" srcset=\"https:\/\/radiorevelacionfm.cl\/wp-content\/uploads\/2024\/11\/ENTEL-2-2.jpg 999w, https:\/\/radiorevelacionfm.cl\/wp-content\/uploads\/2024\/11\/ENTEL-2-2-300x180.jpg 300w, https:\/\/radiorevelacionfm.cl\/wp-content\/uploads\/2024\/11\/ENTEL-2-2-768x461.jpg 768w, https:\/\/radiorevelacionfm.cl\/wp-content\/uploads\/2024\/11\/ENTEL-2-2-705x423.jpg 705w, https:\/\/radiorevelacionfm.cl\/wp-content\/uploads\/2024\/11\/ENTEL-2-2-450x270.jpg 450w, https:\/\/radiorevelacionfm.cl\/wp-content\/uploads\/2024\/11\/ENTEL-2-2-600x360.jpg 600w\" sizes=\"(max-width: 999px) 100vw, 999px\" \/><\/div><\/div><\/div><\/div><div class=\"flex_column av_one_full  flex_column_div av-zero-column-padding first  avia-builder-el-2  el_after_av_one_full  el_before_av_one_full  column-top-margin\" style='border-radius:0px; '><section class=\"av_textblock_section \"  itemscope=\"itemscope\" itemtype=\"https:\/\/schema.org\/BlogPosting\" itemprop=\"blogPost\" ><div class='avia_textblock  '   itemprop=\"text\" ><p style=\"text-align: center;\"><strong><span style=\"font-size: 18pt;\">Corte Suprema confirma millonaria multa en contra de Entel por deficiencias en servicios de telefon\u00eda e internet en comuna de la Lago Verde<\/span><\/strong><\/p>\n<div id=\"gtx-trans\" style=\"position: absolute; left: -50px; top: 4.31534px;\">\n<div class=\"gtx-trans-icon\"><\/div>\n<\/div>\n<\/div><\/section><\/div><div class=\"flex_column av_one_full  flex_column_div av-zero-column-padding first  avia-builder-el-4  el_after_av_one_full  el_before_av_hr  column-top-margin\" style='border-radius:0px; '><section class=\"av_textblock_section \"  itemscope=\"itemscope\" itemtype=\"https:\/\/schema.org\/BlogPosting\" itemprop=\"blogPost\" ><div class='avia_textblock  '   itemprop=\"text\" ><p style=\"text-align: justify;\"><em>La compa\u00f1\u00eda fue condenada a pagar una multa de 250 UTM y una indemnizaci\u00f3n de un mill\u00f3n de pesos a 48 clientes afectados por intermitencias en la se\u00f1al telef\u00f3nica y de datos m\u00f3viles en la comuna de Lago Verde.<\/em><\/p>\n<p style=\"text-align: justify;\">En un fallo hist\u00f3rico y manteniendo la sentencia de la Corte de Apelaciones de Coyhaique, la Corte Suprema rechaz\u00f3 el recurso judicial presentado por Entel PCS Telecomunicaciones S.A. en contra de la sentencia del Juzgado de Polic\u00eda Local de Lago Verde, de mayo de 2023, al considerar que la empresa incumpli\u00f3 con el servicio que deb\u00eda entregar a la comunidad en materia de se\u00f1al telef\u00f3nica e internet.<\/p>\n<p style=\"text-align: justify;\">La resoluci\u00f3n del m\u00e1ximo \u00f3rgano jurisdiccional confirm\u00f3 una multa de 250 UTM y la indemnizaci\u00f3n por da\u00f1o moral de un mill\u00f3n de pesos para cada uno de los 48 demandantes.<\/p>\n<p style=\"text-align: justify;\">Previo al pronunciamiento del m\u00e1ximo Tribunal, Entel PCS apel\u00f3 a la sentencia definitiva de primera instancia, del 31 de marzo de 2023, dictada por el JPL de Lago Verde, sosteniendo que ha cumplido con las Bases del Concurso P\u00fablico FDT en la localidad y, por ende, con la calidad del servicio contratado, sin incumplir las obligaciones que le impone la Ley de Derechos del Consumidor, siendo, en su opini\u00f3n, las probanzas aportadas en juicio insuficientes para acreditar los incumplimientos imputados a su parte.<\/p>\n<p style=\"text-align: justify;\">Sin embargo, la Corte de Apelaciones de Coyhaique desestim\u00f3 dichos argumentos porque \u201cen t\u00e9rminos generales las molestias resultaron similares para todos los actores, al perjudicarles un servicio deficiente, que naturalmente afecta la calidad de vida de los actores, desde que se ha perturbado la fluida comunicaci\u00f3n telef\u00f3nica y el acceso a determinadas plataformas digitales, que actualmente forman parte del diario y cotidiano vivir, considerando la agravante de haber sido condenada anteriormente la denunciada por la misma infracci\u00f3n y el prolongado tiempo que ha transcurrido sin que se haya subsanado la conducta infraccional\u201d, y en consecuencia \u201cha quedado asentada la infracci\u00f3n al art\u00edculo 23 de la Ley 19.496, al haberse acreditado una deficiente calidad del servicio prestado negligentemente por Entel PCS, de acuerdo a lo razonado por el Juez de la instancia en los considerandos D\u00e9cimo Noveno a Vig\u00e9simo Octavo, de los cuales se desprende que son bastantes los elementos probatorios rendidos en la causa para arribar a tal conclusi\u00f3n, por ser graves, precisos y concordantes respecto a este punto\u201d.<\/p>\n<p style=\"text-align: justify;\">El fallo de segunda instancia precisa que \u201cEl fin pr\u00e1ctico del contrato de consumo arribado entre las partes, consist\u00eda en que la querellada deb\u00eda suministrar el servicio de telecomunicaciones a los actores, que incluye datos de voz e internet, lo que importa que los clientes puedan realmente satisfacer su necesidad de comunicarse con normalidad\u00a0\u00a0 con terceros a trav\u00e9s de sus aparatos celulares, lo que no aconteci\u00f3 de este modo\u201d. Al respecto, se\u00f1al\u00f3: \u201ccon lo anterior, se encuentran las declaraciones de los testigos de las demandantes, respecto a las \u201cca\u00eddas\u201d del tr\u00e1fico de voz y datos en forma constante y cotidiana, las certificaciones del propio tribunal en relaci\u00f3n a la deficiencias del servicio de internet, las actas del consejo comunal, el oficio municipal y de la Subsecretaria de Telecomunicaciones coincidentes con lo aseverado, tal como lo explicita el juez de la instancia, lo que refuerza el valor probatorio de la pericia decretada en estos antecedentes\u201d.<\/p>\n<p style=\"text-align: justify;\">El Tribunal de Alzada descart\u00f3 los argumentos de Entel PCS\u00a0 respecto que el Juzgado de Polic\u00eda Local de Lago Verde ser\u00eda incompetente para conocer estos antecedentes por tratarse del conocimiento de una acci\u00f3n de inter\u00e9s colectivo, \u201calegaci\u00f3n que no ser\u00e1 atendida, desde que no fue alegada como excepci\u00f3n en primera instancia, ni se incluy\u00f3 como petici\u00f3n concreta en la apelaci\u00f3n que se conoce, sin perjuicio que las acciones que se conocen fueron deducidas inter\u00e9s individual y se promovieron exclusivamente en defensa de los derechos de los consumidores afectados en forma separada\u201d.<\/p>\n<p style=\"text-align: justify;\">Por \u00faltimo, la Excma. Corte Suprema, confirmando lo resuelto por la Ilma. Corte de Apelaciones de Coyhaique, se\u00f1al\u00f3 respecto del recurso de queja interpuesto que la disconformidad que se expresa en relaci\u00f3n al fallo \u201cno permite tener por configurada la causal que habilita el presente recurso disciplinario, habida consideraci\u00f3n que los recurridos lisa y llanamente se limitaron a ejercer su funci\u00f3n jurisdiccional conforme los obliga la ley.\u201d<\/p>\n<\/div><\/section><\/div><div  style='height:50px' class='hr hr-invisible   avia-builder-el-6  el_after_av_one_full  el_before_av_social_share '><span class='hr-inner ' ><span class='hr-inner-style'><\/span><\/span><\/div><\/p>\n<div  class='av-social-sharing-box  avia-builder-el-7  el_after_av_hr  el_before_av_hr  '><div class='av-share-box'><h5 class='av-share-link-description av-no-toc '>Compartir esta noticia<\/h5><ul class='av-share-box-list noLightbox'><li class='av-share-link av-social-link-facebook' ><a target=\"_blank\" aria-label=\"Compartir en Facebook\" href='https:\/\/www.facebook.com\/sharer.php?u=https:\/\/radiorevelacionfm.cl\/?p=48386&#038;t=Corte%20Suprema%20confirma%20millonaria%20multa%20en%20contra%20de%20Entel%20por%20deficiencias%20en%20servicios%20de%20telefon%C3%ADa%20e%20internet%20en%20comuna%20de%20la%20Lago%20Verde' aria-hidden='false' data-av_icon='\ue8f3' data-av_iconfont='entypo-fontello' title='' data-avia-related-tooltip='Compartir en Facebook' rel=\"noopener\"><span class='avia_hidden_link_text'>Compartir en Facebook<\/span><\/a><\/li><li class='av-share-link av-social-link-twitter' ><a target=\"_blank\" aria-label=\"Compartir en Twitter\" href='https:\/\/twitter.com\/share?text=Corte%20Suprema%20confirma%20millonaria%20multa%20en%20contra%20de%20Entel%20por%20deficiencias%20en%20servicios%20de%20telefon%C3%ADa%20e%20internet%20en%20comuna%20de%20la%20Lago%20Verde&#038;url=https:\/\/radiorevelacionfm.cl\/?p=48386' aria-hidden='false' data-av_icon='\ue8f1' data-av_iconfont='entypo-fontello' title='' data-avia-related-tooltip='Compartir en Twitter' rel=\"noopener\"><span class='avia_hidden_link_text'>Compartir en Twitter<\/span><\/a><\/li><li class='av-share-link av-social-link-whatsapp' ><a target=\"_blank\" aria-label=\"Compartir en Whatsapp\" href='https:\/\/api.whatsapp.com\/send?text=https:\/\/radiorevelacionfm.cl\/?p=48386' aria-hidden='false' data-av_icon='\uf232' data-av_iconfont='entypo-fontello' title='' data-avia-related-tooltip='Compartir en Whatsapp' rel=\"noopener\"><span class='avia_hidden_link_text'>Compartir en Whatsapp<\/span><\/a><\/li><li class='av-share-link av-social-link-linkedin' ><a target=\"_blank\" aria-label=\"Compartir en LinkedIn\" href='https:\/\/linkedin.com\/shareArticle?mini=true&#038;title=Corte%20Suprema%20confirma%20millonaria%20multa%20en%20contra%20de%20Entel%20por%20deficiencias%20en%20servicios%20de%20telefon%C3%ADa%20e%20internet%20en%20comuna%20de%20la%20Lago%20Verde&#038;url=https:\/\/radiorevelacionfm.cl\/?p=48386' aria-hidden='false' data-av_icon='\ue8fc' data-av_iconfont='entypo-fontello' title='' data-avia-related-tooltip='Compartir en LinkedIn' rel=\"noopener\"><span class='avia_hidden_link_text'>Compartir en LinkedIn<\/span><\/a><\/li><li class='av-share-link av-social-link-mail' ><a  aria-label=\"Compartir por correo\" href='mailto:?subject=Corte%20Suprema%20confirma%20millonaria%20multa%20en%20contra%20de%20Entel%20por%20deficiencias%20en%20servicios%20de%20telefon%C3%ADa%20e%20internet%20en%20comuna%20de%20la%20Lago%20Verde&#038;body=https:\/\/radiorevelacionfm.cl\/?p=48386' aria-hidden='false' data-av_icon='\ue805' data-av_iconfont='entypo-fontello' title='' data-avia-related-tooltip='Compartir por correo'><span class='avia_hidden_link_text'>Compartir por correo<\/span><\/a><\/li><\/ul><\/div><\/div>\n<div  style='height:50px' class='hr hr-invisible   avia-builder-el-8  el_after_av_social_share  el_before_av_comments_list '><span class='hr-inner ' ><span class='hr-inner-style'><\/span><\/span><\/div>\n<div  class='av-buildercomment  av-blog-meta-html-info-disabled av-blog-meta-tag-disabled  '><\/div>\n","protected":false},"excerpt":{"rendered":"","protected":false},"author":1,"featured_media":48387,"comment_status":"open","ping_status":"open","sticky":false,"template":"","format":"standard","meta":{"footnotes":""},"categories":[55],"tags":[],"class_list":["post-48386","post","type-post","status-publish","format-standard","has-post-thumbnail","hentry","category-justicia"],"jetpack_featured_media_url":"https:\/\/radiorevelacionfm.cl\/wp-content\/uploads\/2024\/11\/ENTEL-2-2.jpg","_links":{"self":[{"href":"https:\/\/radiorevelacionfm.cl\/index.php?rest_route=\/wp\/v2\/posts\/48386","targetHints":{"allow":["GET"]}}],"collection":[{"href":"https:\/\/radiorevelacionfm.cl\/index.php?rest_route=\/wp\/v2\/posts"}],"about":[{"href":"https:\/\/radiorevelacionfm.cl\/index.php?rest_route=\/wp\/v2\/types\/post"}],"author":[{"embeddable":true,"href":"https:\/\/radiorevelacionfm.cl\/index.php?rest_route=\/wp\/v2\/users\/1"}],"replies":[{"embeddable":true,"href":"https:\/\/radiorevelacionfm.cl\/index.php?rest_route=%2Fwp%2Fv2%2Fcomments&post=48386"}],"version-history":[{"count":1,"href":"https:\/\/radiorevelacionfm.cl\/index.php?rest_route=\/wp\/v2\/posts\/48386\/revisions"}],"predecessor-version":[{"id":48388,"href":"https:\/\/radiorevelacionfm.cl\/index.php?rest_route=\/wp\/v2\/posts\/48386\/revisions\/48388"}],"wp:featuredmedia":[{"embeddable":true,"href":"https:\/\/radiorevelacionfm.cl\/index.php?rest_route=\/wp\/v2\/media\/48387"}],"wp:attachment":[{"href":"https:\/\/radiorevelacionfm.cl\/index.php?rest_route=%2Fwp%2Fv2%2Fmedia&parent=48386"}],"wp:term":[{"taxonomy":"category","embeddable":true,"href":"https:\/\/radiorevelacionfm.cl\/index.php?rest_route=%2Fwp%2Fv2%2Fcategories&post=48386"},{"taxonomy":"post_tag","embeddable":true,"href":"https:\/\/radiorevelacionfm.cl\/index.php?rest_route=%2Fwp%2Fv2%2Ftags&post=48386"}],"curies":[{"name":"wp","href":"https:\/\/api.w.org\/{rel}","templated":true}]}}