{"id":48380,"date":"2024-11-29T13:51:17","date_gmt":"2024-11-29T16:51:17","guid":{"rendered":"https:\/\/radiorevelacionfm.cl\/?p=48380"},"modified":"2024-11-29T13:55:23","modified_gmt":"2024-11-29T16:55:23","slug":"mas-de-250-examenes-de-ecografias-abdominales-y-mamarias-reducen-lista-de-espera-en-puerto-aysen","status":"publish","type":"post","link":"https:\/\/radiorevelacionfm.cl\/?p=48380","title":{"rendered":"M\u00e1s de 250 ex\u00e1menes de ecograf\u00edas abdominales y mamarias reducen lista de espera en Puerto Ays\u00e9n"},"content":{"rendered":"<div class=\"flex_column av_one_full  flex_column_div av-zero-column-padding first  avia-builder-el-0  el_before_av_one_full  avia-builder-el-first  \" style='border-radius:0px; '><div  class='avia-image-container  av-styling-    avia-builder-el-1  avia-builder-el-no-sibling  avia-align-center '  itemprop=\"image\" itemscope=\"itemscope\" itemtype=\"https:\/\/schema.org\/ImageObject\"  ><div class='avia-image-container-inner'><div class='avia-image-overlay-wrap'><img decoding=\"async\" class='wp-image-48381 avia-img-lazy-loading-not-48381 avia_image' src=\"https:\/\/radiorevelacionfm.cl\/wp-content\/uploads\/2024\/11\/OPERATIVO-CESFAM-1-2-2.jpeg\" alt='' title='OPERATIVO CESFAM (1)-2-2' height=\"600\" width=\"901\"  itemprop=\"thumbnailUrl\" srcset=\"https:\/\/radiorevelacionfm.cl\/wp-content\/uploads\/2024\/11\/OPERATIVO-CESFAM-1-2-2.jpeg 901w, https:\/\/radiorevelacionfm.cl\/wp-content\/uploads\/2024\/11\/OPERATIVO-CESFAM-1-2-2-300x200.jpeg 300w, https:\/\/radiorevelacionfm.cl\/wp-content\/uploads\/2024\/11\/OPERATIVO-CESFAM-1-2-2-768x511.jpeg 768w, https:\/\/radiorevelacionfm.cl\/wp-content\/uploads\/2024\/11\/OPERATIVO-CESFAM-1-2-2-705x469.jpeg 705w, https:\/\/radiorevelacionfm.cl\/wp-content\/uploads\/2024\/11\/OPERATIVO-CESFAM-1-2-2-450x300.jpeg 450w, https:\/\/radiorevelacionfm.cl\/wp-content\/uploads\/2024\/11\/OPERATIVO-CESFAM-1-2-2-600x400.jpeg 600w\" sizes=\"(max-width: 901px) 100vw, 901px\" \/><\/div><\/div><\/div><\/div>\n<div class=\"flex_column av_one_full  flex_column_div av-zero-column-padding first  avia-builder-el-2  el_after_av_one_full  el_before_av_one_full  column-top-margin\" style='border-radius:0px; '><section class=\"av_textblock_section \"  itemscope=\"itemscope\" itemtype=\"https:\/\/schema.org\/BlogPosting\" itemprop=\"blogPost\" ><div class='avia_textblock  '   itemprop=\"text\" ><p style=\"text-align: center;\"><span style=\"font-size: 18pt;\"><b>M\u00e1s de 250 ex\u00e1menes de ecograf\u00edas abdominales y mamarias reducen lista de espera en Puerto Ays\u00e9n<\/b><\/span><\/p>\n<div id=\"gtx-trans\" style=\"position: absolute; left: -50px; top: 4.31534px;\">\n<div class=\"gtx-trans-icon\"><\/div>\n<\/div>\n<\/div><\/section><\/div><div class=\"flex_column av_one_full  flex_column_div av-zero-column-padding first  avia-builder-el-4  el_after_av_one_full  el_before_av_hr  column-top-margin\" style='border-radius:0px; '><section class=\"av_textblock_section \"  itemscope=\"itemscope\" itemtype=\"https:\/\/schema.org\/BlogPosting\" itemprop=\"blogPost\" ><div class='avia_textblock  '   itemprop=\"text\" ><p style=\"text-align: justify;\"><em>Gracias al apoyo de la Caja de Previsi\u00f3n de la Defensa Nacional (CAPREDENA) se realiz\u00f3 este operativo en el CESFAM de la ciudad.<\/em><\/p>\n<p style=\"text-align: justify;\">M\u00e1s de 1500 procedimientos, entre los que se destacan ex\u00e1menes de endoscop\u00edas digestivas altas, ecograf\u00edas abdominales y mamarias, se contemplan en los operativos realizados por la Caja de Previsi\u00f3n de la Defensa Nacional (CAPREDENA). De este total, una parte se desarroll\u00f3 en el Centro de Salud Familiar de Puerto Ays\u00e9n, mientras que el resto est\u00e1 programado para la comuna de Cisnes en los pr\u00f3ximos d\u00edas.<\/p>\n<p style=\"text-align: justify;\">\u201cLo encuentro genial, porque la estaba esperando hace tiempo y de repente me llamaron, fue muy r\u00e1pido y lo encuentro bastante positivo, porque lleg\u00f3 harta gente\u201d, se\u00f1al\u00f3 Iris Ru\u00edz, quien se realiz\u00f3 una ecograf\u00eda mamaria.<\/p>\n<p style=\"text-align: justify;\">Estos ex\u00e1menes est\u00e1n orientados a la detecci\u00f3n precoz de c\u00e1ncer y otras enfermedades, fortaleciendo el acceso oportuno a diagn\u00f3sticos en la regi\u00f3n.<\/p>\n<p style=\"text-align: justify;\">\u201cEstamos muy contentos como CESFAM Puerto Ays\u00e9n de poder recibir este operativo de ecograf\u00eda, el que nos permiti\u00f3 tomar 157 ex\u00e1menes para detectar c\u00e1ncer mama, 90 abdominales y aparte darle 30 cupos a la Direcci\u00f3n de Salud Rural\u201d, precis\u00f3 Joaqu\u00edn Guti\u00e9rrez, director del CESFAM Puerto Ays\u00e9n.<\/p>\n<p style=\"text-align: justify;\">Este programa tiene como prop\u00f3sito que la poblaci\u00f3n que se atiende en establecimientos de Atenci\u00f3n Primaria en Salud (APS), acceda con mayor oportunidad a una atenci\u00f3n cercana, integral y de calidad.<\/p>\n<p style=\"text-align: justify;\">\u201cComo Servicio de Salud estamos muy contentos de poder apoyar en un tema muy sensible para nuestra comunidad como son las listas de espera. En este caso hemos dirigido distintas estrategias para brindar atenciones oportunas a nuestra comunidad en tema muy sensibles, estamos hablando de endoscop\u00edas alta que buscan ver temas de c\u00e1ncer y eco abdominales y mamarias que est\u00e1n dirigidas a lo mismo. Nuestro objetivo como Servicio de Salud es acercar las atenciones, que lleguen a tiempo para tener un diagn\u00f3stico y tratamiento adecuado\u201d, se\u00f1al\u00f3 C\u00e9sar Reguero, director (S) de Atenci\u00f3n Primaria de Salud (APS) quien aprovech\u00f3 de agradecer a los funcionarios y funcionarias y a la propia comunidad.<\/p>\n<p style=\"text-align: justify;\">La idea de estos operativos es contar con un m\u00e9todo de apoyo diagn\u00f3stico y\/o detecci\u00f3n precoz del c\u00e1ncer de mamas y en el caso de ecograf\u00edas abdominales, la detecci\u00f3n precoz de c\u00e1ncer de ves\u00edcula.<\/p>\n<p style=\"text-align: justify;\">\u201cHa sido un trabajo colaborativo con la direcci\u00f3n del Servicio, tambi\u00e9n hemos tenido el compromiso y la disposici\u00f3n de los administrativos SOME que han tenido un trabajo arduo para rescatar a los pacientes, que muchas veces no tienen sus datos actualizados y por eso es muy importante que para estas instancias cuando estamos viendo nuestras listas de espera tengan su direcci\u00f3n y n\u00famero actualizado\u201d, indic\u00f3 Catherine Valenzuela Guerrero, Jefa (s) Some Cesfam Puerto Ays\u00e9n.<\/p>\n<p style=\"text-align: justify;\">Al menos 250 pacientes de la comuna de Ays\u00e9n fueron beneficiados en este operativo de Capredena, en el marco de esta estrategia que aborda la lista de espera con origen en APS.<\/p>\n<p style=\"text-align: justify;\">En el Hospital Comunitario de Puerto Cisnes, se espera realizar m\u00e1s de 28 ecograf\u00edas abdominales y 34 ecograf\u00edas mamarias.<\/p>\n<\/div><\/section><\/div><\/p>\n<div  style='height:50px' class='hr hr-invisible   avia-builder-el-6  el_after_av_one_full  el_before_av_social_share '><span class='hr-inner ' ><span class='hr-inner-style'><\/span><\/span><\/div>\n<div  class='av-social-sharing-box  avia-builder-el-7  el_after_av_hr  el_before_av_hr  '><div class='av-share-box'><h5 class='av-share-link-description av-no-toc '>Compartir esta noticia<\/h5><ul class='av-share-box-list noLightbox'><li class='av-share-link av-social-link-facebook' ><a target=\"_blank\" aria-label=\"Compartir en Facebook\" href='https:\/\/www.facebook.com\/sharer.php?u=https:\/\/radiorevelacionfm.cl\/?p=48380&#038;t=M%C3%A1s%20de%20250%20ex%C3%A1menes%20de%20ecograf%C3%ADas%20abdominales%20y%20mamarias%20reducen%20lista%20de%20espera%20en%20Puerto%20Ays%C3%A9n' aria-hidden='false' data-av_icon='\ue8f3' data-av_iconfont='entypo-fontello' title='' data-avia-related-tooltip='Compartir en Facebook' rel=\"noopener\"><span class='avia_hidden_link_text'>Compartir en Facebook<\/span><\/a><\/li><li class='av-share-link av-social-link-twitter' ><a target=\"_blank\" aria-label=\"Compartir en Twitter\" href='https:\/\/twitter.com\/share?text=M%C3%A1s%20de%20250%20ex%C3%A1menes%20de%20ecograf%C3%ADas%20abdominales%20y%20mamarias%20reducen%20lista%20de%20espera%20en%20Puerto%20Ays%C3%A9n&#038;url=https:\/\/radiorevelacionfm.cl\/?p=48380' aria-hidden='false' data-av_icon='\ue8f1' data-av_iconfont='entypo-fontello' title='' data-avia-related-tooltip='Compartir en Twitter' rel=\"noopener\"><span class='avia_hidden_link_text'>Compartir en Twitter<\/span><\/a><\/li><li class='av-share-link av-social-link-whatsapp' ><a target=\"_blank\" aria-label=\"Compartir en Whatsapp\" href='https:\/\/api.whatsapp.com\/send?text=https:\/\/radiorevelacionfm.cl\/?p=48380' aria-hidden='false' data-av_icon='\uf232' data-av_iconfont='entypo-fontello' title='' data-avia-related-tooltip='Compartir en Whatsapp' rel=\"noopener\"><span class='avia_hidden_link_text'>Compartir en Whatsapp<\/span><\/a><\/li><li class='av-share-link av-social-link-linkedin' ><a target=\"_blank\" aria-label=\"Compartir en LinkedIn\" href='https:\/\/linkedin.com\/shareArticle?mini=true&#038;title=M%C3%A1s%20de%20250%20ex%C3%A1menes%20de%20ecograf%C3%ADas%20abdominales%20y%20mamarias%20reducen%20lista%20de%20espera%20en%20Puerto%20Ays%C3%A9n&#038;url=https:\/\/radiorevelacionfm.cl\/?p=48380' aria-hidden='false' data-av_icon='\ue8fc' data-av_iconfont='entypo-fontello' title='' data-avia-related-tooltip='Compartir en LinkedIn' rel=\"noopener\"><span class='avia_hidden_link_text'>Compartir en LinkedIn<\/span><\/a><\/li><li class='av-share-link av-social-link-mail' ><a  aria-label=\"Compartir por correo\" href='mailto:?subject=M%C3%A1s%20de%20250%20ex%C3%A1menes%20de%20ecograf%C3%ADas%20abdominales%20y%20mamarias%20reducen%20lista%20de%20espera%20en%20Puerto%20Ays%C3%A9n&#038;body=https:\/\/radiorevelacionfm.cl\/?p=48380' aria-hidden='false' data-av_icon='\ue805' data-av_iconfont='entypo-fontello' title='' data-avia-related-tooltip='Compartir por correo'><span class='avia_hidden_link_text'>Compartir por correo<\/span><\/a><\/li><\/ul><\/div><\/div>\n<div  style='height:50px' class='hr hr-invisible   avia-builder-el-8  el_after_av_social_share  el_before_av_comments_list '><span class='hr-inner ' ><span class='hr-inner-style'><\/span><\/span><\/div>\n<div  class='av-buildercomment  av-blog-meta-html-info-disabled av-blog-meta-tag-disabled  '><\/div>\n","protected":false},"excerpt":{"rendered":"","protected":false},"author":1,"featured_media":48381,"comment_status":"open","ping_status":"open","sticky":false,"template":"","format":"standard","meta":{"footnotes":""},"categories":[46],"tags":[],"class_list":["post-48380","post","type-post","status-publish","format-standard","has-post-thumbnail","hentry","category-salud"],"jetpack_featured_media_url":"https:\/\/radiorevelacionfm.cl\/wp-content\/uploads\/2024\/11\/OPERATIVO-CESFAM-1-2-2.jpeg","_links":{"self":[{"href":"https:\/\/radiorevelacionfm.cl\/index.php?rest_route=\/wp\/v2\/posts\/48380","targetHints":{"allow":["GET"]}}],"collection":[{"href":"https:\/\/radiorevelacionfm.cl\/index.php?rest_route=\/wp\/v2\/posts"}],"about":[{"href":"https:\/\/radiorevelacionfm.cl\/index.php?rest_route=\/wp\/v2\/types\/post"}],"author":[{"embeddable":true,"href":"https:\/\/radiorevelacionfm.cl\/index.php?rest_route=\/wp\/v2\/users\/1"}],"replies":[{"embeddable":true,"href":"https:\/\/radiorevelacionfm.cl\/index.php?rest_route=%2Fwp%2Fv2%2Fcomments&post=48380"}],"version-history":[{"count":2,"href":"https:\/\/radiorevelacionfm.cl\/index.php?rest_route=\/wp\/v2\/posts\/48380\/revisions"}],"predecessor-version":[{"id":48383,"href":"https:\/\/radiorevelacionfm.cl\/index.php?rest_route=\/wp\/v2\/posts\/48380\/revisions\/48383"}],"wp:featuredmedia":[{"embeddable":true,"href":"https:\/\/radiorevelacionfm.cl\/index.php?rest_route=\/wp\/v2\/media\/48381"}],"wp:attachment":[{"href":"https:\/\/radiorevelacionfm.cl\/index.php?rest_route=%2Fwp%2Fv2%2Fmedia&parent=48380"}],"wp:term":[{"taxonomy":"category","embeddable":true,"href":"https:\/\/radiorevelacionfm.cl\/index.php?rest_route=%2Fwp%2Fv2%2Fcategories&post=48380"},{"taxonomy":"post_tag","embeddable":true,"href":"https:\/\/radiorevelacionfm.cl\/index.php?rest_route=%2Fwp%2Fv2%2Ftags&post=48380"}],"curies":[{"name":"wp","href":"https:\/\/api.w.org\/{rel}","templated":true}]}}