{"id":48377,"date":"2024-11-29T10:09:01","date_gmt":"2024-11-29T13:09:01","guid":{"rendered":"https:\/\/radiorevelacionfm.cl\/?p=48377"},"modified":"2024-11-29T10:09:01","modified_gmt":"2024-11-29T13:09:01","slug":"estudiantes-del-cft-estatal-de-aysen-participaron-de-charla-sobre-royalty-minero","status":"publish","type":"post","link":"https:\/\/radiorevelacionfm.cl\/?p=48377","title":{"rendered":"Estudiantes del CFT Estatal de Ays\u00e9n participaron de charla sobre Royalty Minero"},"content":{"rendered":"<div class=\"flex_column av_one_full  flex_column_div av-zero-column-padding first  avia-builder-el-0  el_before_av_one_full  avia-builder-el-first  \" style='border-radius:0px; '><div  class='avia-image-container  av-styling-    avia-builder-el-1  avia-builder-el-no-sibling  avia-align-center '  itemprop=\"image\" itemscope=\"itemscope\" itemtype=\"https:\/\/schema.org\/ImageObject\"  ><div class='avia-image-container-inner'><div class='avia-image-overlay-wrap'><img decoding=\"async\" class='wp-image-48378 avia-img-lazy-loading-not-48378 avia_image' src=\"https:\/\/radiorevelacionfm.cl\/wp-content\/uploads\/2024\/11\/whatsapp-image-2024-11-28-at-13_optimized.58.22-2-2.jpeg\" alt='' title='whatsapp-image-2024-11-28-at-13_optimized.58.22-2-2' height=\"600\" width=\"1066\"  itemprop=\"thumbnailUrl\" srcset=\"https:\/\/radiorevelacionfm.cl\/wp-content\/uploads\/2024\/11\/whatsapp-image-2024-11-28-at-13_optimized.58.22-2-2.jpeg 1066w, https:\/\/radiorevelacionfm.cl\/wp-content\/uploads\/2024\/11\/whatsapp-image-2024-11-28-at-13_optimized.58.22-2-2-300x169.jpeg 300w, https:\/\/radiorevelacionfm.cl\/wp-content\/uploads\/2024\/11\/whatsapp-image-2024-11-28-at-13_optimized.58.22-2-2-1030x580.jpeg 1030w, https:\/\/radiorevelacionfm.cl\/wp-content\/uploads\/2024\/11\/whatsapp-image-2024-11-28-at-13_optimized.58.22-2-2-768x432.jpeg 768w, https:\/\/radiorevelacionfm.cl\/wp-content\/uploads\/2024\/11\/whatsapp-image-2024-11-28-at-13_optimized.58.22-2-2-705x397.jpeg 705w, https:\/\/radiorevelacionfm.cl\/wp-content\/uploads\/2024\/11\/whatsapp-image-2024-11-28-at-13_optimized.58.22-2-2-450x253.jpeg 450w, https:\/\/radiorevelacionfm.cl\/wp-content\/uploads\/2024\/11\/whatsapp-image-2024-11-28-at-13_optimized.58.22-2-2-600x338.jpeg 600w\" sizes=\"(max-width: 1066px) 100vw, 1066px\" \/><\/div><\/div><\/div><\/div><div class=\"flex_column av_one_full  flex_column_div av-zero-column-padding first  avia-builder-el-2  el_after_av_one_full  el_before_av_one_full  column-top-margin\" style='border-radius:0px; '><section class=\"av_textblock_section \"  itemscope=\"itemscope\" itemtype=\"https:\/\/schema.org\/BlogPosting\" itemprop=\"blogPost\" ><div class='avia_textblock  '   itemprop=\"text\" ><p style=\"text-align: center;\"><strong><span style=\"font-size: 18pt;\">Estudiantes del CFT Estatal de Ays\u00e9n participaron de charla sobre Royalty Minero<\/span><\/strong><\/p>\n<div id=\"gtx-trans\" style=\"position: absolute; left: -50px; top: 4.31534px;\">\n<div class=\"gtx-trans-icon\"><\/div>\n<\/div>\n<\/div><\/section><\/div><div class=\"flex_column av_one_full  flex_column_div av-zero-column-padding first  avia-builder-el-4  el_after_av_one_full  el_before_av_hr  column-top-margin\" style='border-radius:0px; '><section class=\"av_textblock_section \"  itemscope=\"itemscope\" itemtype=\"https:\/\/schema.org\/BlogPosting\" itemprop=\"blogPost\" ><div class='avia_textblock  '   itemprop=\"text\" ><p style=\"text-align: justify;\"><em>En la ocasi\u00f3n, se puso de manifiesto la relevancia del Royalty Minero en el contexto econ\u00f3mico de Ays\u00e9n.<\/em><\/p>\n<p style=\"text-align: justify;\">Con el prop\u00f3sito de acercar la ley de Royalty a estudiantes de educaci\u00f3n superior, \u00a0y estrechar la relaci\u00f3n entre la legislaci\u00f3n y la formaci\u00f3n acad\u00e9mica, el seremi de Miner\u00eda, Juan V\u00e1squez Alarc\u00f3n, efect\u00fao una charla dirigida a estudiantes de las carreras T\u00e9cnico de Nivel Superior en Administraci\u00f3n de Sistemas Log\u00edsticos y T\u00e9cnico a Nivel Superior en Administraci\u00f3n P\u00fablica pertenecientes al Centro de Formaci\u00f3n T\u00e9cnica Estatal de Ays\u00e9n.<\/p>\n<p style=\"text-align: justify;\">En la ocasi\u00f3n, la autoridad entrego cifras que detallan los elementos centrales del Royalty y su distribuci\u00f3n entre los Gobiernos Regionales y Municipios, adem\u00e1s de mostrar el aporte de la miner\u00eda a la econom\u00eda nacional y regional.<\/p>\n<p style=\"text-align: justify;\">Desde la Secretar\u00eda Regional Ministerial de Miner\u00eda de Ays\u00e9n, el seremi Juan V\u00e1squez Alarc\u00f3n, reafirm\u00f3 el compromiso con la descentralizaci\u00f3n, y siguiendo el mandato del Presidente Gabriel Boric, se ha implementado y difundido la implementaci\u00f3n del Royalty Minero.<\/p>\n<p style=\"text-align: justify;\">\u201cEl di\u00e1logo con los estudiantes del Centro de Formaci\u00f3n T\u00e9cnica Estatal de Ays\u00e9n fue una valiosa instancia para compartir los alcances de esta reforma hist\u00f3rica y reflexionar sobre sus instrumentos como el Fondo de Equidad Territorial y el Fondo de Productividad y Desarrollo implementados durante el presente a\u00f1o\u201d. Dijo el seremi.<\/p>\n<p style=\"text-align: justify;\">Adem\u00e1s destac\u00f3 que \u201cla alianza que hemos ido consolidado con el CFT Estatal y su proyecto acad\u00e9mico, especialmente a trav\u00e9s de su participaci\u00f3n en la Mesa Regional de Miner\u00eda y Geolog\u00eda impulsada en la regi\u00f3n, ha fortalecido la conexi\u00f3n entre las pol\u00edticas p\u00fablicas de gobierno, la educaci\u00f3n t\u00e9cnica, y la formaci\u00f3n acad\u00e9mica de los futuros profesionales de nuestra regi\u00f3n. De esta forma, aseguramos que &#8216;el sueldo de Chile&#8217; contribuya de manera concreta al desarrollo regional.<\/p>\n<p style=\"text-align: justify;\">Por su parte, el Jefe de Carreras del CFT Estatal de Ays\u00e9n, Cesar G\u00f3mez, se refiri\u00f3 a la relaci\u00f3n estrecha que existe entre la seremi de Miner\u00eda y el establecimiento educacional en relaci\u00f3n a la importancia del sector y su v\u00ednculo en temas formativos.<\/p>\n<p style=\"text-align: justify;\">\u201cEl sector minero en la regi\u00f3n de Ays\u00e9n juega un rol fundamental en la econom\u00eda regional, y se visualiza la generaci\u00f3n de puestos de trabajo en el futuro, en este sentido, actividades que guardan relaci\u00f3n como estas charlas sobre el Royalty minero son del todo pertinente para nuestros estudiantes ya que gracias a esta legislaci\u00f3n se bajan recursos frescos para los Gobiernos Regionales y Municipios y en ese sentido, la formaci\u00f3n de nuestros profesionales guarda relaci\u00f3n con estar actualizados con estas materias para que el d\u00eda de ma\u00f1ana puedan ponerlas \u00a0en pr\u00e1ctica en el \u00e1mbito p\u00fablico o privado\u201d.<\/p>\n<\/div><\/section><\/div><div  style='height:50px' class='hr hr-invisible   avia-builder-el-6  el_after_av_one_full  el_before_av_social_share '><span class='hr-inner ' ><span class='hr-inner-style'><\/span><\/span><\/div><\/p>\n<div  class='av-social-sharing-box  avia-builder-el-7  el_after_av_hr  el_before_av_hr  '><div class='av-share-box'><h5 class='av-share-link-description av-no-toc '>Compartir esta noticia<\/h5><ul class='av-share-box-list noLightbox'><li class='av-share-link av-social-link-facebook' ><a target=\"_blank\" aria-label=\"Compartir en Facebook\" href='https:\/\/www.facebook.com\/sharer.php?u=https:\/\/radiorevelacionfm.cl\/?p=48377&#038;t=Estudiantes%20del%20CFT%20Estatal%20de%20Ays%C3%A9n%20participaron%20de%20charla%20sobre%20Royalty%20Minero' aria-hidden='false' data-av_icon='\ue8f3' data-av_iconfont='entypo-fontello' title='' data-avia-related-tooltip='Compartir en Facebook' rel=\"noopener\"><span class='avia_hidden_link_text'>Compartir en Facebook<\/span><\/a><\/li><li class='av-share-link av-social-link-twitter' ><a target=\"_blank\" aria-label=\"Compartir en Twitter\" href='https:\/\/twitter.com\/share?text=Estudiantes%20del%20CFT%20Estatal%20de%20Ays%C3%A9n%20participaron%20de%20charla%20sobre%20Royalty%20Minero&#038;url=https:\/\/radiorevelacionfm.cl\/?p=48377' aria-hidden='false' data-av_icon='\ue8f1' data-av_iconfont='entypo-fontello' title='' data-avia-related-tooltip='Compartir en Twitter' rel=\"noopener\"><span class='avia_hidden_link_text'>Compartir en Twitter<\/span><\/a><\/li><li class='av-share-link av-social-link-whatsapp' ><a target=\"_blank\" aria-label=\"Compartir en Whatsapp\" href='https:\/\/api.whatsapp.com\/send?text=https:\/\/radiorevelacionfm.cl\/?p=48377' aria-hidden='false' data-av_icon='\uf232' data-av_iconfont='entypo-fontello' title='' data-avia-related-tooltip='Compartir en Whatsapp' rel=\"noopener\"><span class='avia_hidden_link_text'>Compartir en Whatsapp<\/span><\/a><\/li><li class='av-share-link av-social-link-linkedin' ><a target=\"_blank\" aria-label=\"Compartir en LinkedIn\" href='https:\/\/linkedin.com\/shareArticle?mini=true&#038;title=Estudiantes%20del%20CFT%20Estatal%20de%20Ays%C3%A9n%20participaron%20de%20charla%20sobre%20Royalty%20Minero&#038;url=https:\/\/radiorevelacionfm.cl\/?p=48377' aria-hidden='false' data-av_icon='\ue8fc' data-av_iconfont='entypo-fontello' title='' data-avia-related-tooltip='Compartir en LinkedIn' rel=\"noopener\"><span class='avia_hidden_link_text'>Compartir en LinkedIn<\/span><\/a><\/li><li class='av-share-link av-social-link-mail' ><a  aria-label=\"Compartir por correo\" href='mailto:?subject=Estudiantes%20del%20CFT%20Estatal%20de%20Ays%C3%A9n%20participaron%20de%20charla%20sobre%20Royalty%20Minero&#038;body=https:\/\/radiorevelacionfm.cl\/?p=48377' aria-hidden='false' data-av_icon='\ue805' data-av_iconfont='entypo-fontello' title='' data-avia-related-tooltip='Compartir por correo'><span class='avia_hidden_link_text'>Compartir por correo<\/span><\/a><\/li><\/ul><\/div><\/div>\n<div  style='height:50px' class='hr hr-invisible   avia-builder-el-8  el_after_av_social_share  el_before_av_comments_list '><span class='hr-inner ' ><span class='hr-inner-style'><\/span><\/span><\/div>\n<div  class='av-buildercomment  av-blog-meta-html-info-disabled av-blog-meta-tag-disabled  '><\/div>\n","protected":false},"excerpt":{"rendered":"","protected":false},"author":1,"featured_media":48378,"comment_status":"open","ping_status":"open","sticky":false,"template":"","format":"standard","meta":{"footnotes":""},"categories":[49],"tags":[],"class_list":["post-48377","post","type-post","status-publish","format-standard","has-post-thumbnail","hentry","category-educacion"],"jetpack_featured_media_url":"https:\/\/radiorevelacionfm.cl\/wp-content\/uploads\/2024\/11\/whatsapp-image-2024-11-28-at-13_optimized.58.22-2-2.jpeg","_links":{"self":[{"href":"https:\/\/radiorevelacionfm.cl\/index.php?rest_route=\/wp\/v2\/posts\/48377","targetHints":{"allow":["GET"]}}],"collection":[{"href":"https:\/\/radiorevelacionfm.cl\/index.php?rest_route=\/wp\/v2\/posts"}],"about":[{"href":"https:\/\/radiorevelacionfm.cl\/index.php?rest_route=\/wp\/v2\/types\/post"}],"author":[{"embeddable":true,"href":"https:\/\/radiorevelacionfm.cl\/index.php?rest_route=\/wp\/v2\/users\/1"}],"replies":[{"embeddable":true,"href":"https:\/\/radiorevelacionfm.cl\/index.php?rest_route=%2Fwp%2Fv2%2Fcomments&post=48377"}],"version-history":[{"count":1,"href":"https:\/\/radiorevelacionfm.cl\/index.php?rest_route=\/wp\/v2\/posts\/48377\/revisions"}],"predecessor-version":[{"id":48379,"href":"https:\/\/radiorevelacionfm.cl\/index.php?rest_route=\/wp\/v2\/posts\/48377\/revisions\/48379"}],"wp:featuredmedia":[{"embeddable":true,"href":"https:\/\/radiorevelacionfm.cl\/index.php?rest_route=\/wp\/v2\/media\/48378"}],"wp:attachment":[{"href":"https:\/\/radiorevelacionfm.cl\/index.php?rest_route=%2Fwp%2Fv2%2Fmedia&parent=48377"}],"wp:term":[{"taxonomy":"category","embeddable":true,"href":"https:\/\/radiorevelacionfm.cl\/index.php?rest_route=%2Fwp%2Fv2%2Fcategories&post=48377"},{"taxonomy":"post_tag","embeddable":true,"href":"https:\/\/radiorevelacionfm.cl\/index.php?rest_route=%2Fwp%2Fv2%2Ftags&post=48377"}],"curies":[{"name":"wp","href":"https:\/\/api.w.org\/{rel}","templated":true}]}}