{"id":4836,"date":"2021-06-03T10:32:25","date_gmt":"2021-06-03T13:32:25","guid":{"rendered":"https:\/\/radiorevelacionfm.cl\/?p=4836"},"modified":"2021-06-03T10:32:25","modified_gmt":"2021-06-03T13:32:25","slug":"lanzan-1-concurso-literario-relatos-de-prevencion-de-la-violencia-en-la-patagonia","status":"publish","type":"post","link":"https:\/\/radiorevelacionfm.cl\/?p=4836","title":{"rendered":"Lanzan 1\u00b0 Concurso Literario \u201cRelatos de Prevenci\u00f3n de la Violencia en la Patagonia\u201d"},"content":{"rendered":"<div class=\"flex_column av_one_full  flex_column_div av-zero-column-padding first  avia-builder-el-0  el_before_av_one_full  avia-builder-el-first  \" style='border-radius:0px; '><div  class='avia-image-container  av-styling-    avia-builder-el-1  avia-builder-el-no-sibling  avia-align-center '  itemprop=\"image\" itemscope=\"itemscope\" itemtype=\"https:\/\/schema.org\/ImageObject\"  ><div class='avia-image-container-inner'><div class='avia-image-overlay-wrap'><img decoding=\"async\" class='wp-image-0 avia-img-lazy-loading-not-0 avia_image' src=\"https:\/\/radiorevelacionfm.cl\/wp-content\/uploads\/2021\/06\/lanzamiento-concurso-literario-2-1.jpg\" alt='' title=''   itemprop=\"thumbnailUrl\"  \/><\/div><\/div><\/div><\/div><div class=\"flex_column av_one_full  flex_column_div av-zero-column-padding first  avia-builder-el-2  el_after_av_one_full  el_before_av_one_full  column-top-margin\" style='border-radius:0px; '><section class=\"av_textblock_section \"  itemscope=\"itemscope\" itemtype=\"https:\/\/schema.org\/BlogPosting\" itemprop=\"blogPost\" ><div class='avia_textblock  '   itemprop=\"text\" ><p style=\"text-align: center;\"><strong><span style=\"font-size: 18pt;\">Lanzan 1\u00b0 Concurso Literario \u201cRelatos de Prevenci\u00f3n de la Violencia en la Patagonia\u201d<\/span><\/strong><\/p>\n<div id=\"gtx-trans\" style=\"position: absolute; left: -50px; top: 4.31534px;\">\n<div class=\"gtx-trans-icon\"><\/div>\n<\/div>\n<\/div><\/section><\/div><div class=\"flex_column av_one_full  flex_column_div av-zero-column-padding first  avia-builder-el-4  el_after_av_one_full  el_before_av_hr  column-top-margin\" style='border-radius:0px; '><section class=\"av_textblock_section \"  itemscope=\"itemscope\" itemtype=\"https:\/\/schema.org\/BlogPosting\" itemprop=\"blogPost\" ><div class='avia_textblock  '   itemprop=\"text\" ><p style=\"font-weight: 400; text-align: justify;\">Con la presencia de representantes de establecimientos educacionales municipales, se realiz\u00f3 el lanzamiento virtual del primer concurso literario \u201cRelatos de Prevenci\u00f3n de la Violencia en la Patagonia\u201d organizado por la Mesa Intersectorial en Prevenci\u00f3n de Violencia en Poblaci\u00f3n Juvenil. Iniciativa colaborativa interinstitucional levantada en conjunto entre el Servicio Nacional de la Mujer y la Equidad de G\u00e9nero, SernamEG, y la Municipalidad de Coyhaique.<\/p>\n<p style=\"font-weight: 400; text-align: justify;\">En la ceremonia, la Seremi de la Mujer y Equidad de G\u00e9nero, B\u00e1rbara Ort\u00fazar Candia, sostuvo que \u201cprevenir todo tipo de violencia hacia la mujer es uno de nuestros compromisos como Ministerio y sabemos que sin la ayuda de todas y todos esto no ser\u00eda posible. Actividades como la de hoy, busca que, a trav\u00e9s de sus relatos y cuentos, sensibilicemos a toda la comunidad, demostrando que son ustedes los llamados a romper con los estereotipos y avanzar en el cambio sociocultural que tanto necesitamos para terminar con la violencia de g\u00e9nero\u201d.<\/p>\n<p style=\"font-weight: 400; text-align: justify;\">El prop\u00f3sito de la Mesa Intersectorial en Prevenci\u00f3n de Violencia en Poblaci\u00f3n Juvenil es aunar criterios y voluntades &#8211; tomando en cuenta la multiplicidad de instituciones que abordan esta problem\u00e1tica sociocultural- para la generaci\u00f3n de articulaciones y alianzas locales que permitan la realizaci\u00f3n de acciones comunitarias que potencien el tejido social.<\/p>\n<p style=\"font-weight: 400; text-align: justify;\">Respecto a la convocatoria a los establecimientos educacionales, en su intervenci\u00f3n, la Directora Regional de SernamEG, Elizabeth Guti\u00e9rrez Eggers, expres\u00f3: \u201cqueremos transmitir el mensaje de que encanten a las\/os ni\u00f1as\/os y j\u00f3venes para que a trav\u00e9s de sus relatos, puedan ser quienes inspiren a no silenciar o normalizar la violencia; y de esta forma, deconstruir la construcci\u00f3n cultural que hoy d\u00eda tenemos. Por eso estos relatos van a ser tan significativos, porque van a mostrar qu\u00e9 es lo que est\u00e1n viendo a trav\u00e9s de sus propias palabras y contextos, respecto de la prevenci\u00f3n. Nos va a permitir entrar a ese mundo que a veces se torna lejano para las personas adultas y entender sus din\u00e1micas y la forma en que ven la violencia y c\u00f3mo afecta a sus familias, a sus pares y ellas\/os mismas\/os\u201d.<\/p>\n<p style=\"font-weight: 400; text-align: justify;\">En tanto, el Alcalde de Coyhaique, Alejandro Huala Canum\u00e1n dijo: \u201cen Chile lo que va del 2021 llevamos 15 femicidios, justamente uno de nuestros principales focos de preocupaci\u00f3n es el alto nivel de violencia contra la mujer en la regi\u00f3n y en la capital regional, por eso es relevante llevar a cabo este tipo de iniciativas que apuntan a sensibilizar a distintos grupos etarios sobre este fen\u00f3meno que debe ser erradicado. Quiero agradecer al Servicio Nacional de la Mujer y la Equidad de G\u00e9nero y los dem\u00e1s servicios que conforman esta Mesa, en el que participamos como Municipio, a trav\u00e9s de la Oficina Municipal de la Mujer; que re\u00fane a todos los programas relacionados con la tem\u00e1tica de G\u00e9nero. Es un trabajo enorme pero que no debemos dejar de lado y ser capaces de colocar todo nuestro \u00e9nfasis y energ\u00edas en avanzar en el respeto hacia las personas; y en especial hacia las mujeres\u201d.<\/p>\n<p style=\"font-weight: 400; text-align: justify;\">El concurso literario \u201cRelatos de Prevenci\u00f3n de la Violencia en la Patagonia\u201d contempla tres categor\u00edas: 9 a 12 a\u00f1os, 13 a 17 a\u00f1os y 18 hasta 29 a\u00f1os. Los trabajos deben relatar a trav\u00e9s de historias locales el c\u00f3mo prevenir la violencia de g\u00e9nero. Las personas interesadas tienen plazo para hacer llegar sus creaciones hasta el mi\u00e9rcoles 21 de julio a las 17:00 horas al correo electr\u00f3nico\u00a0<a href=\"mailto:prevencionvcm.coyhaique@gmail.com\">prevencionvcm.coyhaique@gmail.com<\/a>. Las bases se encuentran disponibles en la p\u00e1gina web de la Municipalidad de Coyhaique\u00a0<a href=\"http:\/\/www.coyhaique.cl\/\" data-saferedirecturl=\"https:\/\/www.google.com\/url?q=http:\/\/www.coyhaique.cl&amp;source=gmail&amp;ust=1622753073223000&amp;usg=AFQjCNHkARApLCRQHVjzxmnh2Cs28Bsyrg\">www.coyhaique.cl<\/a>.<\/p>\n<\/div><\/section><\/div><div  style='height:50px' class='hr hr-invisible   avia-builder-el-6  el_after_av_one_full  el_before_av_social_share '><span class='hr-inner ' ><span class='hr-inner-style'><\/span><\/span><\/div><\/p>\n<div  class='av-social-sharing-box  avia-builder-el-7  el_after_av_hr  el_before_av_hr  '><div class='av-share-box'><h5 class='av-share-link-description av-no-toc '>Compartir esta noticia<\/h5><ul class='av-share-box-list noLightbox'><li class='av-share-link av-social-link-facebook' ><a target=\"_blank\" aria-label=\"Compartir en Facebook\" href='https:\/\/www.facebook.com\/sharer.php?u=https:\/\/radiorevelacionfm.cl\/?p=4836&#038;t=Lanzan%201%C2%B0%20Concurso%20Literario%20%E2%80%9CRelatos%20de%20Prevenci%C3%B3n%20de%20la%20Violencia%20en%20la%20Patagonia%E2%80%9D' aria-hidden='false' data-av_icon='\ue8f3' data-av_iconfont='entypo-fontello' title='' data-avia-related-tooltip='Compartir en Facebook' rel=\"noopener\"><span class='avia_hidden_link_text'>Compartir en Facebook<\/span><\/a><\/li><li class='av-share-link av-social-link-twitter' ><a target=\"_blank\" aria-label=\"Compartir en Twitter\" href='https:\/\/twitter.com\/share?text=Lanzan%201%C2%B0%20Concurso%20Literario%20%E2%80%9CRelatos%20de%20Prevenci%C3%B3n%20de%20la%20Violencia%20en%20la%20Patagonia%E2%80%9D&#038;url=https:\/\/radiorevelacionfm.cl\/?p=4836' aria-hidden='false' data-av_icon='\ue8f1' data-av_iconfont='entypo-fontello' title='' data-avia-related-tooltip='Compartir en Twitter' rel=\"noopener\"><span class='avia_hidden_link_text'>Compartir en Twitter<\/span><\/a><\/li><li class='av-share-link av-social-link-whatsapp' ><a target=\"_blank\" aria-label=\"Compartir en Whatsapp\" href='https:\/\/api.whatsapp.com\/send?text=https:\/\/radiorevelacionfm.cl\/?p=4836' aria-hidden='false' data-av_icon='\uf232' data-av_iconfont='entypo-fontello' title='' data-avia-related-tooltip='Compartir en Whatsapp' rel=\"noopener\"><span class='avia_hidden_link_text'>Compartir en Whatsapp<\/span><\/a><\/li><li class='av-share-link av-social-link-linkedin' ><a target=\"_blank\" aria-label=\"Compartir en LinkedIn\" href='https:\/\/linkedin.com\/shareArticle?mini=true&#038;title=Lanzan%201%C2%B0%20Concurso%20Literario%20%E2%80%9CRelatos%20de%20Prevenci%C3%B3n%20de%20la%20Violencia%20en%20la%20Patagonia%E2%80%9D&#038;url=https:\/\/radiorevelacionfm.cl\/?p=4836' aria-hidden='false' data-av_icon='\ue8fc' data-av_iconfont='entypo-fontello' title='' data-avia-related-tooltip='Compartir en LinkedIn' rel=\"noopener\"><span class='avia_hidden_link_text'>Compartir en LinkedIn<\/span><\/a><\/li><li class='av-share-link av-social-link-mail' ><a  aria-label=\"Compartir por correo\" href='mailto:?subject=Lanzan%201%C2%B0%20Concurso%20Literario%20%E2%80%9CRelatos%20de%20Prevenci%C3%B3n%20de%20la%20Violencia%20en%20la%20Patagonia%E2%80%9D&#038;body=https:\/\/radiorevelacionfm.cl\/?p=4836' aria-hidden='false' data-av_icon='\ue805' data-av_iconfont='entypo-fontello' title='' data-avia-related-tooltip='Compartir por correo'><span class='avia_hidden_link_text'>Compartir por correo<\/span><\/a><\/li><\/ul><\/div><\/div>\n<div  style='height:50px' class='hr hr-invisible   avia-builder-el-8  el_after_av_social_share  el_before_av_comments_list '><span class='hr-inner ' ><span class='hr-inner-style'><\/span><\/span><\/div>\n<div  class='av-buildercomment  av-blog-meta-html-info-disabled av-blog-meta-tag-disabled  '><\/div>\n","protected":false},"excerpt":{"rendered":"","protected":false},"author":1,"featured_media":0,"comment_status":"open","ping_status":"open","sticky":false,"template":"","format":"standard","meta":{"footnotes":""},"categories":[38],"tags":[],"class_list":["post-4836","post","type-post","status-publish","format-standard","hentry","category-regional"],"jetpack_featured_media_url":"","_links":{"self":[{"href":"https:\/\/radiorevelacionfm.cl\/index.php?rest_route=\/wp\/v2\/posts\/4836","targetHints":{"allow":["GET"]}}],"collection":[{"href":"https:\/\/radiorevelacionfm.cl\/index.php?rest_route=\/wp\/v2\/posts"}],"about":[{"href":"https:\/\/radiorevelacionfm.cl\/index.php?rest_route=\/wp\/v2\/types\/post"}],"author":[{"embeddable":true,"href":"https:\/\/radiorevelacionfm.cl\/index.php?rest_route=\/wp\/v2\/users\/1"}],"replies":[{"embeddable":true,"href":"https:\/\/radiorevelacionfm.cl\/index.php?rest_route=%2Fwp%2Fv2%2Fcomments&post=4836"}],"version-history":[{"count":1,"href":"https:\/\/radiorevelacionfm.cl\/index.php?rest_route=\/wp\/v2\/posts\/4836\/revisions"}],"predecessor-version":[{"id":4838,"href":"https:\/\/radiorevelacionfm.cl\/index.php?rest_route=\/wp\/v2\/posts\/4836\/revisions\/4838"}],"wp:attachment":[{"href":"https:\/\/radiorevelacionfm.cl\/index.php?rest_route=%2Fwp%2Fv2%2Fmedia&parent=4836"}],"wp:term":[{"taxonomy":"category","embeddable":true,"href":"https:\/\/radiorevelacionfm.cl\/index.php?rest_route=%2Fwp%2Fv2%2Fcategories&post=4836"},{"taxonomy":"post_tag","embeddable":true,"href":"https:\/\/radiorevelacionfm.cl\/index.php?rest_route=%2Fwp%2Fv2%2Ftags&post=4836"}],"curies":[{"name":"wp","href":"https:\/\/api.w.org\/{rel}","templated":true}]}}