{"id":48341,"date":"2024-11-28T12:12:42","date_gmt":"2024-11-28T15:12:42","guid":{"rendered":"https:\/\/radiorevelacionfm.cl\/?p=48341"},"modified":"2024-11-28T12:12:42","modified_gmt":"2024-11-28T15:12:42","slug":"coyhaiquino-destaca-en-el-concurso-nacional-de-composicion-musical-luis-advis","status":"publish","type":"post","link":"https:\/\/radiorevelacionfm.cl\/?p=48341","title":{"rendered":"Coyhaiquino destaca en el Concurso Nacional de Composici\u00f3n Musical Luis Advis"},"content":{"rendered":"<div class=\"flex_column av_one_full  flex_column_div av-zero-column-padding first  avia-builder-el-0  el_before_av_one_full  avia-builder-el-first  \" style='border-radius:0px; '><div  class='avia-image-container  av-styling-    avia-builder-el-1  avia-builder-el-no-sibling  avia-align-center '  itemprop=\"image\" itemscope=\"itemscope\" itemtype=\"https:\/\/schema.org\/ImageObject\"  ><div class='avia-image-container-inner'><div class='avia-image-overlay-wrap'><img decoding=\"async\" class='wp-image-48342 avia-img-lazy-loading-not-48342 avia_image' src=\"https:\/\/radiorevelacionfm.cl\/wp-content\/uploads\/2024\/11\/A-56-2-2.jpeg\" alt='' title='A-56-2-2' height=\"600\" width=\"900\"  itemprop=\"thumbnailUrl\" srcset=\"https:\/\/radiorevelacionfm.cl\/wp-content\/uploads\/2024\/11\/A-56-2-2.jpeg 900w, https:\/\/radiorevelacionfm.cl\/wp-content\/uploads\/2024\/11\/A-56-2-2-300x200.jpeg 300w, https:\/\/radiorevelacionfm.cl\/wp-content\/uploads\/2024\/11\/A-56-2-2-768x512.jpeg 768w, https:\/\/radiorevelacionfm.cl\/wp-content\/uploads\/2024\/11\/A-56-2-2-705x470.jpeg 705w, https:\/\/radiorevelacionfm.cl\/wp-content\/uploads\/2024\/11\/A-56-2-2-450x300.jpeg 450w, https:\/\/radiorevelacionfm.cl\/wp-content\/uploads\/2024\/11\/A-56-2-2-600x400.jpeg 600w\" sizes=\"(max-width: 900px) 100vw, 900px\" \/><\/div><\/div><\/div><\/div><div class=\"flex_column av_one_full  flex_column_div av-zero-column-padding first  avia-builder-el-2  el_after_av_one_full  el_before_av_one_full  column-top-margin\" style='border-radius:0px; '><section class=\"av_textblock_section \"  itemscope=\"itemscope\" itemtype=\"https:\/\/schema.org\/BlogPosting\" itemprop=\"blogPost\" ><div class='avia_textblock  '   itemprop=\"text\" ><p style=\"text-align: center;\"><strong><span style=\"font-size: 18pt;\">Coyhaiquino destaca en el Concurso Nacional de Composici\u00f3n Musical Luis Advis<\/span><\/strong><\/p>\n<div id=\"gtx-trans\" style=\"position: absolute; left: -50px; top: 4.31534px;\">\n<div class=\"gtx-trans-icon\"><\/div>\n<\/div>\n<\/div><\/section><\/div><div class=\"flex_column av_one_full  flex_column_div av-zero-column-padding first  avia-builder-el-4  el_after_av_one_full  el_before_av_hr  column-top-margin\" style='border-radius:0px; '><section class=\"av_textblock_section \"  itemscope=\"itemscope\" itemtype=\"https:\/\/schema.org\/BlogPosting\" itemprop=\"blogPost\" ><div class='avia_textblock  '   itemprop=\"text\" ><div>\n<p class=\"v1MsoNormal\" style=\"text-align: justify;\">El m\u00fasico y compositor coyhaiquino Fabi\u00e1n Pillancari Vargas ha obtenido el segundo lugar en la XX versi\u00f3n del prestigioso Concurso Nacional de Composici\u00f3n Musical Luis Advis, organizado por el Ministerio de las Culturas, las Artes y el Patrimonio. Este certamen, celebrado en la ciudad de Coquimbo entre el 21 y el 23 de noviembre, busca promover la creaci\u00f3n musical en los g\u00e9neros de ra\u00edz folcl\u00f3rica, popular y docto, rindiendo homenaje al legado del reconocido compositor chileno Luis Advis, autor de obras como <i>Cantata Santa Mar\u00eda de Iquique<\/i> y<i> Canto para una semilla<\/i>, entre otras.<\/p>\n<p class=\"v1MsoNormal\" style=\"text-align: justify;\">Pillancari destac\u00f3 en la categor\u00eda de ra\u00edz folcl\u00f3rica con su obra <i>Circo Imaginario<\/i>, una cueca que mezcla elementos tradicionales de la m\u00fasica chilena con influencias de la m\u00fasica popular y el blues. \u00abLa compuse mientras viv\u00eda en Concepci\u00f3n, y est\u00e1 dedicada a los artistas callejeros de nuestro pa\u00eds, en especial a los que frecuentan la avenida Los Carrera de esa ciudad\u00bb, coment\u00f3 el m\u00fasico.<\/p>\n<p class=\"v1MsoNormal\" style=\"text-align: justify;\">De las m\u00e1s de 400 obras recibidas en esta edici\u00f3n del concurso, solo 13 fueron seleccionadas como finalistas en las tres categor\u00edas. Pillancari calific\u00f3 como un orgullo haber llegado a esta instancia: \u00abFue una grata sorpresa enterarnos de la alta convocatoria, lo que hace m\u00e1s significativo estar entre los finalistas\u00bb.<\/p>\n<p class=\"v1MsoNormal\" style=\"text-align: justify;\">El primer lugar de la categor\u00eda fue otorgado a \u00c1lvaro Silva Valdebenito con su obra <i>Mi Casita<\/i>, mientras que el tercer lugar fue para <i>Jilallanaja<\/i> de Benjam\u00edn Schnake G\u00e1lvez.<\/p>\n<p class=\"v1MsoNormal\" style=\"text-align: justify;\">El premio recibido por Pillancari, que incluye cuatro millones de pesos, ser\u00e1 un impulso para seguir desarrollando su carrera musical. \u00ab<i>Circo Imaginario<\/i> llevaba a\u00f1os guardada, al igual que otras canciones. Mi anhelo es comenzar a grabar algunas de mis obras el pr\u00f3ximo a\u00f1o y difundirlas\u00bb, se\u00f1al\u00f3.<\/p>\n<p class=\"v1MsoNormal\" style=\"text-align: justify;\">Actualmente, Fabi\u00e1n Pillancari reside en Santiago, donde combina su labor como docente con su participaci\u00f3n en el emblem\u00e1tico Conjunto Cuncum\u00e9n, una agrupaci\u00f3n de proyecci\u00f3n folcl\u00f3rica con casi 70 a\u00f1os de historia y por la que han pasado figuras como V\u00edctor Jara, Rolando Alarc\u00f3n y Silvia Urbina.<\/p>\n<p class=\"v1MsoNormal\" style=\"text-align: justify;\">Con este reconocimiento, Fabi\u00e1n Pillancari reafirma el valor del talento art\u00edstico de Coyhaique y demuestra el impacto que artistas locales pueden tener en la escena cultural nacional.<\/p>\n<\/div>\n<\/div><\/section><\/div><div  style='height:50px' class='hr hr-invisible   avia-builder-el-6  el_after_av_one_full  el_before_av_social_share '><span class='hr-inner ' ><span class='hr-inner-style'><\/span><\/span><\/div><\/p>\n<div  class='av-social-sharing-box  avia-builder-el-7  el_after_av_hr  el_before_av_hr  '><div class='av-share-box'><h5 class='av-share-link-description av-no-toc '>Compartir esta noticia<\/h5><ul class='av-share-box-list noLightbox'><li class='av-share-link av-social-link-facebook' ><a target=\"_blank\" aria-label=\"Compartir en Facebook\" href='https:\/\/www.facebook.com\/sharer.php?u=https:\/\/radiorevelacionfm.cl\/?p=48341&#038;t=Coyhaiquino%20destaca%20en%20el%20Concurso%20Nacional%20de%20Composici%C3%B3n%20Musical%20Luis%20Advis' aria-hidden='false' data-av_icon='\ue8f3' data-av_iconfont='entypo-fontello' title='' data-avia-related-tooltip='Compartir en Facebook' rel=\"noopener\"><span class='avia_hidden_link_text'>Compartir en Facebook<\/span><\/a><\/li><li class='av-share-link av-social-link-twitter' ><a target=\"_blank\" aria-label=\"Compartir en Twitter\" href='https:\/\/twitter.com\/share?text=Coyhaiquino%20destaca%20en%20el%20Concurso%20Nacional%20de%20Composici%C3%B3n%20Musical%20Luis%20Advis&#038;url=https:\/\/radiorevelacionfm.cl\/?p=48341' aria-hidden='false' data-av_icon='\ue8f1' data-av_iconfont='entypo-fontello' title='' data-avia-related-tooltip='Compartir en Twitter' rel=\"noopener\"><span class='avia_hidden_link_text'>Compartir en Twitter<\/span><\/a><\/li><li class='av-share-link av-social-link-whatsapp' ><a target=\"_blank\" aria-label=\"Compartir en Whatsapp\" href='https:\/\/api.whatsapp.com\/send?text=https:\/\/radiorevelacionfm.cl\/?p=48341' aria-hidden='false' data-av_icon='\uf232' data-av_iconfont='entypo-fontello' title='' data-avia-related-tooltip='Compartir en Whatsapp' rel=\"noopener\"><span class='avia_hidden_link_text'>Compartir en Whatsapp<\/span><\/a><\/li><li class='av-share-link av-social-link-linkedin' ><a target=\"_blank\" aria-label=\"Compartir en LinkedIn\" href='https:\/\/linkedin.com\/shareArticle?mini=true&#038;title=Coyhaiquino%20destaca%20en%20el%20Concurso%20Nacional%20de%20Composici%C3%B3n%20Musical%20Luis%20Advis&#038;url=https:\/\/radiorevelacionfm.cl\/?p=48341' aria-hidden='false' data-av_icon='\ue8fc' data-av_iconfont='entypo-fontello' title='' data-avia-related-tooltip='Compartir en LinkedIn' rel=\"noopener\"><span class='avia_hidden_link_text'>Compartir en LinkedIn<\/span><\/a><\/li><li class='av-share-link av-social-link-mail' ><a  aria-label=\"Compartir por correo\" href='mailto:?subject=Coyhaiquino%20destaca%20en%20el%20Concurso%20Nacional%20de%20Composici%C3%B3n%20Musical%20Luis%20Advis&#038;body=https:\/\/radiorevelacionfm.cl\/?p=48341' aria-hidden='false' data-av_icon='\ue805' data-av_iconfont='entypo-fontello' title='' data-avia-related-tooltip='Compartir por correo'><span class='avia_hidden_link_text'>Compartir por correo<\/span><\/a><\/li><\/ul><\/div><\/div>\n<div  style='height:50px' class='hr hr-invisible   avia-builder-el-8  el_after_av_social_share  el_before_av_comments_list '><span class='hr-inner ' ><span class='hr-inner-style'><\/span><\/span><\/div>\n<div  class='av-buildercomment  av-blog-meta-html-info-disabled av-blog-meta-tag-disabled  '><\/div>\n","protected":false},"excerpt":{"rendered":"","protected":false},"author":1,"featured_media":48342,"comment_status":"open","ping_status":"open","sticky":false,"template":"","format":"standard","meta":{"footnotes":""},"categories":[38],"tags":[],"class_list":["post-48341","post","type-post","status-publish","format-standard","has-post-thumbnail","hentry","category-regional"],"jetpack_featured_media_url":"https:\/\/radiorevelacionfm.cl\/wp-content\/uploads\/2024\/11\/A-56-2-2.jpeg","_links":{"self":[{"href":"https:\/\/radiorevelacionfm.cl\/index.php?rest_route=\/wp\/v2\/posts\/48341","targetHints":{"allow":["GET"]}}],"collection":[{"href":"https:\/\/radiorevelacionfm.cl\/index.php?rest_route=\/wp\/v2\/posts"}],"about":[{"href":"https:\/\/radiorevelacionfm.cl\/index.php?rest_route=\/wp\/v2\/types\/post"}],"author":[{"embeddable":true,"href":"https:\/\/radiorevelacionfm.cl\/index.php?rest_route=\/wp\/v2\/users\/1"}],"replies":[{"embeddable":true,"href":"https:\/\/radiorevelacionfm.cl\/index.php?rest_route=%2Fwp%2Fv2%2Fcomments&post=48341"}],"version-history":[{"count":1,"href":"https:\/\/radiorevelacionfm.cl\/index.php?rest_route=\/wp\/v2\/posts\/48341\/revisions"}],"predecessor-version":[{"id":48343,"href":"https:\/\/radiorevelacionfm.cl\/index.php?rest_route=\/wp\/v2\/posts\/48341\/revisions\/48343"}],"wp:featuredmedia":[{"embeddable":true,"href":"https:\/\/radiorevelacionfm.cl\/index.php?rest_route=\/wp\/v2\/media\/48342"}],"wp:attachment":[{"href":"https:\/\/radiorevelacionfm.cl\/index.php?rest_route=%2Fwp%2Fv2%2Fmedia&parent=48341"}],"wp:term":[{"taxonomy":"category","embeddable":true,"href":"https:\/\/radiorevelacionfm.cl\/index.php?rest_route=%2Fwp%2Fv2%2Fcategories&post=48341"},{"taxonomy":"post_tag","embeddable":true,"href":"https:\/\/radiorevelacionfm.cl\/index.php?rest_route=%2Fwp%2Fv2%2Ftags&post=48341"}],"curies":[{"name":"wp","href":"https:\/\/api.w.org\/{rel}","templated":true}]}}