{"id":48338,"date":"2024-11-28T11:19:41","date_gmt":"2024-11-28T14:19:41","guid":{"rendered":"https:\/\/radiorevelacionfm.cl\/?p=48338"},"modified":"2024-11-28T11:19:41","modified_gmt":"2024-11-28T14:19:41","slug":"caleta-tortel-cuenta-con-punto-de-atencion-virtual-ips-chileatiende","status":"publish","type":"post","link":"https:\/\/radiorevelacionfm.cl\/?p=48338","title":{"rendered":"Caleta Tortel cuenta con punto de atenci\u00f3n virtual IPS ChileAtiende"},"content":{"rendered":"<div class=\"flex_column av_one_full  flex_column_div av-zero-column-padding first  avia-builder-el-0  el_before_av_one_full  avia-builder-el-first  \" style='border-radius:0px; '><div  class='avia-image-container  av-styling-    avia-builder-el-1  avia-builder-el-no-sibling  avia-align-center '  itemprop=\"image\" itemscope=\"itemscope\" itemtype=\"https:\/\/schema.org\/ImageObject\"  ><div class='avia-image-container-inner'><div class='avia-image-overlay-wrap'><img decoding=\"async\" class='wp-image-48339 avia-img-lazy-loading-not-48339 avia_image' src=\"https:\/\/radiorevelacionfm.cl\/wp-content\/uploads\/2024\/11\/corte-de-cinta-2_optimized.jpg\" alt='' title='corte-de-cinta-2_optimized' height=\"600\" width=\"800\"  itemprop=\"thumbnailUrl\" srcset=\"https:\/\/radiorevelacionfm.cl\/wp-content\/uploads\/2024\/11\/corte-de-cinta-2_optimized.jpg 800w, https:\/\/radiorevelacionfm.cl\/wp-content\/uploads\/2024\/11\/corte-de-cinta-2_optimized-300x225.jpg 300w, https:\/\/radiorevelacionfm.cl\/wp-content\/uploads\/2024\/11\/corte-de-cinta-2_optimized-768x576.jpg 768w, https:\/\/radiorevelacionfm.cl\/wp-content\/uploads\/2024\/11\/corte-de-cinta-2_optimized-705x529.jpg 705w, https:\/\/radiorevelacionfm.cl\/wp-content\/uploads\/2024\/11\/corte-de-cinta-2_optimized-450x338.jpg 450w, https:\/\/radiorevelacionfm.cl\/wp-content\/uploads\/2024\/11\/corte-de-cinta-2_optimized-600x450.jpg 600w\" sizes=\"(max-width: 800px) 100vw, 800px\" \/><\/div><\/div><\/div><\/div><div class=\"flex_column av_one_full  flex_column_div av-zero-column-padding first  avia-builder-el-2  el_after_av_one_full  el_before_av_one_full  column-top-margin\" style='border-radius:0px; '><section class=\"av_textblock_section \"  itemscope=\"itemscope\" itemtype=\"https:\/\/schema.org\/BlogPosting\" itemprop=\"blogPost\" ><div class='avia_textblock  '   itemprop=\"text\" ><p style=\"text-align: center;\"><strong>\u00a0<span style=\"font-size: 18pt;\">Caleta Tortel cuenta con punto de atenci\u00f3n virtual IPS ChileAtiende<\/span><\/strong><\/p>\n<div id=\"gtx-trans\" style=\"position: absolute; left: -50px; top: 4.31534px;\">\n<div class=\"gtx-trans-icon\"><\/div>\n<\/div>\n<\/div><\/section><\/div><div class=\"flex_column av_one_full  flex_column_div av-zero-column-padding first  avia-builder-el-4  el_after_av_one_full  el_before_av_hr  column-top-margin\" style='border-radius:0px; '><section class=\"av_textblock_section \"  itemscope=\"itemscope\" itemtype=\"https:\/\/schema.org\/BlogPosting\" itemprop=\"blogPost\" ><div class='avia_textblock  '   itemprop=\"text\" ><p style=\"text-align: justify;\"><em>Se trata del quinto inaugurado en nuestra regi\u00f3n, y con \u00e9l, IPS marca presencia en las diez comunas de Ays\u00e9n.<\/em><\/p>\n<p style=\"text-align: justify;\">Con la presencia de autoridades regionales y comunales, adem\u00e1s de dirigentes sociales y vecinales, se llev\u00f3 a cabo en Tortel, la inauguraci\u00f3n del quinto Punto de Atenci\u00f3n Virtual Municipal del IPS. La ceremonia marc\u00f3 un importante hito para la comunidad que ya puede acceder a m\u00e1s de 18 tr\u00e1mites del Instituto de Previsi\u00f3n Social y su Red ChileAtiende, sin necesidad de trasladarse a Cochrane o Coyhaique.<\/p>\n<p style=\"text-align: justify;\">As\u00ed lo destac\u00f3 la delegada presidencial provincial de Capit\u00e1n Prat, Marta Montiel, quien hizo hincapi\u00e9 en la relevancia de la instalaci\u00f3n de este nuevo servicio.<\/p>\n<p style=\"text-align: justify;\">Sumado al de Villa O\u2019Higgins, se trata del segundo Punto de Atenci\u00f3n Virtual Municipal en la provincia, dando as\u00ed cobertura del Instituto de Previsi\u00f3n Social a las tres comunas de Capit\u00e1n Prat. \u201cEstamos siendo testigos de este nuevo punto, que viene a concretar adem\u00e1s las tres provincias con atenci\u00f3n del IPS para los vecinos, con una gran alianza, a trav\u00e9s de los municipios.\u00a0 Sin duda esto nos va a permitir tambi\u00e9n que los vecinos no deban disponer de tiempos de viaje ni de los costos que esto significa, hacia la capital provincial. Estamos dando cuenta en la pr\u00e1ctica y con hechos, de medidas de descentralizaci\u00f3n, de entregar la informaci\u00f3n a tiempo a nuestros vecinos y vecinas\u201d, enfatiz\u00f3 Montiel.<\/p>\n<p style=\"text-align: justify;\">La iniciativa se enmarca en un proyecto nacional del Instituto de Previsi\u00f3n Social y tiene como objetivo acercar los servicios del Estado a las comunas y localidades m\u00e1s aisladas. En este contexto, la seremi del Trabajo y Previsi\u00f3n Social, Camila Covarrubias, puso \u00e9nfasis en la importancia que este proyecto tiene para el Estado chileno, se\u00f1alando que \u201ccomo Gobierno de Chile y como Ministerio del Trabajo y Previsi\u00f3n Social estamos muy contentos de estar presentes hoy en Caleta Tortel, porque podemos llegar directamente a las personas para que puedan realizar tr\u00e1mites y acceder a los beneficios del Estado. Sabemos que para quienes habitamos la regi\u00f3n de Ays\u00e9n, muchas veces es dif\u00edcil llegar a los servicios p\u00fablicos, por lo tanto, estar hoy d\u00eda presentes ac\u00e1 en la comuna, es un tremendo beneficio para todos y todas\u201d, expres\u00f3.<\/p>\n<p style=\"text-align: justify;\">Para realzar este hito, se hizo tambi\u00e9n presente, a trav\u00e9s de un saludo virtual, el director nacional del IPS, Juan Jos\u00e9 C\u00e1rcamo, quien agradeci\u00f3 y destac\u00f3 la labor de todas y todos quienes hicieron posible que este Punto de Atenci\u00f3n Virtual se concretara. \u201cEsto significa que a partir de hoy ustedes ya tienen una oficina directamente en su comuna. Se van a poder conectar directamente con nosotros y van a poder acceder a m\u00faltiples tr\u00e1mites del Estado\u201d, se\u00f1al\u00f3<\/p>\n<p style=\"text-align: justify;\">Este quinto Punto de Atenci\u00f3n Virtual Municipal de la regi\u00f3n y n\u00famero 41 a nivel nacional, es fruto de un trabajo conjunto entre el IPS y el municipio tortelino. En esa l\u00ednea, el alcalde Becerra, valor\u00f3 la inauguraci\u00f3n de este servicio calific\u00e1ndolo como un hito para las vecinas y vecinos de la comuna. \u201cLo que ocurre con este Punto de Atenci\u00f3n Virtual es que, efectivamente, van a ser atendidos por un funcionario que va a estar del otro lado de la pantalla, y que le va a dar la misma respuesta que le dar\u00eda el funcionario de Cochrane o de la capital regional, en Coyhaique. As\u00ed es que muy contentos, porque eso es lo que siempre hemos buscado como administraci\u00f3n, traer los servicios a la comuna y que el Estado est\u00e9 m\u00e1s presente en las comunas extremas, como es Caleta Tortel\u201d, manifest\u00f3.<\/p>\n<p style=\"text-align: justify;\">Por su parte, el director regional del Instituto de Previsi\u00f3n Social, Rodrigo D\u00edaz Cordaro, destac\u00f3 la alianza con el municipio, agradeciendo la disposici\u00f3n de todo el equipo que encabeza la m\u00e1xima autoridad comunal. \u201cYo quiero agradecer al alcalde Abel Becerra, por su apoyo desde que le planteamos esta posibilidad\u201d, indic\u00f3.<\/p>\n<p style=\"text-align: justify;\">De igual modo, relev\u00f3 la presencia de las autoridades regionales \u201cporque en el fondo ah\u00ed vemos la importancia que el Gobierno de Chile le da a este Punto de\u00a0 Atenci\u00f3n Virtual que viene a acercar el Estado a los ciudadanos de Tortel\u201d, a\u00f1adi\u00f3.<\/p>\n<p style=\"text-align: justify;\">El nuevo canal de atenci\u00f3n funciona en las instalaciones del departamento social de la municipalidad, de lunes a viernes, en horario de 9:00 a 13:00 horas. En dichas dependencias, la atenci\u00f3n est\u00e1 a cargo de las funcionarias Patricia Ram\u00edrez, Daniela Lang y Mar\u00eda Jos\u00e9 Farf\u00e1n, quienes apoyan a las y los requirentes del servicio conect\u00e1ndoles a la Sucursal Virtual de IPS ChileAtiende, para que as\u00ed puedan acceder a los tr\u00e1mites que ah\u00ed se encuentran disponibles.<\/p>\n<p style=\"text-align: justify;\">As\u00ed lo relat\u00f3 Mar\u00eda Jos\u00e9 Farf\u00e1n. Para la trabajadora social, se trata de un servicio muy valioso para quienes habitan en la localidad. \u201cPara nosotras ha sido muy importante poder tener el Punto Virtual del IPS dado que acerca los tr\u00e1mites a nuestra comunidad; pensando principalmente en aquellas familias que se deben trasladar a la comuna de Cochrane para realizar sus tr\u00e1mites. Este es un beneficio <em>que apunta<\/em> directamente hacia nuestra comunidad y ha sido bastante efectivo\u201d, concluy\u00f3.<\/p>\n<p style=\"text-align: justify;\">La ceremonia tuvo lugar en el Sal\u00f3n del Concejo Municipal, donde una treintena de personas se dieron cita para reconocer los frutos del trabajo mancomunado del municipio y del Instituto de Previsi\u00f3n Social \u2013 IPS ChileAtiende.<\/p>\n<p style=\"text-align: justify;\"><em>Los tr\u00e1mites y documentos disponibles a trav\u00e9s del Punto de Atenci\u00f3n Virtual Municipal:<\/em><\/p>\n<ul style=\"text-align: justify;\">\n<li><em>Bono Bodas de Oro.<\/em><\/li>\n<li><em>Bono por Hijo.<\/em><\/li>\n<li><em>Bonificaci\u00f3n de la cotizaci\u00f3n obligatoria de salud (7%).<\/em><\/li>\n<li><em>Liquidaci\u00f3n de pensi\u00f3n o beneficio.<\/em><\/li>\n<li><em>Certificado de Ley de renta de pensionados.<\/em><\/li>\n<li><em>Afiliaci\u00f3n a Fonasa.<\/em><\/li>\n<li><em>Modificaci\u00f3n de forma de pago para beneficiarios del IPS.<\/em><\/li>\n<li><em>Pensi\u00f3n Garantizada Universal (PGU).<\/em><\/li>\n<li><em>Autorizaci\u00f3n para cobrar beneficios de previsi\u00f3n social a trav\u00e9s de un apoderado.<\/em><\/li>\n<li><em>Inscripci\u00f3n de cuenta bancaria para saldo a favor del empleador.<\/em><\/li>\n<li><em>Extinci\u00f3n de cargas para Asignaci\u00f3n Familiar.<\/em><\/li>\n<li><em>Reconocimiento de cargas para Asignaci\u00f3n Familiar (trabajadores independientes).<\/em><\/li>\n<li><em>Reconocimiento de cargas para Asignaci\u00f3n Familiar (trabajadores dependientes).<\/em><\/li>\n<li><em>Incorporaci\u00f3n de una carga de salud a Fonasa.<\/em><\/li>\n<li><em>Certificaci\u00f3n de supervivencia IPS para chilenos en el exterior.<\/em><\/li>\n<li><em>Subsidio de Discapacidad para menores de 18 a\u00f1os.<\/em><\/li>\n<li><em>Cartola Hogar.<\/em><\/li>\n<li><em>Certificado de persona cuidadora.<\/em><\/li>\n<\/ul>\n<p style=\"text-align: justify;\">Para m\u00e1s informaci\u00f3n y consultas, est\u00e1n disponibles los sitios www.chileatiende.cl, las redes sociales @ChileAtiende en Facebook, X (ex Twitter) e Instagram y el Call Center 101.<\/p>\n<\/div><\/section><\/div><div  style='height:50px' class='hr hr-invisible   avia-builder-el-6  el_after_av_one_full  el_before_av_social_share '><span class='hr-inner ' ><span class='hr-inner-style'><\/span><\/span><\/div><\/p>\n<div  class='av-social-sharing-box  avia-builder-el-7  el_after_av_hr  el_before_av_hr  '><div class='av-share-box'><h5 class='av-share-link-description av-no-toc '>Compartir esta noticia<\/h5><ul class='av-share-box-list noLightbox'><li class='av-share-link av-social-link-facebook' ><a target=\"_blank\" aria-label=\"Compartir en Facebook\" href='https:\/\/www.facebook.com\/sharer.php?u=https:\/\/radiorevelacionfm.cl\/?p=48338&#038;t=Caleta%20Tortel%20cuenta%20con%20punto%20de%20atenci%C3%B3n%20virtual%20IPS%20ChileAtiende' aria-hidden='false' data-av_icon='\ue8f3' data-av_iconfont='entypo-fontello' title='' data-avia-related-tooltip='Compartir en Facebook' rel=\"noopener\"><span class='avia_hidden_link_text'>Compartir en Facebook<\/span><\/a><\/li><li class='av-share-link av-social-link-twitter' ><a target=\"_blank\" aria-label=\"Compartir en Twitter\" href='https:\/\/twitter.com\/share?text=Caleta%20Tortel%20cuenta%20con%20punto%20de%20atenci%C3%B3n%20virtual%20IPS%20ChileAtiende&#038;url=https:\/\/radiorevelacionfm.cl\/?p=48338' aria-hidden='false' data-av_icon='\ue8f1' data-av_iconfont='entypo-fontello' title='' data-avia-related-tooltip='Compartir en Twitter' rel=\"noopener\"><span class='avia_hidden_link_text'>Compartir en Twitter<\/span><\/a><\/li><li class='av-share-link av-social-link-whatsapp' ><a target=\"_blank\" aria-label=\"Compartir en Whatsapp\" href='https:\/\/api.whatsapp.com\/send?text=https:\/\/radiorevelacionfm.cl\/?p=48338' aria-hidden='false' data-av_icon='\uf232' data-av_iconfont='entypo-fontello' title='' data-avia-related-tooltip='Compartir en Whatsapp' rel=\"noopener\"><span class='avia_hidden_link_text'>Compartir en Whatsapp<\/span><\/a><\/li><li class='av-share-link av-social-link-linkedin' ><a target=\"_blank\" aria-label=\"Compartir en LinkedIn\" href='https:\/\/linkedin.com\/shareArticle?mini=true&#038;title=Caleta%20Tortel%20cuenta%20con%20punto%20de%20atenci%C3%B3n%20virtual%20IPS%20ChileAtiende&#038;url=https:\/\/radiorevelacionfm.cl\/?p=48338' aria-hidden='false' data-av_icon='\ue8fc' data-av_iconfont='entypo-fontello' title='' data-avia-related-tooltip='Compartir en LinkedIn' rel=\"noopener\"><span class='avia_hidden_link_text'>Compartir en LinkedIn<\/span><\/a><\/li><li class='av-share-link av-social-link-mail' ><a  aria-label=\"Compartir por correo\" href='mailto:?subject=Caleta%20Tortel%20cuenta%20con%20punto%20de%20atenci%C3%B3n%20virtual%20IPS%20ChileAtiende&#038;body=https:\/\/radiorevelacionfm.cl\/?p=48338' aria-hidden='false' data-av_icon='\ue805' data-av_iconfont='entypo-fontello' title='' data-avia-related-tooltip='Compartir por correo'><span class='avia_hidden_link_text'>Compartir por correo<\/span><\/a><\/li><\/ul><\/div><\/div>\n<div  style='height:50px' class='hr hr-invisible   avia-builder-el-8  el_after_av_social_share  el_before_av_comments_list '><span class='hr-inner ' ><span class='hr-inner-style'><\/span><\/span><\/div>\n<div  class='av-buildercomment  av-blog-meta-html-info-disabled av-blog-meta-tag-disabled  '><\/div>\n","protected":false},"excerpt":{"rendered":"","protected":false},"author":1,"featured_media":48339,"comment_status":"open","ping_status":"open","sticky":false,"template":"","format":"standard","meta":{"footnotes":""},"categories":[38],"tags":[],"class_list":["post-48338","post","type-post","status-publish","format-standard","has-post-thumbnail","hentry","category-regional"],"jetpack_featured_media_url":"https:\/\/radiorevelacionfm.cl\/wp-content\/uploads\/2024\/11\/corte-de-cinta-2_optimized.jpg","_links":{"self":[{"href":"https:\/\/radiorevelacionfm.cl\/index.php?rest_route=\/wp\/v2\/posts\/48338","targetHints":{"allow":["GET"]}}],"collection":[{"href":"https:\/\/radiorevelacionfm.cl\/index.php?rest_route=\/wp\/v2\/posts"}],"about":[{"href":"https:\/\/radiorevelacionfm.cl\/index.php?rest_route=\/wp\/v2\/types\/post"}],"author":[{"embeddable":true,"href":"https:\/\/radiorevelacionfm.cl\/index.php?rest_route=\/wp\/v2\/users\/1"}],"replies":[{"embeddable":true,"href":"https:\/\/radiorevelacionfm.cl\/index.php?rest_route=%2Fwp%2Fv2%2Fcomments&post=48338"}],"version-history":[{"count":1,"href":"https:\/\/radiorevelacionfm.cl\/index.php?rest_route=\/wp\/v2\/posts\/48338\/revisions"}],"predecessor-version":[{"id":48340,"href":"https:\/\/radiorevelacionfm.cl\/index.php?rest_route=\/wp\/v2\/posts\/48338\/revisions\/48340"}],"wp:featuredmedia":[{"embeddable":true,"href":"https:\/\/radiorevelacionfm.cl\/index.php?rest_route=\/wp\/v2\/media\/48339"}],"wp:attachment":[{"href":"https:\/\/radiorevelacionfm.cl\/index.php?rest_route=%2Fwp%2Fv2%2Fmedia&parent=48338"}],"wp:term":[{"taxonomy":"category","embeddable":true,"href":"https:\/\/radiorevelacionfm.cl\/index.php?rest_route=%2Fwp%2Fv2%2Fcategories&post=48338"},{"taxonomy":"post_tag","embeddable":true,"href":"https:\/\/radiorevelacionfm.cl\/index.php?rest_route=%2Fwp%2Fv2%2Ftags&post=48338"}],"curies":[{"name":"wp","href":"https:\/\/api.w.org\/{rel}","templated":true}]}}