{"id":48334,"date":"2024-11-27T22:05:38","date_gmt":"2024-11-28T01:05:38","guid":{"rendered":"https:\/\/radiorevelacionfm.cl\/?p=48334"},"modified":"2024-12-02T12:06:01","modified_gmt":"2024-12-02T15:06:01","slug":"en-que-fijarse-sernac-entrega-recomendaciones-para-compras-en-el-proximo-black-friday","status":"publish","type":"post","link":"https:\/\/radiorevelacionfm.cl\/?p=48334","title":{"rendered":"\u00bfEn qu\u00e9 fijarse?: Sernac entrega recomendaciones para compras en el pr\u00f3ximo Black Friday"},"content":{"rendered":"<div class=\"flex_column av_one_full  flex_column_div av-zero-column-padding first  avia-builder-el-0  el_before_av_one_full  avia-builder-el-first  \" style='border-radius:0px; '><div  class='avia-image-container  av-styling-    avia-builder-el-1  avia-builder-el-no-sibling  avia-align-center '  itemprop=\"image\" itemscope=\"itemscope\" itemtype=\"https:\/\/schema.org\/ImageObject\"  ><div class='avia-image-container-inner'><div class='avia-image-overlay-wrap'><img decoding=\"async\" class='wp-image-48335 avia-img-lazy-loading-not-48335 avia_image' src=\"https:\/\/radiorevelacionfm.cl\/wp-content\/uploads\/2024\/11\/BLACK-FRIDAY-recomendaciones-2-2.jpg\" alt='' title='BLACK FRIDAY recomendaciones-2-2' height=\"600\" width=\"900\"  itemprop=\"thumbnailUrl\" srcset=\"https:\/\/radiorevelacionfm.cl\/wp-content\/uploads\/2024\/11\/BLACK-FRIDAY-recomendaciones-2-2.jpg 900w, https:\/\/radiorevelacionfm.cl\/wp-content\/uploads\/2024\/11\/BLACK-FRIDAY-recomendaciones-2-2-300x200.jpg 300w, https:\/\/radiorevelacionfm.cl\/wp-content\/uploads\/2024\/11\/BLACK-FRIDAY-recomendaciones-2-2-768x512.jpg 768w, https:\/\/radiorevelacionfm.cl\/wp-content\/uploads\/2024\/11\/BLACK-FRIDAY-recomendaciones-2-2-705x470.jpg 705w, https:\/\/radiorevelacionfm.cl\/wp-content\/uploads\/2024\/11\/BLACK-FRIDAY-recomendaciones-2-2-450x300.jpg 450w, https:\/\/radiorevelacionfm.cl\/wp-content\/uploads\/2024\/11\/BLACK-FRIDAY-recomendaciones-2-2-600x400.jpg 600w\" sizes=\"(max-width: 900px) 100vw, 900px\" \/><\/div><\/div><\/div><\/div><div class=\"flex_column av_one_full  flex_column_div av-zero-column-padding first  avia-builder-el-2  el_after_av_one_full  el_before_av_one_full  column-top-margin\" style='border-radius:0px; '><section class=\"av_textblock_section \"  itemscope=\"itemscope\" itemtype=\"https:\/\/schema.org\/BlogPosting\" itemprop=\"blogPost\" ><div class='avia_textblock  '   itemprop=\"text\" ><p style=\"text-align: center;\"><strong><span style=\"font-size: 18pt;\">\u00bfEn qu\u00e9 fijarse?: Sernac entrega recomendaciones para compras en el pr\u00f3ximo Black Friday<\/span><\/strong><\/p>\n<div id=\"gtx-trans\" style=\"position: absolute; left: -50px; top: 4.31534px;\">\n<div class=\"gtx-trans-icon\"><\/div>\n<\/div>\n<\/div><\/section><\/div><div class=\"flex_column av_one_full  flex_column_div av-zero-column-padding first  avia-builder-el-4  el_after_av_one_full  el_before_av_hr  column-top-margin\" style='border-radius:0px; '><section class=\"av_textblock_section \"  itemscope=\"itemscope\" itemtype=\"https:\/\/schema.org\/BlogPosting\" itemprop=\"blogPost\" ><div class='avia_textblock  '   itemprop=\"text\" ><p><em>Las y los consumidores tienen derecho a que las empresas cumplan al pie de la letra con todas las condiciones ofrecidas.<\/em><\/p>\n<p><em>Todos los productos adquiridos en el comercio formal cuentan con garant\u00eda legal y derecho a retracto, en compras por internet.<\/em><\/p>\n<p style=\"text-align: justify;\">A solo d\u00edas de que se realice un nuevo Black Friday, es importante que las y los consumidores que se aprestan a realizar compras en este evento conozcan sus derechos y sepan c\u00f3mo exigirlos.<\/p>\n<p style=\"text-align: justify;\">Seg\u00fan la informaci\u00f3n de la C\u00e1mara de Comercio de Santiago (CCS), en esta versi\u00f3n del Black Friday, participar\u00e1n 2.100 tiendas f\u00edsicas y 562 online, las que se podr\u00e1n encontrar en la p\u00e1gina <a href=\"http:\/\/cyber.cl\/blackfriday\"><strong>Cyber.cl\/blackfriday<\/strong><\/a><strong>.<\/strong><\/p>\n<p style=\"text-align: justify;\">En este sentido, la principal recomendaci\u00f3n es que las personas consumidoras accedan a trav\u00e9s de la p\u00e1gina oficial del evento a las tiendas de su preferencia, ya que en ella se agrupa a los sitios que cumplen con los est\u00e1ndares de seguridad y protecci\u00f3n de los consumidores.<\/p>\n<p style=\"text-align: justify;\">Adem\u00e1s, como ser\u00e1n diversas las ofertas que ofrecer\u00e1n las empresas durante este evento digital, las y los consumidores deben saber que tienen derecho a que se <strong>informe y respete el precio final<\/strong> y se <strong>cumplan al pie de la letra con todas las condiciones ofrecidas<\/strong>, por ejemplo, lo que se promete en la publicidad y en las promociones y ofertas.<\/p>\n<p style=\"text-align: justify;\"><strong>\u00bfQU\u00c9 OCURRE CON LAS COMPRAS REALIZADAS POR INTERNET?<\/strong><\/p>\n<p style=\"text-align: justify;\">Cuando las y los consumidores realizan compras por internet tienen los mismos derechos que cuando se realizan de forma f\u00edsica.<\/p>\n<p style=\"text-align: justify;\">Adicionalmente, el <strong>Reglamento de Comercio Electr\u00f3nico<\/strong> que entrega una serie de disposiciones espec\u00edficas. Por ejemplo, dispone que las empresas deben informar la inexistencia de stock de los productos, es decir, establece el deber de informar que no existen unidades disponibles antes de la compra, con el prop\u00f3sito de poner fin a la anulaci\u00f3n de venta por falta de stock.<\/p>\n<p style=\"text-align: justify;\">Adem\u00e1s, el reglamento tambi\u00e9n regula temas relativos al despacho. Por ejemplo, las empresas deben indicar el costo total del despacho o entrega, de forma desglosada del precio del producto, tiempo de entrega y\/o la fecha en que estar\u00e1 disponible para su retiro<\/p>\n<p style=\"text-align: justify;\">Al tratarse de servicios, los proveedores deber\u00e1n informar en los mismos t\u00e9rminos a las y los consumidores sobre los medios, plazos, formas y lugares en que el servicio podr\u00e1 ser prestado, ya sea fuera o en dependencias de la empresa.<\/p>\n<p style=\"text-align: justify;\"><strong>CONSEJOS EN LA RECEPCI\u00d3N DE LA COMPRA<\/strong><\/p>\n<p style=\"text-align: justify;\">Al recibir un paquete es importante fijarse en que el envoltorio del paquete se encuentre en buenas condiciones, sin signos visibles de da\u00f1o, como abolladuras, aperturas o rasgaduras que puedan dar cuenta de una posible alteraci\u00f3n al producto o falta de cuidado en su transporte.<\/p>\n<p style=\"text-align: justify;\">Adem\u00e1s, si el producto contiene sellos de seguridad, debes fijarte en que se encuentren inalterados, sin signos de manipulaci\u00f3n.<\/p>\n<p style=\"text-align: justify;\">Adicionalmente, se recomienda comprobar que el producto est\u00e9 en perfectas condiciones, sin da\u00f1os ni desperfectos, especialmente si se trata de art\u00edculos fr\u00e1giles o electr\u00f3nicos. Si encuentras alg\u00fan problema, documenta con fotos y avisa a la empresa lo antes posible para gestionar oportunamente su cambio, devoluci\u00f3n o reparaci\u00f3n.<\/p>\n<p style=\"text-align: justify;\"><strong>GARANT\u00cdA LEGAL Y DERECHO A RETRACTO<\/strong><\/p>\n<p style=\"text-align: justify;\">Todos los productos adquiridos en el comercio formal cuentan con garant\u00eda legal.<\/p>\n<p style=\"text-align: justify;\"><strong>Garant\u00eda legal:<\/strong> Es un derecho que aplica cuando compras un producto nuevo que viene defectuoso, le faltan piezas o partes o no es apto para el uso que fue destinado, entre otras situaciones que menciona la Ley del Consumidor.<\/p>\n<p style=\"text-align: justify;\">Si compraste un producto nuevo y sali\u00f3 defectuoso, en un periodo de 6 meses puedes elegir entre 3 alternativas: devoluci\u00f3n del dinero, cambio del producto o reparaci\u00f3n gratuita.<\/p>\n<p style=\"text-align: justify;\">En caso de que estos hayan sido comprados de manera online, tambi\u00e9n cuentan con <strong>derecho a retracto<\/strong>.<\/p>\n<p style=\"text-align: justify;\"><strong>Derecho a retracto:<\/strong> El derecho de retracto permite arrepentirse y terminar un contrato dentro de los primeros 10 d\u00edas desde su aceptaci\u00f3n y recepci\u00f3n del producto.<\/p>\n<p style=\"text-align: justify;\"><strong>\u00bfC\u00d3MO RECLAMAR?<\/strong><\/p>\n<p style=\"text-align: justify;\">En caso de que las y los consumidores presenten alg\u00fan problema con su compra en este contexto u otro, pueden ingresar sus reclamos directamente en SERNAC.cl, llamando gratuitamente al 800 700 100 o presencialmente en las oficinas regionales.<\/p>\n<\/div><\/section><\/div><div  style='height:50px' class='hr hr-invisible   avia-builder-el-6  el_after_av_one_full  el_before_av_social_share '><span class='hr-inner ' ><span class='hr-inner-style'><\/span><\/span><\/div><\/p>\n<div  class='av-social-sharing-box  avia-builder-el-7  el_after_av_hr  el_before_av_hr  '><div class='av-share-box'><h5 class='av-share-link-description av-no-toc '>Compartir esta noticia<\/h5><ul class='av-share-box-list noLightbox'><li class='av-share-link av-social-link-facebook' ><a target=\"_blank\" aria-label=\"Compartir en Facebook\" href='https:\/\/www.facebook.com\/sharer.php?u=https:\/\/radiorevelacionfm.cl\/?p=48334&#038;t=%C2%BFEn%20qu%C3%A9%20fijarse%3F%3A%20Sernac%20entrega%20recomendaciones%20para%20compras%20en%20el%20pr%C3%B3ximo%20Black%20Friday' aria-hidden='false' data-av_icon='\ue8f3' data-av_iconfont='entypo-fontello' title='' data-avia-related-tooltip='Compartir en Facebook' rel=\"noopener\"><span class='avia_hidden_link_text'>Compartir en Facebook<\/span><\/a><\/li><li class='av-share-link av-social-link-twitter' ><a target=\"_blank\" aria-label=\"Compartir en Twitter\" href='https:\/\/twitter.com\/share?text=%C2%BFEn%20qu%C3%A9%20fijarse%3F%3A%20Sernac%20entrega%20recomendaciones%20para%20compras%20en%20el%20pr%C3%B3ximo%20Black%20Friday&#038;url=https:\/\/radiorevelacionfm.cl\/?p=48334' aria-hidden='false' data-av_icon='\ue8f1' data-av_iconfont='entypo-fontello' title='' data-avia-related-tooltip='Compartir en Twitter' rel=\"noopener\"><span class='avia_hidden_link_text'>Compartir en Twitter<\/span><\/a><\/li><li class='av-share-link av-social-link-whatsapp' ><a target=\"_blank\" aria-label=\"Compartir en Whatsapp\" href='https:\/\/api.whatsapp.com\/send?text=https:\/\/radiorevelacionfm.cl\/?p=48334' aria-hidden='false' data-av_icon='\uf232' data-av_iconfont='entypo-fontello' title='' data-avia-related-tooltip='Compartir en Whatsapp' rel=\"noopener\"><span class='avia_hidden_link_text'>Compartir en Whatsapp<\/span><\/a><\/li><li class='av-share-link av-social-link-linkedin' ><a target=\"_blank\" aria-label=\"Compartir en LinkedIn\" href='https:\/\/linkedin.com\/shareArticle?mini=true&#038;title=%C2%BFEn%20qu%C3%A9%20fijarse%3F%3A%20Sernac%20entrega%20recomendaciones%20para%20compras%20en%20el%20pr%C3%B3ximo%20Black%20Friday&#038;url=https:\/\/radiorevelacionfm.cl\/?p=48334' aria-hidden='false' data-av_icon='\ue8fc' data-av_iconfont='entypo-fontello' title='' data-avia-related-tooltip='Compartir en LinkedIn' rel=\"noopener\"><span class='avia_hidden_link_text'>Compartir en LinkedIn<\/span><\/a><\/li><li class='av-share-link av-social-link-mail' ><a  aria-label=\"Compartir por correo\" href='mailto:?subject=%C2%BFEn%20qu%C3%A9%20fijarse%3F%3A%20Sernac%20entrega%20recomendaciones%20para%20compras%20en%20el%20pr%C3%B3ximo%20Black%20Friday&#038;body=https:\/\/radiorevelacionfm.cl\/?p=48334' aria-hidden='false' data-av_icon='\ue805' data-av_iconfont='entypo-fontello' title='' data-avia-related-tooltip='Compartir por correo'><span class='avia_hidden_link_text'>Compartir por correo<\/span><\/a><\/li><\/ul><\/div><\/div>\n<div  style='height:50px' class='hr hr-invisible   avia-builder-el-8  el_after_av_social_share  el_before_av_comments_list '><span class='hr-inner ' ><span class='hr-inner-style'><\/span><\/span><\/div>\n<div  class='av-buildercomment  av-blog-meta-html-info-disabled av-blog-meta-tag-disabled  '><\/div>\n","protected":false},"excerpt":{"rendered":"","protected":false},"author":1,"featured_media":48335,"comment_status":"open","ping_status":"open","sticky":false,"template":"","format":"standard","meta":{"footnotes":""},"categories":[45],"tags":[],"class_list":["post-48334","post","type-post","status-publish","format-standard","has-post-thumbnail","hentry","category-comercio"],"jetpack_featured_media_url":"https:\/\/radiorevelacionfm.cl\/wp-content\/uploads\/2024\/11\/BLACK-FRIDAY-recomendaciones-2-2.jpg","_links":{"self":[{"href":"https:\/\/radiorevelacionfm.cl\/index.php?rest_route=\/wp\/v2\/posts\/48334","targetHints":{"allow":["GET"]}}],"collection":[{"href":"https:\/\/radiorevelacionfm.cl\/index.php?rest_route=\/wp\/v2\/posts"}],"about":[{"href":"https:\/\/radiorevelacionfm.cl\/index.php?rest_route=\/wp\/v2\/types\/post"}],"author":[{"embeddable":true,"href":"https:\/\/radiorevelacionfm.cl\/index.php?rest_route=\/wp\/v2\/users\/1"}],"replies":[{"embeddable":true,"href":"https:\/\/radiorevelacionfm.cl\/index.php?rest_route=%2Fwp%2Fv2%2Fcomments&post=48334"}],"version-history":[{"count":1,"href":"https:\/\/radiorevelacionfm.cl\/index.php?rest_route=\/wp\/v2\/posts\/48334\/revisions"}],"predecessor-version":[{"id":48336,"href":"https:\/\/radiorevelacionfm.cl\/index.php?rest_route=\/wp\/v2\/posts\/48334\/revisions\/48336"}],"wp:featuredmedia":[{"embeddable":true,"href":"https:\/\/radiorevelacionfm.cl\/index.php?rest_route=\/wp\/v2\/media\/48335"}],"wp:attachment":[{"href":"https:\/\/radiorevelacionfm.cl\/index.php?rest_route=%2Fwp%2Fv2%2Fmedia&parent=48334"}],"wp:term":[{"taxonomy":"category","embeddable":true,"href":"https:\/\/radiorevelacionfm.cl\/index.php?rest_route=%2Fwp%2Fv2%2Fcategories&post=48334"},{"taxonomy":"post_tag","embeddable":true,"href":"https:\/\/radiorevelacionfm.cl\/index.php?rest_route=%2Fwp%2Fv2%2Ftags&post=48334"}],"curies":[{"name":"wp","href":"https:\/\/api.w.org\/{rel}","templated":true}]}}