{"id":48331,"date":"2024-11-28T09:55:27","date_gmt":"2024-11-28T12:55:27","guid":{"rendered":"https:\/\/radiorevelacionfm.cl\/?p=48331"},"modified":"2024-11-28T09:55:27","modified_gmt":"2024-11-28T12:55:27","slug":"premian-al-jardin-infantil-hielito-azul-de-villa-ohiggins-por-su-compromiso-con-la-eficiencia-energetica","status":"publish","type":"post","link":"https:\/\/radiorevelacionfm.cl\/?p=48331","title":{"rendered":"Premian al jard\u00edn infantil Hielito Azul de Villa O\u2019Higgins por su compromiso con la eficiencia energ\u00e9tica"},"content":{"rendered":"<div class=\"flex_column av_one_full  flex_column_div av-zero-column-padding first  avia-builder-el-0  el_before_av_one_full  avia-builder-el-first  \" style='border-radius:0px; '><div  class='avia-image-container  av-styling-    avia-builder-el-1  avia-builder-el-no-sibling  avia-align-center '  itemprop=\"image\" itemscope=\"itemscope\" itemtype=\"https:\/\/schema.org\/ImageObject\"  ><div class='avia-image-container-inner'><div class='avia-image-overlay-wrap'><img decoding=\"async\" class='wp-image-48332 avia-img-lazy-loading-not-48332 avia_image' src=\"https:\/\/radiorevelacionfm.cl\/wp-content\/uploads\/2024\/11\/eficiencia-energetica0-2-2_optimized.jpeg\" alt='' title='eficiencia-energ\u00e9tica0-2-2_optimized' height=\"600\" width=\"800\"  itemprop=\"thumbnailUrl\" srcset=\"https:\/\/radiorevelacionfm.cl\/wp-content\/uploads\/2024\/11\/eficiencia-energetica0-2-2_optimized.jpeg 800w, https:\/\/radiorevelacionfm.cl\/wp-content\/uploads\/2024\/11\/eficiencia-energetica0-2-2_optimized-300x225.jpeg 300w, https:\/\/radiorevelacionfm.cl\/wp-content\/uploads\/2024\/11\/eficiencia-energetica0-2-2_optimized-768x576.jpeg 768w, https:\/\/radiorevelacionfm.cl\/wp-content\/uploads\/2024\/11\/eficiencia-energetica0-2-2_optimized-705x529.jpeg 705w, https:\/\/radiorevelacionfm.cl\/wp-content\/uploads\/2024\/11\/eficiencia-energetica0-2-2_optimized-450x338.jpeg 450w, https:\/\/radiorevelacionfm.cl\/wp-content\/uploads\/2024\/11\/eficiencia-energetica0-2-2_optimized-600x450.jpeg 600w\" sizes=\"(max-width: 800px) 100vw, 800px\" \/><\/div><\/div><\/div><\/div><div class=\"flex_column av_one_full  flex_column_div av-zero-column-padding first  avia-builder-el-2  el_after_av_one_full  el_before_av_one_full  column-top-margin\" style='border-radius:0px; '><section class=\"av_textblock_section \"  itemscope=\"itemscope\" itemtype=\"https:\/\/schema.org\/BlogPosting\" itemprop=\"blogPost\" ><div class='avia_textblock  '   itemprop=\"text\" ><p style=\"text-align: center;\"><strong><span style=\"font-size: 18pt;\">Premian al jard\u00edn infantil Hielito Azul de Villa O\u2019Higgins por su compromiso con la eficiencia energ\u00e9tica<\/span><\/strong><\/p>\n<div id=\"gtx-trans\" style=\"position: absolute; left: -50px; top: 4.31534px;\">\n<div class=\"gtx-trans-icon\"><\/div>\n<\/div>\n<\/div><\/section><\/div><div class=\"flex_column av_one_full  flex_column_div av-zero-column-padding first  avia-builder-el-4  el_after_av_one_full  el_before_av_hr  column-top-margin\" style='border-radius:0px; '><section class=\"av_textblock_section \"  itemscope=\"itemscope\" itemtype=\"https:\/\/schema.org\/BlogPosting\" itemprop=\"blogPost\" ><div class='avia_textblock  '   itemprop=\"text\" ><p style=\"text-align: justify;\"><em>Un MiniLab lleg\u00f3 a Villa O\u2019Higgins para educar e inspirar a los m\u00e1s peque\u00f1os en el cuidado de la energ\u00eda.<\/em><\/p>\n<p style=\"text-align: justify;\">Enmarcados en el programa de \u201cEscuelas con Energ\u00eda\u201d de Grupo Saesa, Edelaysen destac\u00f3 el esfuerzo y compromiso del Jard\u00edn Infantil Hielito Azul de la comuna m\u00e1s austral de la regi\u00f3n de Ays\u00e9n en O`Higgins, quienes fueron los ganadores del concurso de eficiencia energ\u00e9tica. Como premio, la instituci\u00f3n recibi\u00f3 un Minilab: laboratorio m\u00f3vil con material did\u00e1ctico especialmente dise\u00f1ado para ense\u00f1ar a los ni\u00f1os la importancia del uso responsable de la energ\u00eda y fomentar el aprendizaje a trav\u00e9s del juego.<\/p>\n<p style=\"text-align: justify;\">Yasna Vera, ejecutiva de Edelaysen destac\u00f3:\u00a0\u201cEn Edelaysen estamos convencidos de que educar a las nuevas generaciones es esencial para construir un futuro sostenible. Este Minilab no solo les permitir\u00e1 aprender sobre el uso eficiente de la energ\u00eda, sino que tambi\u00e9n fomentar\u00e1 valores fundamentales como el respeto por el medioambiente y el compromiso con sus comunidades\u201d.<\/p>\n<p style=\"text-align: justify;\">Esta implementaci\u00f3n incluye herramientas educativas interactivas que buscan inculcar desde temprana edad pr\u00e1cticas sostenibles y el respeto por el medioambiente. Tras la entrega de este importante elemento para el establecimiento, los ni\u00f1os y ni\u00f1as recibieron el reconocimiento de la el\u00e9ctrica por su uso responsable de energ\u00eda durante este 2024.<\/p>\n<p style=\"text-align: justify;\">Yaline Riveros, alcaldesa (s) de la I. Municipalidad de O\u2019Higgins coment\u00f3 que: \u201cDesde la Municipalidad de O\u2019Higgins, estamos muy contentos con el reconocimiento que acaba de recibir el Jard\u00edn Infantil Hielito Azul, de parte de Edelaysen, los ni\u00f1os y el esfuerzo que hicieron tambi\u00e9n toda la comunidad educativa de este jard\u00edn en hacer el ahorro energ\u00e9tico y que hayan salido ganadores en la regi\u00f3n producto de todo el ahorro que han generado y que ahora les hayan tra\u00eddo un espacio educativo asociado a la ciencia, donde ellos puedan comprender muchos de los procesos\u201d.<\/p>\n<p style=\"text-align: justify;\">As\u00ed mismo, Claudia Bravo apoderada del jard\u00edn infantil destac\u00f3: \u201cAgradecer este premio para los ni\u00f1os, la comuna tiene un sello ambiental, entonces desde niveles b\u00e1sicos como sala cuna, hasta la escuela, se incentiva a los ni\u00f1os a este cuidado medio ambiental, entonces estamos muy agradecidos que se les haya entregado este material did\u00e1ctico para que los ni\u00f1os tengan un acercamiento m\u00e1s interactivo con la ciencia desde la educaci\u00f3n primaria\u201d.<\/p>\n<p style=\"text-align: justify;\">Cabe destacar, que este Minilab que fue entregado al jard\u00edn infantil, incluye una capacitaci\u00f3n online y presencial sobre su uso por empresa Innovaxis quienes son los proveedores de esta importante herramienta de aprendizaje.<\/p>\n<p style=\"text-align: justify;\">En tanto la directora de la Sala Cuna y Jard\u00edn Hielito Azul de Fundaci\u00f3n Integra, Mar\u00eda de los \u00c1ngeles Navarrete mencion\u00f3: \u201cAgradecida por este carrito m\u00f3vil de ciencia que sin duda va a beneficiar sus aprendizajes, sobre todo en el aula y tambi\u00e9n se va a poder compartir con los ni\u00f1os de sala cuna porque se transporta, as\u00ed que totalmente agradecidos, sobre todo porque somos un jard\u00edn de zona extrema, en donde los recursos se demoran un poco m\u00e1s en llegar as\u00ed que agradecida de este premio\u201d.<\/p>\n<p style=\"text-align: justify;\">El Jard\u00edn Infantil Hielito Azul se destac\u00f3 entre los participantes por sus iniciativas innovadoras que promovieron el ahorro energ\u00e9tico y la conciencia ambiental entre los ni\u00f1os y sus familias. Con esta acci\u00f3n, Edelaysen reafirma su compromiso con la regi\u00f3n de Ays\u00e9n y su misi\u00f3n de contribuir al desarrollo de una cultura m\u00e1s sostenible.<\/p>\n<\/div><\/section><\/div><div  style='height:50px' class='hr hr-invisible   avia-builder-el-6  el_after_av_one_full  el_before_av_social_share '><span class='hr-inner ' ><span class='hr-inner-style'><\/span><\/span><\/div><\/p>\n<div  class='av-social-sharing-box  avia-builder-el-7  el_after_av_hr  el_before_av_hr  '><div class='av-share-box'><h5 class='av-share-link-description av-no-toc '>Compartir esta noticia<\/h5><ul class='av-share-box-list noLightbox'><li class='av-share-link av-social-link-facebook' ><a target=\"_blank\" aria-label=\"Compartir en Facebook\" href='https:\/\/www.facebook.com\/sharer.php?u=https:\/\/radiorevelacionfm.cl\/?p=48331&#038;t=Premian%20al%20jard%C3%ADn%20infantil%20Hielito%20Azul%20de%20Villa%20O%E2%80%99Higgins%20por%20su%20compromiso%20con%20la%20eficiencia%20energ%C3%A9tica' aria-hidden='false' data-av_icon='\ue8f3' data-av_iconfont='entypo-fontello' title='' data-avia-related-tooltip='Compartir en Facebook' rel=\"noopener\"><span class='avia_hidden_link_text'>Compartir en Facebook<\/span><\/a><\/li><li class='av-share-link av-social-link-twitter' ><a target=\"_blank\" aria-label=\"Compartir en Twitter\" href='https:\/\/twitter.com\/share?text=Premian%20al%20jard%C3%ADn%20infantil%20Hielito%20Azul%20de%20Villa%20O%E2%80%99Higgins%20por%20su%20compromiso%20con%20la%20eficiencia%20energ%C3%A9tica&#038;url=https:\/\/radiorevelacionfm.cl\/?p=48331' aria-hidden='false' data-av_icon='\ue8f1' data-av_iconfont='entypo-fontello' title='' data-avia-related-tooltip='Compartir en Twitter' rel=\"noopener\"><span class='avia_hidden_link_text'>Compartir en Twitter<\/span><\/a><\/li><li class='av-share-link av-social-link-whatsapp' ><a target=\"_blank\" aria-label=\"Compartir en Whatsapp\" href='https:\/\/api.whatsapp.com\/send?text=https:\/\/radiorevelacionfm.cl\/?p=48331' aria-hidden='false' data-av_icon='\uf232' data-av_iconfont='entypo-fontello' title='' data-avia-related-tooltip='Compartir en Whatsapp' rel=\"noopener\"><span class='avia_hidden_link_text'>Compartir en Whatsapp<\/span><\/a><\/li><li class='av-share-link av-social-link-linkedin' ><a target=\"_blank\" aria-label=\"Compartir en LinkedIn\" href='https:\/\/linkedin.com\/shareArticle?mini=true&#038;title=Premian%20al%20jard%C3%ADn%20infantil%20Hielito%20Azul%20de%20Villa%20O%E2%80%99Higgins%20por%20su%20compromiso%20con%20la%20eficiencia%20energ%C3%A9tica&#038;url=https:\/\/radiorevelacionfm.cl\/?p=48331' aria-hidden='false' data-av_icon='\ue8fc' data-av_iconfont='entypo-fontello' title='' data-avia-related-tooltip='Compartir en LinkedIn' rel=\"noopener\"><span class='avia_hidden_link_text'>Compartir en LinkedIn<\/span><\/a><\/li><li class='av-share-link av-social-link-mail' ><a  aria-label=\"Compartir por correo\" href='mailto:?subject=Premian%20al%20jard%C3%ADn%20infantil%20Hielito%20Azul%20de%20Villa%20O%E2%80%99Higgins%20por%20su%20compromiso%20con%20la%20eficiencia%20energ%C3%A9tica&#038;body=https:\/\/radiorevelacionfm.cl\/?p=48331' aria-hidden='false' data-av_icon='\ue805' data-av_iconfont='entypo-fontello' title='' data-avia-related-tooltip='Compartir por correo'><span class='avia_hidden_link_text'>Compartir por correo<\/span><\/a><\/li><\/ul><\/div><\/div>\n<div  style='height:50px' class='hr hr-invisible   avia-builder-el-8  el_after_av_social_share  el_before_av_comments_list '><span class='hr-inner ' ><span class='hr-inner-style'><\/span><\/span><\/div>\n<div  class='av-buildercomment  av-blog-meta-html-info-disabled av-blog-meta-tag-disabled  '><\/div>\n","protected":false},"excerpt":{"rendered":"","protected":false},"author":1,"featured_media":48332,"comment_status":"open","ping_status":"open","sticky":false,"template":"","format":"standard","meta":{"footnotes":""},"categories":[38],"tags":[],"class_list":["post-48331","post","type-post","status-publish","format-standard","has-post-thumbnail","hentry","category-regional"],"jetpack_featured_media_url":"https:\/\/radiorevelacionfm.cl\/wp-content\/uploads\/2024\/11\/eficiencia-energetica0-2-2_optimized.jpeg","_links":{"self":[{"href":"https:\/\/radiorevelacionfm.cl\/index.php?rest_route=\/wp\/v2\/posts\/48331","targetHints":{"allow":["GET"]}}],"collection":[{"href":"https:\/\/radiorevelacionfm.cl\/index.php?rest_route=\/wp\/v2\/posts"}],"about":[{"href":"https:\/\/radiorevelacionfm.cl\/index.php?rest_route=\/wp\/v2\/types\/post"}],"author":[{"embeddable":true,"href":"https:\/\/radiorevelacionfm.cl\/index.php?rest_route=\/wp\/v2\/users\/1"}],"replies":[{"embeddable":true,"href":"https:\/\/radiorevelacionfm.cl\/index.php?rest_route=%2Fwp%2Fv2%2Fcomments&post=48331"}],"version-history":[{"count":1,"href":"https:\/\/radiorevelacionfm.cl\/index.php?rest_route=\/wp\/v2\/posts\/48331\/revisions"}],"predecessor-version":[{"id":48333,"href":"https:\/\/radiorevelacionfm.cl\/index.php?rest_route=\/wp\/v2\/posts\/48331\/revisions\/48333"}],"wp:featuredmedia":[{"embeddable":true,"href":"https:\/\/radiorevelacionfm.cl\/index.php?rest_route=\/wp\/v2\/media\/48332"}],"wp:attachment":[{"href":"https:\/\/radiorevelacionfm.cl\/index.php?rest_route=%2Fwp%2Fv2%2Fmedia&parent=48331"}],"wp:term":[{"taxonomy":"category","embeddable":true,"href":"https:\/\/radiorevelacionfm.cl\/index.php?rest_route=%2Fwp%2Fv2%2Fcategories&post=48331"},{"taxonomy":"post_tag","embeddable":true,"href":"https:\/\/radiorevelacionfm.cl\/index.php?rest_route=%2Fwp%2Fv2%2Ftags&post=48331"}],"curies":[{"name":"wp","href":"https:\/\/api.w.org\/{rel}","templated":true}]}}