{"id":4833,"date":"2021-06-02T19:55:18","date_gmt":"2021-06-02T22:55:18","guid":{"rendered":"https:\/\/radiorevelacionfm.cl\/?p=4833"},"modified":"2021-06-02T19:55:18","modified_gmt":"2021-06-02T22:55:18","slug":"ante-reclamos-solicitan-a-junaeb-agilizar-entrega-de-computadores-a-alumnos-de-septimo-basico","status":"publish","type":"post","link":"https:\/\/radiorevelacionfm.cl\/?p=4833","title":{"rendered":"Ante reclamos solicitan a Junaeb agilizar entrega de computadores a alumnos de s\u00e9ptimo b\u00e1sico"},"content":{"rendered":"<div class=\"flex_column av_one_full  flex_column_div av-zero-column-padding first  avia-builder-el-0  el_before_av_one_full  avia-builder-el-first  \" style='border-radius:0px; '><div  class='avia-image-container  av-styling-    avia-builder-el-1  avia-builder-el-no-sibling  avia-align-center '  itemprop=\"image\" itemscope=\"itemscope\" itemtype=\"https:\/\/schema.org\/ImageObject\"  ><div class='avia-image-container-inner'><div class='avia-image-overlay-wrap'><img decoding=\"async\" class='wp-image-4834 avia-img-lazy-loading-not-4834 avia_image' src=\"https:\/\/radiorevelacionfm.cl\/wp-content\/uploads\/2021\/06\/yoelijomipc3-1-1.jpg\" alt='' title='yoelijomipc3 (1) (1)' height=\"600\" width=\"846\"  itemprop=\"thumbnailUrl\" srcset=\"https:\/\/radiorevelacionfm.cl\/wp-content\/uploads\/2021\/06\/yoelijomipc3-1-1.jpg 846w, https:\/\/radiorevelacionfm.cl\/wp-content\/uploads\/2021\/06\/yoelijomipc3-1-1-300x213.jpg 300w, https:\/\/radiorevelacionfm.cl\/wp-content\/uploads\/2021\/06\/yoelijomipc3-1-1-768x545.jpg 768w, https:\/\/radiorevelacionfm.cl\/wp-content\/uploads\/2021\/06\/yoelijomipc3-1-1-260x185.jpg 260w, https:\/\/radiorevelacionfm.cl\/wp-content\/uploads\/2021\/06\/yoelijomipc3-1-1-705x500.jpg 705w, https:\/\/radiorevelacionfm.cl\/wp-content\/uploads\/2021\/06\/yoelijomipc3-1-1-600x426.jpg 600w\" sizes=\"(max-width: 846px) 100vw, 846px\" \/><\/div><\/div><\/div><\/div><div class=\"flex_column av_one_full  flex_column_div av-zero-column-padding first  avia-builder-el-2  el_after_av_one_full  el_before_av_one_full  column-top-margin\" style='border-radius:0px; '><section class=\"av_textblock_section \"  itemscope=\"itemscope\" itemtype=\"https:\/\/schema.org\/BlogPosting\" itemprop=\"blogPost\" ><div class='avia_textblock  '   itemprop=\"text\" ><p style=\"text-align: center;\"><strong><span style=\"font-size: 18pt;\">Ante reclamos solicitan a Junaeb agilizar entrega de computadores a alumnos de s\u00e9ptimo b\u00e1sico <\/span><\/strong><\/p>\n<div id=\"gtx-trans\" style=\"position: absolute; left: -50px; top: 4.31534px;\">\n<div class=\"gtx-trans-icon\"><\/div>\n<\/div>\n<\/div><\/section><\/div><div class=\"flex_column av_one_full  flex_column_div av-zero-column-padding first  avia-builder-el-4  el_after_av_one_full  el_before_av_hr  column-top-margin\" style='border-radius:0px; '><section class=\"av_textblock_section \"  itemscope=\"itemscope\" itemtype=\"https:\/\/schema.org\/BlogPosting\" itemprop=\"blogPost\" ><div class='avia_textblock  '   itemprop=\"text\" ><p style=\"font-weight: 400; text-align: justify;\">Ante la serie de reclamos y denuncias por el retraso en la entrega de los computadores de los programas \u201cYo Elijo mi PC\u201d y \u201cMe conecto para aprender\u201d, el diputado Migue \u00c1ngel Calisto envi\u00f3 un oficio a Junaeb pidiendo que se explique el motivo de la demora en la entrega de estas herramientas tecnol\u00f3gicas, hecho que mantiene a muchos ni\u00f1os de s\u00e9ptimo b\u00e1sico con serias dificultades para participar en las clases virtuales.<\/p>\n<p style=\"font-weight: 400; text-align: justify;\">Seg\u00fan el legislador, \u201chemos recibido muchos reclamos en nuestras redes sociales por la demora en la entrega de los computadores de este programa. En estos tiempos donde la gran mayor\u00eda de los ni\u00f1os est\u00e1n con clases virtuales, no tener un computador claramente es una gran desventaja ya que no pueden ingresar a las clases o no pueden hacer bien las tareas\u201d.<\/p>\n<p style=\"font-weight: 400; text-align: justify;\">Calisto agreg\u00f3 que \u201cestos computadores debieran haberse entregado durante el mes de mayo, pero desde Junaeb no ha habido mayor informaci\u00f3n. Por estos motivos, enviamos un oficio a Junaeb a nivel nacional para saber los motivos de este retraso, donde tambi\u00e9n solicitamos que la entrega se realice lo antes posible\u201d.<\/p>\n<p style=\"font-weight: 400; text-align: justify;\">\u201cEste programa fue implementado el a\u00f1o 2009 y ha sido una ayuda fundamental para estos alumnos de escasos recursos que cursan s\u00e9ptimo b\u00e1sico. A mi parecer, este es el peor a\u00f1o para tener retrasos en este programa, porque los ni\u00f1os literalmente est\u00e1n dejando de aprender al no tener su computador\u201d, indic\u00f3.<\/p>\n<p style=\"font-weight: 400; text-align: justify;\">Finalmente, el diputado Calisto se\u00f1al\u00f3 que \u201ctambi\u00e9n solicitamos en ese oficio que se considere la entregue de computadores no s\u00f3lo a los ni\u00f1os que van a escuelas p\u00fablicas, sino tambi\u00e9n a todos aquellos que van a colegios particulares subvencionados. En estos colegios hay muchos alumnos que tambi\u00e9n son de escasos recursos, entonces no veo el motivo por el cual se les deja fuera de este beneficio\u201d.<\/p>\n<\/div><\/section><\/div><div  style='height:50px' class='hr hr-invisible   avia-builder-el-6  el_after_av_one_full  el_before_av_social_share '><span class='hr-inner ' ><span class='hr-inner-style'><\/span><\/span><\/div><\/p>\n<div  class='av-social-sharing-box  avia-builder-el-7  el_after_av_hr  el_before_av_hr  '><div class='av-share-box'><h5 class='av-share-link-description av-no-toc '>Compartir esta noticia<\/h5><ul class='av-share-box-list noLightbox'><li class='av-share-link av-social-link-facebook' ><a target=\"_blank\" aria-label=\"Compartir en Facebook\" href='https:\/\/www.facebook.com\/sharer.php?u=https:\/\/radiorevelacionfm.cl\/?p=4833&#038;t=Ante%20reclamos%20solicitan%20a%20Junaeb%20agilizar%20entrega%20de%20computadores%20a%20alumnos%20de%20s%C3%A9ptimo%20b%C3%A1sico' aria-hidden='false' data-av_icon='\ue8f3' data-av_iconfont='entypo-fontello' title='' data-avia-related-tooltip='Compartir en Facebook' rel=\"noopener\"><span class='avia_hidden_link_text'>Compartir en Facebook<\/span><\/a><\/li><li class='av-share-link av-social-link-twitter' ><a target=\"_blank\" aria-label=\"Compartir en Twitter\" href='https:\/\/twitter.com\/share?text=Ante%20reclamos%20solicitan%20a%20Junaeb%20agilizar%20entrega%20de%20computadores%20a%20alumnos%20de%20s%C3%A9ptimo%20b%C3%A1sico&#038;url=https:\/\/radiorevelacionfm.cl\/?p=4833' aria-hidden='false' data-av_icon='\ue8f1' data-av_iconfont='entypo-fontello' title='' data-avia-related-tooltip='Compartir en Twitter' rel=\"noopener\"><span class='avia_hidden_link_text'>Compartir en Twitter<\/span><\/a><\/li><li class='av-share-link av-social-link-whatsapp' ><a target=\"_blank\" aria-label=\"Compartir en Whatsapp\" href='https:\/\/api.whatsapp.com\/send?text=https:\/\/radiorevelacionfm.cl\/?p=4833' aria-hidden='false' data-av_icon='\uf232' data-av_iconfont='entypo-fontello' title='' data-avia-related-tooltip='Compartir en Whatsapp' rel=\"noopener\"><span class='avia_hidden_link_text'>Compartir en Whatsapp<\/span><\/a><\/li><li class='av-share-link av-social-link-linkedin' ><a target=\"_blank\" aria-label=\"Compartir en LinkedIn\" href='https:\/\/linkedin.com\/shareArticle?mini=true&#038;title=Ante%20reclamos%20solicitan%20a%20Junaeb%20agilizar%20entrega%20de%20computadores%20a%20alumnos%20de%20s%C3%A9ptimo%20b%C3%A1sico&#038;url=https:\/\/radiorevelacionfm.cl\/?p=4833' aria-hidden='false' data-av_icon='\ue8fc' data-av_iconfont='entypo-fontello' title='' data-avia-related-tooltip='Compartir en LinkedIn' rel=\"noopener\"><span class='avia_hidden_link_text'>Compartir en LinkedIn<\/span><\/a><\/li><li class='av-share-link av-social-link-mail' ><a  aria-label=\"Compartir por correo\" href='mailto:?subject=Ante%20reclamos%20solicitan%20a%20Junaeb%20agilizar%20entrega%20de%20computadores%20a%20alumnos%20de%20s%C3%A9ptimo%20b%C3%A1sico&#038;body=https:\/\/radiorevelacionfm.cl\/?p=4833' aria-hidden='false' data-av_icon='\ue805' data-av_iconfont='entypo-fontello' title='' data-avia-related-tooltip='Compartir por correo'><span class='avia_hidden_link_text'>Compartir por correo<\/span><\/a><\/li><\/ul><\/div><\/div>\n<div  style='height:50px' class='hr hr-invisible   avia-builder-el-8  el_after_av_social_share  el_before_av_comments_list '><span class='hr-inner ' ><span class='hr-inner-style'><\/span><\/span><\/div>\n<div  class='av-buildercomment  av-blog-meta-html-info-disabled av-blog-meta-tag-disabled  '><\/div>\n","protected":false},"excerpt":{"rendered":"","protected":false},"author":1,"featured_media":4834,"comment_status":"open","ping_status":"open","sticky":false,"template":"","format":"standard","meta":{"footnotes":""},"categories":[38],"tags":[],"class_list":["post-4833","post","type-post","status-publish","format-standard","has-post-thumbnail","hentry","category-regional"],"jetpack_featured_media_url":"https:\/\/radiorevelacionfm.cl\/wp-content\/uploads\/2021\/06\/yoelijomipc3-1-1.jpg","_links":{"self":[{"href":"https:\/\/radiorevelacionfm.cl\/index.php?rest_route=\/wp\/v2\/posts\/4833","targetHints":{"allow":["GET"]}}],"collection":[{"href":"https:\/\/radiorevelacionfm.cl\/index.php?rest_route=\/wp\/v2\/posts"}],"about":[{"href":"https:\/\/radiorevelacionfm.cl\/index.php?rest_route=\/wp\/v2\/types\/post"}],"author":[{"embeddable":true,"href":"https:\/\/radiorevelacionfm.cl\/index.php?rest_route=\/wp\/v2\/users\/1"}],"replies":[{"embeddable":true,"href":"https:\/\/radiorevelacionfm.cl\/index.php?rest_route=%2Fwp%2Fv2%2Fcomments&post=4833"}],"version-history":[{"count":1,"href":"https:\/\/radiorevelacionfm.cl\/index.php?rest_route=\/wp\/v2\/posts\/4833\/revisions"}],"predecessor-version":[{"id":4835,"href":"https:\/\/radiorevelacionfm.cl\/index.php?rest_route=\/wp\/v2\/posts\/4833\/revisions\/4835"}],"wp:featuredmedia":[{"embeddable":true,"href":"https:\/\/radiorevelacionfm.cl\/index.php?rest_route=\/wp\/v2\/media\/4834"}],"wp:attachment":[{"href":"https:\/\/radiorevelacionfm.cl\/index.php?rest_route=%2Fwp%2Fv2%2Fmedia&parent=4833"}],"wp:term":[{"taxonomy":"category","embeddable":true,"href":"https:\/\/radiorevelacionfm.cl\/index.php?rest_route=%2Fwp%2Fv2%2Fcategories&post=4833"},{"taxonomy":"post_tag","embeddable":true,"href":"https:\/\/radiorevelacionfm.cl\/index.php?rest_route=%2Fwp%2Fv2%2Ftags&post=4833"}],"curies":[{"name":"wp","href":"https:\/\/api.w.org\/{rel}","templated":true}]}}