{"id":48328,"date":"2024-11-28T10:58:10","date_gmt":"2024-11-28T13:58:10","guid":{"rendered":"https:\/\/radiorevelacionfm.cl\/?p=48328"},"modified":"2024-11-28T10:58:10","modified_gmt":"2024-11-28T13:58:10","slug":"sernameg-lanza-convocatoria-para-innovador-programa-de-formacion-anual-en-liderazgo-y-participacion","status":"publish","type":"post","link":"https:\/\/radiorevelacionfm.cl\/?p=48328","title":{"rendered":"SernamEG lanza convocatoria para innovador programa de formaci\u00f3n anual en liderazgo y participaci\u00f3n"},"content":{"rendered":"<div class=\"flex_column av_one_full  flex_column_div av-zero-column-padding first  avia-builder-el-0  el_before_av_one_full  avia-builder-el-first  \" style='border-radius:0px; '><div  class='avia-image-container  av-styling-    avia-builder-el-1  avia-builder-el-no-sibling  avia-align-center '  itemprop=\"image\" itemscope=\"itemscope\" itemtype=\"https:\/\/schema.org\/ImageObject\"  ><div class='avia-image-container-inner'><div class='avia-image-overlay-wrap'><img decoding=\"async\" class='wp-image-48329 avia-img-lazy-loading-not-48329 avia_image' src=\"https:\/\/radiorevelacionfm.cl\/wp-content\/uploads\/2024\/11\/mpps-2-2_optimized.jpeg\" alt='' title='mpps-2-2_optimized' height=\"600\" width=\"800\"  itemprop=\"thumbnailUrl\" srcset=\"https:\/\/radiorevelacionfm.cl\/wp-content\/uploads\/2024\/11\/mpps-2-2_optimized.jpeg 800w, https:\/\/radiorevelacionfm.cl\/wp-content\/uploads\/2024\/11\/mpps-2-2_optimized-300x225.jpeg 300w, https:\/\/radiorevelacionfm.cl\/wp-content\/uploads\/2024\/11\/mpps-2-2_optimized-768x576.jpeg 768w, https:\/\/radiorevelacionfm.cl\/wp-content\/uploads\/2024\/11\/mpps-2-2_optimized-705x529.jpeg 705w, https:\/\/radiorevelacionfm.cl\/wp-content\/uploads\/2024\/11\/mpps-2-2_optimized-450x338.jpeg 450w, https:\/\/radiorevelacionfm.cl\/wp-content\/uploads\/2024\/11\/mpps-2-2_optimized-600x450.jpeg 600w\" sizes=\"(max-width: 800px) 100vw, 800px\" \/><\/div><\/div><\/div><\/div><div class=\"flex_column av_one_full  flex_column_div av-zero-column-padding first  avia-builder-el-2  el_after_av_one_full  el_before_av_one_full  column-top-margin\" style='border-radius:0px; '><section class=\"av_textblock_section \"  itemscope=\"itemscope\" itemtype=\"https:\/\/schema.org\/BlogPosting\" itemprop=\"blogPost\" ><div class='avia_textblock  '   itemprop=\"text\" ><p style=\"text-align: center;\"><strong><span style=\"font-size: 18pt;\">SernamEG lanza convocatoria para innovador programa de formaci\u00f3n anual en liderazgo y participaci\u00f3n<\/span><\/strong><\/p>\n<div id=\"gtx-trans\" style=\"position: absolute; left: -50px; top: 4.31534px;\">\n<div class=\"gtx-trans-icon\"><\/div>\n<\/div>\n<\/div><\/section><\/div><div class=\"flex_column av_one_full  flex_column_div av-zero-column-padding first  avia-builder-el-4  el_after_av_one_full  el_before_av_hr  column-top-margin\" style='border-radius:0px; '><section class=\"av_textblock_section \"  itemscope=\"itemscope\" itemtype=\"https:\/\/schema.org\/BlogPosting\" itemprop=\"blogPost\" ><div class='avia_textblock  '   itemprop=\"text\" ><p dir=\"ltr\" style=\"text-align: justify;\">El Servicio Nacional de la Mujer y la Equidad de G\u00e9nero (SernamEG) invita a mujeres organizadas de todo el pa\u00eds a postular al Programa Mujer, Participaci\u00f3n Pol\u00edtica y Social 2025, una innovadora iniciativa que busca fortalecer el liderazgo y la incidencia pol\u00edtica en sus territorios.<\/p>\n<p dir=\"ltr\" style=\"text-align: justify;\">Priscilla Carrasco, directora nacional de SernamEG, destac\u00f3: \u00abeste programa es un paso decisivo para derribar barreras estructurales y apoyar a fortalecer el ejercicio de la autonom\u00eda de las mujeres en su rol como agentes de cambio en sus comunidades y en la construcci\u00f3n de una sociedad m\u00e1s equitativa.\u00bb<\/p>\n<p dir=\"ltr\" style=\"text-align: justify;\">Por su parte, la directora regional de SernamEG Ays\u00e9n, Patricia Baeza Cabezas, recalc\u00f3 que \u00aben la regi\u00f3n a\u00fan hay brechas de g\u00e9nero muy grandes en lo que se refiere a cargos de representaci\u00f3n pol\u00edtica. Hasta este a\u00f1o, que resultaron electas dos mujeres, ten\u00edamos s\u00f3lo a hombres como alcaldes en las diez comunas del territorio, por ejemplo. Es por eso que este programa es de suma relevancia para el futuro y el desarrollo de nuestra regi\u00f3n, donde esperamos que las mujeres ocupen el rol protag\u00f3nico que siempre han debido tener\u00bb.<\/p>\n<p dir=\"ltr\" style=\"text-align: justify;\">Este programa gratuito, que tiene una extensi\u00f3n de 12 meses continuos, combina formaci\u00f3n te\u00f3rica y pr\u00e1ctica en modalidad h\u00edbrida (online y presencial) e incluye tres etapas formativas:<\/p>\n<ol style=\"text-align: justify;\">\n<li dir=\"ltr\">\n<p dir=\"ltr\">Cultivando Lideresas: Enfoque en teor\u00eda de g\u00e9nero y liderazgo pol\u00edtico.<\/p>\n<\/li>\n<li dir=\"ltr\">\n<p dir=\"ltr\">Mujeres que lideran, Escuelas que transforman: Herramientas pr\u00e1cticas y dise\u00f1o de proyectos individuales.<\/p>\n<\/li>\n<li dir=\"ltr\">\n<p dir=\"ltr\">Lideresas en el Territorio: Formaci\u00f3n para la ejecuci\u00f3n de proyectos colectivos de impacto territorial.<\/p>\n<\/li>\n<\/ol>\n<p dir=\"ltr\" style=\"text-align: justify;\">El programa cubrir\u00e1 las 16 regiones del pa\u00eds, con un total de 1.500 cupos disponibles. Las participantes dise\u00f1ar\u00e1n y ejecutar\u00e1n iniciativas que promuevan cambios significativos de incidencia en sus comunidades y espacios de representaci\u00f3n pol\u00edtica.<\/p>\n<p dir=\"ltr\" style=\"text-align: justify;\">Requisitos de postulaci\u00f3n:<\/p>\n<ul style=\"text-align: justify;\">\n<li dir=\"ltr\">\n<p dir=\"ltr\">Pertenecer a una organizaci\u00f3n social, pol\u00edtica o sindical.<\/p>\n<\/li>\n<li dir=\"ltr\">\n<p dir=\"ltr\">Tener m\u00e1s de 15 a\u00f1os.<\/p>\n<\/li>\n<li dir=\"ltr\">\n<p dir=\"ltr\">Acceso a internet y dispositivos digitales.<\/p>\n<\/li>\n<li dir=\"ltr\">\n<p dir=\"ltr\">Inter\u00e9s en liderazgo e incidencia pol\u00edtica.<\/p>\n<\/li>\n<li dir=\"ltr\">\n<p dir=\"ltr\">Disponibilidad de al menos 5 horas semanales.<\/p>\n<\/li>\n<\/ul>\n<p dir=\"ltr\" style=\"text-align: justify;\">Las postulaciones partieron desde el pasado 22 de noviembre y estar\u00e1n abiertas hasta el 22 de diciembre de 2024, a trav\u00e9s del formulario disponible en <a href=\"http:\/\/www.sernameg.gob.cl\/\" target=\"_blank\" rel=\"noopener noreferrer\">www.sernameg.gob.cl<\/a>.<\/p>\n<\/div><\/section><\/div><div  style='height:50px' class='hr hr-invisible   avia-builder-el-6  el_after_av_one_full  el_before_av_social_share '><span class='hr-inner ' ><span class='hr-inner-style'><\/span><\/span><\/div><\/p>\n<div  class='av-social-sharing-box  avia-builder-el-7  el_after_av_hr  el_before_av_hr  '><div class='av-share-box'><h5 class='av-share-link-description av-no-toc '>Compartir esta noticia<\/h5><ul class='av-share-box-list noLightbox'><li class='av-share-link av-social-link-facebook' ><a target=\"_blank\" aria-label=\"Compartir en Facebook\" href='https:\/\/www.facebook.com\/sharer.php?u=https:\/\/radiorevelacionfm.cl\/?p=48328&#038;t=SernamEG%20lanza%20convocatoria%20para%20innovador%20programa%20de%20formaci%C3%B3n%20anual%20en%20liderazgo%20y%20participaci%C3%B3n' aria-hidden='false' data-av_icon='\ue8f3' data-av_iconfont='entypo-fontello' title='' data-avia-related-tooltip='Compartir en Facebook' rel=\"noopener\"><span class='avia_hidden_link_text'>Compartir en Facebook<\/span><\/a><\/li><li class='av-share-link av-social-link-twitter' ><a target=\"_blank\" aria-label=\"Compartir en Twitter\" href='https:\/\/twitter.com\/share?text=SernamEG%20lanza%20convocatoria%20para%20innovador%20programa%20de%20formaci%C3%B3n%20anual%20en%20liderazgo%20y%20participaci%C3%B3n&#038;url=https:\/\/radiorevelacionfm.cl\/?p=48328' aria-hidden='false' data-av_icon='\ue8f1' data-av_iconfont='entypo-fontello' title='' data-avia-related-tooltip='Compartir en Twitter' rel=\"noopener\"><span class='avia_hidden_link_text'>Compartir en Twitter<\/span><\/a><\/li><li class='av-share-link av-social-link-whatsapp' ><a target=\"_blank\" aria-label=\"Compartir en Whatsapp\" href='https:\/\/api.whatsapp.com\/send?text=https:\/\/radiorevelacionfm.cl\/?p=48328' aria-hidden='false' data-av_icon='\uf232' data-av_iconfont='entypo-fontello' title='' data-avia-related-tooltip='Compartir en Whatsapp' rel=\"noopener\"><span class='avia_hidden_link_text'>Compartir en Whatsapp<\/span><\/a><\/li><li class='av-share-link av-social-link-linkedin' ><a target=\"_blank\" aria-label=\"Compartir en LinkedIn\" href='https:\/\/linkedin.com\/shareArticle?mini=true&#038;title=SernamEG%20lanza%20convocatoria%20para%20innovador%20programa%20de%20formaci%C3%B3n%20anual%20en%20liderazgo%20y%20participaci%C3%B3n&#038;url=https:\/\/radiorevelacionfm.cl\/?p=48328' aria-hidden='false' data-av_icon='\ue8fc' data-av_iconfont='entypo-fontello' title='' data-avia-related-tooltip='Compartir en LinkedIn' rel=\"noopener\"><span class='avia_hidden_link_text'>Compartir en LinkedIn<\/span><\/a><\/li><li class='av-share-link av-social-link-mail' ><a  aria-label=\"Compartir por correo\" href='mailto:?subject=SernamEG%20lanza%20convocatoria%20para%20innovador%20programa%20de%20formaci%C3%B3n%20anual%20en%20liderazgo%20y%20participaci%C3%B3n&#038;body=https:\/\/radiorevelacionfm.cl\/?p=48328' aria-hidden='false' data-av_icon='\ue805' data-av_iconfont='entypo-fontello' title='' data-avia-related-tooltip='Compartir por correo'><span class='avia_hidden_link_text'>Compartir por correo<\/span><\/a><\/li><\/ul><\/div><\/div>\n<div  style='height:50px' class='hr hr-invisible   avia-builder-el-8  el_after_av_social_share  el_before_av_comments_list '><span class='hr-inner ' ><span class='hr-inner-style'><\/span><\/span><\/div>\n<div  class='av-buildercomment  av-blog-meta-html-info-disabled av-blog-meta-tag-disabled  '><\/div>\n","protected":false},"excerpt":{"rendered":"","protected":false},"author":1,"featured_media":48329,"comment_status":"open","ping_status":"open","sticky":false,"template":"","format":"standard","meta":{"footnotes":""},"categories":[38],"tags":[],"class_list":["post-48328","post","type-post","status-publish","format-standard","has-post-thumbnail","hentry","category-regional"],"jetpack_featured_media_url":"https:\/\/radiorevelacionfm.cl\/wp-content\/uploads\/2024\/11\/mpps-2-2_optimized.jpeg","_links":{"self":[{"href":"https:\/\/radiorevelacionfm.cl\/index.php?rest_route=\/wp\/v2\/posts\/48328","targetHints":{"allow":["GET"]}}],"collection":[{"href":"https:\/\/radiorevelacionfm.cl\/index.php?rest_route=\/wp\/v2\/posts"}],"about":[{"href":"https:\/\/radiorevelacionfm.cl\/index.php?rest_route=\/wp\/v2\/types\/post"}],"author":[{"embeddable":true,"href":"https:\/\/radiorevelacionfm.cl\/index.php?rest_route=\/wp\/v2\/users\/1"}],"replies":[{"embeddable":true,"href":"https:\/\/radiorevelacionfm.cl\/index.php?rest_route=%2Fwp%2Fv2%2Fcomments&post=48328"}],"version-history":[{"count":1,"href":"https:\/\/radiorevelacionfm.cl\/index.php?rest_route=\/wp\/v2\/posts\/48328\/revisions"}],"predecessor-version":[{"id":48330,"href":"https:\/\/radiorevelacionfm.cl\/index.php?rest_route=\/wp\/v2\/posts\/48328\/revisions\/48330"}],"wp:featuredmedia":[{"embeddable":true,"href":"https:\/\/radiorevelacionfm.cl\/index.php?rest_route=\/wp\/v2\/media\/48329"}],"wp:attachment":[{"href":"https:\/\/radiorevelacionfm.cl\/index.php?rest_route=%2Fwp%2Fv2%2Fmedia&parent=48328"}],"wp:term":[{"taxonomy":"category","embeddable":true,"href":"https:\/\/radiorevelacionfm.cl\/index.php?rest_route=%2Fwp%2Fv2%2Fcategories&post=48328"},{"taxonomy":"post_tag","embeddable":true,"href":"https:\/\/radiorevelacionfm.cl\/index.php?rest_route=%2Fwp%2Fv2%2Ftags&post=48328"}],"curies":[{"name":"wp","href":"https:\/\/api.w.org\/{rel}","templated":true}]}}