{"id":48325,"date":"2024-11-28T09:46:46","date_gmt":"2024-11-28T12:46:46","guid":{"rendered":"https:\/\/radiorevelacionfm.cl\/?p=48325"},"modified":"2024-11-28T09:46:46","modified_gmt":"2024-11-28T12:46:46","slug":"lanzan-campana-no-la-hagas-viral-con-enfoque-en-juventudes-para-prevenir-la-violencia-de-genero","status":"publish","type":"post","link":"https:\/\/radiorevelacionfm.cl\/?p=48325","title":{"rendered":"Lanzan Campa\u00f1a \u201cNo la hagas viral\u201d con enfoque en juventudes para prevenir la violencia de g\u00e9nero"},"content":{"rendered":"<div class=\"flex_column av_one_full  flex_column_div av-zero-column-padding first  avia-builder-el-0  el_before_av_one_full  avia-builder-el-first  \" style='border-radius:0px; '><div  class='avia-image-container  av-styling-    avia-builder-el-1  avia-builder-el-no-sibling  avia-align-center '  itemprop=\"image\" itemscope=\"itemscope\" itemtype=\"https:\/\/schema.org\/ImageObject\"  ><div class='avia-image-container-inner'><div class='avia-image-overlay-wrap'><img decoding=\"async\" class='wp-image-48326 avia-img-lazy-loading-not-48326 avia_image' src=\"https:\/\/radiorevelacionfm.cl\/wp-content\/uploads\/2024\/11\/WhatsApp-Image-2024-11-25-at-14.47.49-2-2.jpeg\" alt='' title='WhatsApp Image 2024-11-25 at 14.47.49-2-2' height=\"600\" width=\"800\"  itemprop=\"thumbnailUrl\" srcset=\"https:\/\/radiorevelacionfm.cl\/wp-content\/uploads\/2024\/11\/WhatsApp-Image-2024-11-25-at-14.47.49-2-2.jpeg 800w, https:\/\/radiorevelacionfm.cl\/wp-content\/uploads\/2024\/11\/WhatsApp-Image-2024-11-25-at-14.47.49-2-2-300x225.jpeg 300w, https:\/\/radiorevelacionfm.cl\/wp-content\/uploads\/2024\/11\/WhatsApp-Image-2024-11-25-at-14.47.49-2-2-768x576.jpeg 768w, https:\/\/radiorevelacionfm.cl\/wp-content\/uploads\/2024\/11\/WhatsApp-Image-2024-11-25-at-14.47.49-2-2-705x529.jpeg 705w, https:\/\/radiorevelacionfm.cl\/wp-content\/uploads\/2024\/11\/WhatsApp-Image-2024-11-25-at-14.47.49-2-2-450x338.jpeg 450w, https:\/\/radiorevelacionfm.cl\/wp-content\/uploads\/2024\/11\/WhatsApp-Image-2024-11-25-at-14.47.49-2-2-600x450.jpeg 600w\" sizes=\"(max-width: 800px) 100vw, 800px\" \/><\/div><\/div><\/div><\/div><div class=\"flex_column av_one_full  flex_column_div av-zero-column-padding first  avia-builder-el-2  el_after_av_one_full  el_before_av_one_full  column-top-margin\" style='border-radius:0px; '><section class=\"av_textblock_section \"  itemscope=\"itemscope\" itemtype=\"https:\/\/schema.org\/BlogPosting\" itemprop=\"blogPost\" ><div class='avia_textblock  '   itemprop=\"text\" ><p style=\"text-align: center;\"><strong><span style=\"font-size: 18pt;\">Lanzan Campa\u00f1a \u201cNo la hagas viral\u201d con enfoque en juventudes para prevenir la violencia de g\u00e9nero<\/span><\/strong><\/p>\n<div id=\"gtx-trans\" style=\"position: absolute; left: -50px; top: 4.31534px;\">\n<div class=\"gtx-trans-icon\"><\/div>\n<\/div>\n<\/div><\/section><\/div><div class=\"flex_column av_one_full  flex_column_div av-zero-column-padding first  avia-builder-el-4  el_after_av_one_full  el_before_av_hr  column-top-margin\" style='border-radius:0px; '><section class=\"av_textblock_section \"  itemscope=\"itemscope\" itemtype=\"https:\/\/schema.org\/BlogPosting\" itemprop=\"blogPost\" ><div class='avia_textblock  '   itemprop=\"text\" ><p style=\"text-align: justify;\"><em>Junto a m\u00e1s de 100 estudiantes del Colegio Alborada de Coyhaique, la Seremi de la Mujer y la Equidad de G\u00e9nero conmemor\u00f3 el D\u00eda Internacional de la Eliminaci\u00f3n de la Violencia contra las Mujeres y lanz\u00f3 la campa\u00f1a \u201cNo la hagas viral\u201d con foco en las juventudes.<\/em><\/p>\n<p style=\"text-align: justify;\">Con un mensaje sensibilizador enfocado en la prevenci\u00f3n y erradicaci\u00f3n de la violencia de g\u00e9nero, la seremi de la Mujer y la Equidad de G\u00e9nero, Isidora Gacit\u00faa Goles, se dirigi\u00f3 a estudiantes del Colegio Alborada durante el acto conmemorativo del D\u00eda Internacional de la Eliminaci\u00f3n de la Violencia contra las Mujeres. Este a\u00f1o, la actividad tuvo un \u00e9nfasis especial en las juventudes, grupo etario donde la violencia de g\u00e9nero ha mostrado un preocupante aumento, subrayando la importancia de la prevenci\u00f3n.<\/p>\n<p style=\"text-align: justify;\">\u201cComo Gobierno, estamos profundamente comprometidos con construir una nueva forma de relacionarnos como sociedad, en la que los hechos de violencia sean la excepci\u00f3n. Toda nuestra institucionalidad y voluntad pol\u00edtica est\u00e1n enfocadas en difundir, promover y generar los mejores ambientes estudiantiles, laborales y sociales para erradicar por completo la violencia de g\u00e9nero\u201d, declar\u00f3 el delegado Presidencial Regional, Jorge D\u00edaz Guzm\u00e1n.<\/p>\n<p style=\"text-align: justify;\">En esta instancia, se present\u00f3 la campa\u00f1a #NoLaHagasViral, impulsada por el Ministerio de la Mujer y la Equidad de G\u00e9nero. Esta iniciativa hace un llamado urgente a no normalizar las expresiones de violencia en las juventudes e insta a la sociedad a acompa\u00f1ar, intervenir, denunciar y utilizar los canales disponibles para orientaci\u00f3n y apoyo, como los n\u00fameros de emergencia 133 y 149 de Carabineros, el 134 de la PDI, y el 1455 de SernamEG, este \u00faltimo dirigido a mujeres mayores de 18 a\u00f1os.<\/p>\n<p style=\"text-align: justify;\">La campa\u00f1a responde al aumento de casos de violencia registrados entre j\u00f3venes, evidenciado por la Encuesta Nacional Urbana de Seguridad Ciudadana 2023 (ENUSC), donde un 37,2% de j\u00f3venes entre 15 y 19 a\u00f1os declar\u00f3 haber sufrido acoso sexual en el \u00faltimo a\u00f1o, y un 3,9% report\u00f3 haber sido v\u00edctima de ciberacoso. Asimismo, la Encuesta Nacional de Juventudes 2022 (INJUV) reflej\u00f3 un incremento en todas las formas de violencia en relaciones de pareja, alcanzando los niveles m\u00e1s altos en 10 a\u00f1os, con excepci\u00f3n de la violencia econ\u00f3mica.<\/p>\n<p style=\"text-align: justify;\">La directora regional de SernamEG, Patricia Baeza Cabezas, coment\u00f3: \u201cEsta campa\u00f1a nos permite proyectar un trabajo sostenido durante 2024 y 2025, enfocado en las juventudes y la violencia en el pololeo, un espacio donde lamentablemente se han naturalizado pr\u00e1cticas violentas. Por ello, es crucial trabajar en la prevenci\u00f3n\u201d.<\/p>\n<p style=\"text-align: justify;\">La campa\u00f1a se gest\u00f3 a trav\u00e9s de un proceso participativo que involucr\u00f3 a 209 estudiantes de ense\u00f1anza media a nivel nacional, quienes compartieron sus perspectivas en focus groups sobre ciberacoso y violencia en espacios digitales. En la regi\u00f3n de Ays\u00e9n, participaron nueve estudiantes del Liceo Josefina Aguirre, quienes expresaron sus inquietudes y testimonios.\u201d<\/p>\n<p style=\"text-align: justify;\">\u201cLa regi\u00f3n de Ays\u00e9n est\u00e1 en el quinto lugar de las regiones con mayor tasa de feminicidios frustrados a nivel nacional, pero al mismo tiempo, presenta los menores \u00edndices de j\u00f3venes que declaren sufrir violencia en sus relaciones de pareja; esta brecha entre las vivencias declaradas por j\u00f3venes y adultos permite pensar c\u00f3mo se da la violencia y c\u00f3mo los j\u00f3venes la perciben. Por lo tanto, el llamado es a no normalizar la violencia. Como dice la campa\u00f1a, hay muchas situaciones que pueden parecer normales, pero son violencia de g\u00e9nero. Necesitamos que las y los j\u00f3venes sepan identificarlas y no viralicen la violencia\u201d,\u00a0 recalc\u00f3\u00a0 Isidora Gacit\u00faa Goles, seremi de la Mujer y la Equidad de G\u00e9nero.<\/p>\n<p style=\"text-align: justify;\">La jornada estuvo marcada por presentaciones culturales, como la danza inspirada en el tema Paloma ausente de Violeta Parra, realizada por estudiantes del establecimiento, y el emotivo discurso de Fernanda Hern\u00e1ndez Ortega, estudiante de tercer a\u00f1o de ense\u00f1anza media, quien se\u00f1al\u00f3: \u201cEl mensaje es claro: la violencia no debe ser compartida ni amplificada. Este tipo de situaciones perpet\u00faan grietas que como sociedad a\u00fan no sabemos subsanar\u201d.<\/p>\n<p style=\"text-align: justify;\"><strong>Avances en materia de g\u00e9nero<\/strong><\/p>\n<p style=\"text-align: justify;\">La agenda de Gobierno Chile para Todas ha impulsado importantes avances para garantizar el derecho de ni\u00f1as y mujeres a vivir libres de violencia. Entre estos destacan la Ley Integral para Prevenir, Sancionar y Erradicar la Violencia contra las Mujeres, aprobada tras siete a\u00f1os de tramitaci\u00f3n; la Ley Antonia, que protege a v\u00edctimas de delitos sexuales y tipifica el suicidio femicida; y la ley de reparaci\u00f3n para v\u00edctimas de femicidio, que ya ha otorgado 133 pensiones a ni\u00f1os, ni\u00f1as y adolescentes que perdieron a sus madres.<\/p>\n<p style=\"text-align: justify;\">En el \u00e1mbito regional, se destaca la reciente inauguraci\u00f3n del Centro de Atenci\u00f3n Especializada en Violencias de G\u00e9nero en Cochrane, un compromiso presidencial que busca atender a mujeres de la provincia de Capit\u00e1n Prat, respondiendo a una demanda hist\u00f3rica de apoyo en el extremo sur de Ays\u00e9n.<\/p>\n<\/div><\/section><\/div><div  style='height:50px' class='hr hr-invisible   avia-builder-el-6  el_after_av_one_full  el_before_av_social_share '><span class='hr-inner ' ><span class='hr-inner-style'><\/span><\/span><\/div><\/p>\n<div  class='av-social-sharing-box  avia-builder-el-7  el_after_av_hr  el_before_av_hr  '><div class='av-share-box'><h5 class='av-share-link-description av-no-toc '>Compartir esta noticia<\/h5><ul class='av-share-box-list noLightbox'><li class='av-share-link av-social-link-facebook' ><a target=\"_blank\" aria-label=\"Compartir en Facebook\" href='https:\/\/www.facebook.com\/sharer.php?u=https:\/\/radiorevelacionfm.cl\/?p=48325&#038;t=Lanzan%20Campa%C3%B1a%20%E2%80%9CNo%20la%20hagas%20viral%E2%80%9D%20con%20enfoque%20en%20juventudes%20para%20prevenir%20la%20violencia%20de%20g%C3%A9nero' aria-hidden='false' data-av_icon='\ue8f3' data-av_iconfont='entypo-fontello' title='' data-avia-related-tooltip='Compartir en Facebook' rel=\"noopener\"><span class='avia_hidden_link_text'>Compartir en Facebook<\/span><\/a><\/li><li class='av-share-link av-social-link-twitter' ><a target=\"_blank\" aria-label=\"Compartir en Twitter\" href='https:\/\/twitter.com\/share?text=Lanzan%20Campa%C3%B1a%20%E2%80%9CNo%20la%20hagas%20viral%E2%80%9D%20con%20enfoque%20en%20juventudes%20para%20prevenir%20la%20violencia%20de%20g%C3%A9nero&#038;url=https:\/\/radiorevelacionfm.cl\/?p=48325' aria-hidden='false' data-av_icon='\ue8f1' data-av_iconfont='entypo-fontello' title='' data-avia-related-tooltip='Compartir en Twitter' rel=\"noopener\"><span class='avia_hidden_link_text'>Compartir en Twitter<\/span><\/a><\/li><li class='av-share-link av-social-link-whatsapp' ><a target=\"_blank\" aria-label=\"Compartir en Whatsapp\" href='https:\/\/api.whatsapp.com\/send?text=https:\/\/radiorevelacionfm.cl\/?p=48325' aria-hidden='false' data-av_icon='\uf232' data-av_iconfont='entypo-fontello' title='' data-avia-related-tooltip='Compartir en Whatsapp' rel=\"noopener\"><span class='avia_hidden_link_text'>Compartir en Whatsapp<\/span><\/a><\/li><li class='av-share-link av-social-link-linkedin' ><a target=\"_blank\" aria-label=\"Compartir en LinkedIn\" href='https:\/\/linkedin.com\/shareArticle?mini=true&#038;title=Lanzan%20Campa%C3%B1a%20%E2%80%9CNo%20la%20hagas%20viral%E2%80%9D%20con%20enfoque%20en%20juventudes%20para%20prevenir%20la%20violencia%20de%20g%C3%A9nero&#038;url=https:\/\/radiorevelacionfm.cl\/?p=48325' aria-hidden='false' data-av_icon='\ue8fc' data-av_iconfont='entypo-fontello' title='' data-avia-related-tooltip='Compartir en LinkedIn' rel=\"noopener\"><span class='avia_hidden_link_text'>Compartir en LinkedIn<\/span><\/a><\/li><li class='av-share-link av-social-link-mail' ><a  aria-label=\"Compartir por correo\" href='mailto:?subject=Lanzan%20Campa%C3%B1a%20%E2%80%9CNo%20la%20hagas%20viral%E2%80%9D%20con%20enfoque%20en%20juventudes%20para%20prevenir%20la%20violencia%20de%20g%C3%A9nero&#038;body=https:\/\/radiorevelacionfm.cl\/?p=48325' aria-hidden='false' data-av_icon='\ue805' data-av_iconfont='entypo-fontello' title='' data-avia-related-tooltip='Compartir por correo'><span class='avia_hidden_link_text'>Compartir por correo<\/span><\/a><\/li><\/ul><\/div><\/div>\n<div  style='height:50px' class='hr hr-invisible   avia-builder-el-8  el_after_av_social_share  el_before_av_comments_list '><span class='hr-inner ' ><span class='hr-inner-style'><\/span><\/span><\/div>\n<div  class='av-buildercomment  av-blog-meta-html-info-disabled av-blog-meta-tag-disabled  '><\/div>\n","protected":false},"excerpt":{"rendered":"","protected":false},"author":1,"featured_media":48326,"comment_status":"open","ping_status":"open","sticky":false,"template":"","format":"standard","meta":{"footnotes":""},"categories":[38],"tags":[],"class_list":["post-48325","post","type-post","status-publish","format-standard","has-post-thumbnail","hentry","category-regional"],"jetpack_featured_media_url":"https:\/\/radiorevelacionfm.cl\/wp-content\/uploads\/2024\/11\/WhatsApp-Image-2024-11-25-at-14.47.49-2-2.jpeg","_links":{"self":[{"href":"https:\/\/radiorevelacionfm.cl\/index.php?rest_route=\/wp\/v2\/posts\/48325","targetHints":{"allow":["GET"]}}],"collection":[{"href":"https:\/\/radiorevelacionfm.cl\/index.php?rest_route=\/wp\/v2\/posts"}],"about":[{"href":"https:\/\/radiorevelacionfm.cl\/index.php?rest_route=\/wp\/v2\/types\/post"}],"author":[{"embeddable":true,"href":"https:\/\/radiorevelacionfm.cl\/index.php?rest_route=\/wp\/v2\/users\/1"}],"replies":[{"embeddable":true,"href":"https:\/\/radiorevelacionfm.cl\/index.php?rest_route=%2Fwp%2Fv2%2Fcomments&post=48325"}],"version-history":[{"count":1,"href":"https:\/\/radiorevelacionfm.cl\/index.php?rest_route=\/wp\/v2\/posts\/48325\/revisions"}],"predecessor-version":[{"id":48327,"href":"https:\/\/radiorevelacionfm.cl\/index.php?rest_route=\/wp\/v2\/posts\/48325\/revisions\/48327"}],"wp:featuredmedia":[{"embeddable":true,"href":"https:\/\/radiorevelacionfm.cl\/index.php?rest_route=\/wp\/v2\/media\/48326"}],"wp:attachment":[{"href":"https:\/\/radiorevelacionfm.cl\/index.php?rest_route=%2Fwp%2Fv2%2Fmedia&parent=48325"}],"wp:term":[{"taxonomy":"category","embeddable":true,"href":"https:\/\/radiorevelacionfm.cl\/index.php?rest_route=%2Fwp%2Fv2%2Fcategories&post=48325"},{"taxonomy":"post_tag","embeddable":true,"href":"https:\/\/radiorevelacionfm.cl\/index.php?rest_route=%2Fwp%2Fv2%2Ftags&post=48325"}],"curies":[{"name":"wp","href":"https:\/\/api.w.org\/{rel}","templated":true}]}}