{"id":48322,"date":"2024-11-27T21:22:03","date_gmt":"2024-11-28T00:22:03","guid":{"rendered":"https:\/\/radiorevelacionfm.cl\/?p=48322"},"modified":"2024-11-27T21:22:03","modified_gmt":"2024-11-28T00:22:03","slug":"presidenta-de-la-camara-de-comercio-de-coyhaique-debemos-proteger-al-comercio-formal-principal-empleador-del-pais","status":"publish","type":"post","link":"https:\/\/radiorevelacionfm.cl\/?p=48322","title":{"rendered":"Presidenta de la C\u00e1mara de Comercio de Coyhaique: \u00abDebemos proteger al Comercio formal,  principal empleador del pa\u00eds\u00bb"},"content":{"rendered":"<div class=\"flex_column av_one_full  flex_column_div av-zero-column-padding first  avia-builder-el-0  el_before_av_one_full  avia-builder-el-first  \" style='border-radius:0px; '><div  class='avia-image-container  av-styling-    avia-builder-el-1  avia-builder-el-no-sibling  avia-align-center '  itemprop=\"image\" itemscope=\"itemscope\" itemtype=\"https:\/\/schema.org\/ImageObject\"  ><div class='avia-image-container-inner'><div class='avia-image-overlay-wrap'><img decoding=\"async\" class='wp-image-48323 avia-img-lazy-loading-not-48323 avia_image' src=\"https:\/\/radiorevelacionfm.cl\/wp-content\/uploads\/2024\/11\/DAISSY-MONDELO-PDTA-CAMARA-DE-COMERCIO-COYHAIQUE-2-2-2.jpg\" alt='' title='DAISSY MONDELO, PDTA CAMARA DE COMERCIO COYHAIQUE-2-2-2' height=\"600\" width=\"890\"  itemprop=\"thumbnailUrl\" srcset=\"https:\/\/radiorevelacionfm.cl\/wp-content\/uploads\/2024\/11\/DAISSY-MONDELO-PDTA-CAMARA-DE-COMERCIO-COYHAIQUE-2-2-2.jpg 890w, https:\/\/radiorevelacionfm.cl\/wp-content\/uploads\/2024\/11\/DAISSY-MONDELO-PDTA-CAMARA-DE-COMERCIO-COYHAIQUE-2-2-2-300x202.jpg 300w, https:\/\/radiorevelacionfm.cl\/wp-content\/uploads\/2024\/11\/DAISSY-MONDELO-PDTA-CAMARA-DE-COMERCIO-COYHAIQUE-2-2-2-768x518.jpg 768w, https:\/\/radiorevelacionfm.cl\/wp-content\/uploads\/2024\/11\/DAISSY-MONDELO-PDTA-CAMARA-DE-COMERCIO-COYHAIQUE-2-2-2-705x475.jpg 705w, https:\/\/radiorevelacionfm.cl\/wp-content\/uploads\/2024\/11\/DAISSY-MONDELO-PDTA-CAMARA-DE-COMERCIO-COYHAIQUE-2-2-2-450x303.jpg 450w, https:\/\/radiorevelacionfm.cl\/wp-content\/uploads\/2024\/11\/DAISSY-MONDELO-PDTA-CAMARA-DE-COMERCIO-COYHAIQUE-2-2-2-600x404.jpg 600w\" sizes=\"(max-width: 890px) 100vw, 890px\" \/><\/div><\/div><\/div><\/div><div class=\"flex_column av_one_full  flex_column_div av-zero-column-padding first  avia-builder-el-2  el_after_av_one_full  el_before_av_one_full  column-top-margin\" style='border-radius:0px; '><section class=\"av_textblock_section \"  itemscope=\"itemscope\" itemtype=\"https:\/\/schema.org\/BlogPosting\" itemprop=\"blogPost\" ><div class='avia_textblock  '   itemprop=\"text\" ><p class=\"v1MsoNormal\" style=\"text-align: center;\" align=\"center\"><span style=\"font-size: 18pt;\"><b>Presidenta de la C\u00e1mara de Comercio Coyhaique:\u00a0<\/b><b>\u00abDebemos proteger al Comercio formal,\u00a0<\/b><b>principal empleador del pa\u00eds\u00bb<\/b><\/span><\/p>\n<div id=\"gtx-trans\" style=\"position: absolute; left: -50px; top: 4.31534px;\">\n<div class=\"gtx-trans-icon\"><\/div>\n<\/div>\n<\/div><\/section><\/div><div class=\"flex_column av_one_full  flex_column_div av-zero-column-padding first  avia-builder-el-4  el_after_av_one_full  el_before_av_hr  column-top-margin\" style='border-radius:0px; '><section class=\"av_textblock_section \"  itemscope=\"itemscope\" itemtype=\"https:\/\/schema.org\/BlogPosting\" itemprop=\"blogPost\" ><div class='avia_textblock  '   itemprop=\"text\" ><p style=\"text-align: justify;\"><em>Para el gremio, la iniciativa que se vuelve a discutir en el Congreso para adelantar el cierre del Comercio en procesos electorales debilitar\u00e1 a\u00fan m\u00e1s al sector formal, mientras el comercio ilegal sigue creciendo.<\/em><\/p>\n<p style=\"text-align: justify;\">Un llamado a cuidar y proteger la actividad del Comercio formal, realiz\u00f3 la Directora Zona Sur de la C\u00e1mara Nacional de Comercio (CNC)\u00a0y Presidenta de la C\u00e1mara de Comercio de Coyhaique, Daissy Mondelo Duhalde, ante iniciativas legislativas como adelantar el horario de cierre de tiendas, y que ingres\u00f3 el pasado 4 de octubre como proyecto de ley a la C\u00e1mara de Diputadas y Diputados.<\/p>\n<p style=\"text-align: justify;\">\u201cEl comercio formal representa un pilar esencial de nuestra econom\u00eda y sociedad, y actualmente, cerca de 2 millones de personas trabajan en este sector en el pa\u00eds, consolid\u00e1ndolo como el principal generador del empleo nacional\u201d, argument\u00f3 la presidenta del Comercio coyhaiquino.<\/p>\n<p style=\"text-align: justify;\">Asimismo, explic\u00f3 que al tratarse de un rubro cercano y fundamental en la vida cotidiana, y, a la vez, motor de una diversidad de servicios y pieza clave para el desarrollo econ\u00f3mico, ha debido enfrentar, en los \u00faltimos a\u00f1os, una serie de restricciones legales que dificultan su operaci\u00f3n, encarecen sus costos y limitan su crecimiento.<\/p>\n<p style=\"text-align: justify;\"><strong>RESTRICCIONES DE HORARIO<\/strong><\/p>\n<p style=\"text-align: justify;\">Mondelo record\u00f3 que hace un a\u00f1o se rechaz\u00f3 una propuesta similar a la que hoy se discute en el Congreso, y que busca adelantar los horarios de cierre del comercio y aumentar las restricciones de funcionamiento durante procesos electorales.<\/p>\n<p style=\"text-align: justify;\">\u201cEste tipo de medidas, aunque parecen bien intencionadas en apariencia, en el fondo generan consecuencias graves que afectan no s\u00f3lo a los trabajadores, sino tambi\u00e9n a los consumidores y a la econom\u00eda en general\u201d, sostuvo Daissy Mondelo.<\/p>\n<p style=\"text-align: justify;\">La dirigenta gremial destac\u00f3 los estudios realizados por la C\u00e1mara de Centros Comerciales que evidenciaron que adelantar los horarios de cierre podr\u00eda reducir hasta en un 48% el sueldo de aquellos que trabajan con jornadas parciales. Es decir, se trata de un impacto particularmente preocupante en un contexto donde muchas familias dependen de estos ingresos.<\/p>\n<p style=\"text-align: justify;\">Asimismo, la representante de la CNC, asegur\u00f3 que en las recientes elecciones del 26 de octubre pasado, el 59% de los ciudadanos habilitados ejerci\u00f3 su deber c\u00edvico sin que ello implicara paralizar la actividad comercial.<\/p>\n<p style=\"text-align: justify;\">\u201cEsto demuestra que es perfectamente compatible el funcionamiento del Comercio con la participaci\u00f3n ciudadana en procesos democr\u00e1ticos. Sin embargo, desde 2020, el comercio formal ya ha enfrentado restricciones en 16 jornadas debido a elecciones, una carga que no tiene justificaci\u00f3n en los resultados. Y a\u00fan m\u00e1s, lo anterior mientras el comercio ilegal sigue en aumento, alcanzando un preocupante 27% seg\u00fan datos del INE, por lo que pedimos a las autoridades y legisladores que reconsideren estas propuestas y prioricen iniciativas que promuevan el desarrollo del comercio formal, garantizando un equilibrio entre las necesidades de los trabajadores, la seguridad ciudadana y el dinamismo econ\u00f3mico\u201d, concluy\u00f3 Daissy Mondelo.<\/p>\n<\/div><\/section><\/div><div  style='height:50px' class='hr hr-invisible   avia-builder-el-6  el_after_av_one_full  el_before_av_social_share '><span class='hr-inner ' ><span class='hr-inner-style'><\/span><\/span><\/div><\/p>\n<div  class='av-social-sharing-box  avia-builder-el-7  el_after_av_hr  el_before_av_hr  '><div class='av-share-box'><h5 class='av-share-link-description av-no-toc '>Compartir esta noticia<\/h5><ul class='av-share-box-list noLightbox'><li class='av-share-link av-social-link-facebook' ><a target=\"_blank\" aria-label=\"Compartir en Facebook\" href='https:\/\/www.facebook.com\/sharer.php?u=https:\/\/radiorevelacionfm.cl\/?p=48322&#038;t=Presidenta%20de%20la%20C%C3%A1mara%20de%20Comercio%20de%20Coyhaique%3A%20%C2%ABDebemos%20proteger%20al%20Comercio%20formal%2C%20%20principal%20empleador%20del%20pa%C3%ADs%C2%BB' aria-hidden='false' data-av_icon='\ue8f3' data-av_iconfont='entypo-fontello' title='' data-avia-related-tooltip='Compartir en Facebook' rel=\"noopener\"><span class='avia_hidden_link_text'>Compartir en Facebook<\/span><\/a><\/li><li class='av-share-link av-social-link-twitter' ><a target=\"_blank\" aria-label=\"Compartir en Twitter\" href='https:\/\/twitter.com\/share?text=Presidenta%20de%20la%20C%C3%A1mara%20de%20Comercio%20de%20Coyhaique%3A%20%C2%ABDebemos%20proteger%20al%20Comercio%20formal%2C%20%20principal%20empleador%20del%20pa%C3%ADs%C2%BB&#038;url=https:\/\/radiorevelacionfm.cl\/?p=48322' aria-hidden='false' data-av_icon='\ue8f1' data-av_iconfont='entypo-fontello' title='' data-avia-related-tooltip='Compartir en Twitter' rel=\"noopener\"><span class='avia_hidden_link_text'>Compartir en Twitter<\/span><\/a><\/li><li class='av-share-link av-social-link-whatsapp' ><a target=\"_blank\" aria-label=\"Compartir en Whatsapp\" href='https:\/\/api.whatsapp.com\/send?text=https:\/\/radiorevelacionfm.cl\/?p=48322' aria-hidden='false' data-av_icon='\uf232' data-av_iconfont='entypo-fontello' title='' data-avia-related-tooltip='Compartir en Whatsapp' rel=\"noopener\"><span class='avia_hidden_link_text'>Compartir en Whatsapp<\/span><\/a><\/li><li class='av-share-link av-social-link-linkedin' ><a target=\"_blank\" aria-label=\"Compartir en LinkedIn\" href='https:\/\/linkedin.com\/shareArticle?mini=true&#038;title=Presidenta%20de%20la%20C%C3%A1mara%20de%20Comercio%20de%20Coyhaique%3A%20%C2%ABDebemos%20proteger%20al%20Comercio%20formal%2C%20%20principal%20empleador%20del%20pa%C3%ADs%C2%BB&#038;url=https:\/\/radiorevelacionfm.cl\/?p=48322' aria-hidden='false' data-av_icon='\ue8fc' data-av_iconfont='entypo-fontello' title='' data-avia-related-tooltip='Compartir en LinkedIn' rel=\"noopener\"><span class='avia_hidden_link_text'>Compartir en LinkedIn<\/span><\/a><\/li><li class='av-share-link av-social-link-mail' ><a  aria-label=\"Compartir por correo\" href='mailto:?subject=Presidenta%20de%20la%20C%C3%A1mara%20de%20Comercio%20de%20Coyhaique%3A%20%C2%ABDebemos%20proteger%20al%20Comercio%20formal%2C%20%20principal%20empleador%20del%20pa%C3%ADs%C2%BB&#038;body=https:\/\/radiorevelacionfm.cl\/?p=48322' aria-hidden='false' data-av_icon='\ue805' data-av_iconfont='entypo-fontello' title='' data-avia-related-tooltip='Compartir por correo'><span class='avia_hidden_link_text'>Compartir por correo<\/span><\/a><\/li><\/ul><\/div><\/div>\n<div  style='height:50px' class='hr hr-invisible   avia-builder-el-8  el_after_av_social_share  el_before_av_comments_list '><span class='hr-inner ' ><span class='hr-inner-style'><\/span><\/span><\/div>\n<div  class='av-buildercomment  av-blog-meta-html-info-disabled av-blog-meta-tag-disabled  '><\/div>\n","protected":false},"excerpt":{"rendered":"","protected":false},"author":1,"featured_media":48323,"comment_status":"open","ping_status":"open","sticky":false,"template":"","format":"standard","meta":{"footnotes":""},"categories":[38],"tags":[],"class_list":["post-48322","post","type-post","status-publish","format-standard","has-post-thumbnail","hentry","category-regional"],"jetpack_featured_media_url":"https:\/\/radiorevelacionfm.cl\/wp-content\/uploads\/2024\/11\/DAISSY-MONDELO-PDTA-CAMARA-DE-COMERCIO-COYHAIQUE-2-2-2.jpg","_links":{"self":[{"href":"https:\/\/radiorevelacionfm.cl\/index.php?rest_route=\/wp\/v2\/posts\/48322","targetHints":{"allow":["GET"]}}],"collection":[{"href":"https:\/\/radiorevelacionfm.cl\/index.php?rest_route=\/wp\/v2\/posts"}],"about":[{"href":"https:\/\/radiorevelacionfm.cl\/index.php?rest_route=\/wp\/v2\/types\/post"}],"author":[{"embeddable":true,"href":"https:\/\/radiorevelacionfm.cl\/index.php?rest_route=\/wp\/v2\/users\/1"}],"replies":[{"embeddable":true,"href":"https:\/\/radiorevelacionfm.cl\/index.php?rest_route=%2Fwp%2Fv2%2Fcomments&post=48322"}],"version-history":[{"count":1,"href":"https:\/\/radiorevelacionfm.cl\/index.php?rest_route=\/wp\/v2\/posts\/48322\/revisions"}],"predecessor-version":[{"id":48324,"href":"https:\/\/radiorevelacionfm.cl\/index.php?rest_route=\/wp\/v2\/posts\/48322\/revisions\/48324"}],"wp:featuredmedia":[{"embeddable":true,"href":"https:\/\/radiorevelacionfm.cl\/index.php?rest_route=\/wp\/v2\/media\/48323"}],"wp:attachment":[{"href":"https:\/\/radiorevelacionfm.cl\/index.php?rest_route=%2Fwp%2Fv2%2Fmedia&parent=48322"}],"wp:term":[{"taxonomy":"category","embeddable":true,"href":"https:\/\/radiorevelacionfm.cl\/index.php?rest_route=%2Fwp%2Fv2%2Fcategories&post=48322"},{"taxonomy":"post_tag","embeddable":true,"href":"https:\/\/radiorevelacionfm.cl\/index.php?rest_route=%2Fwp%2Fv2%2Ftags&post=48322"}],"curies":[{"name":"wp","href":"https:\/\/api.w.org\/{rel}","templated":true}]}}