{"id":48319,"date":"2024-11-27T20:57:10","date_gmt":"2024-11-27T23:57:10","guid":{"rendered":"https:\/\/radiorevelacionfm.cl\/?p=48319"},"modified":"2024-11-27T20:57:10","modified_gmt":"2024-11-27T23:57:10","slug":"con-un-conversatorio-y-muestra-fotografica-jardin-de-memorias-aysen-resaltaron-los-160-anos-de-la-educacion-parvularia","status":"publish","type":"post","link":"https:\/\/radiorevelacionfm.cl\/?p=48319","title":{"rendered":"Con un conversatorio y muestra fotogr\u00e1fica Jard\u00edn de Memorias Ays\u00e9n resaltaron los 160 a\u00f1os de la Educaci\u00f3n Parvularia"},"content":{"rendered":"<div class=\"flex_column av_one_full  flex_column_div av-zero-column-padding first  avia-builder-el-0  el_before_av_one_full  avia-builder-el-first  \" style='border-radius:0px; '><div  class='avia-image-container  av-styling-    avia-builder-el-1  avia-builder-el-no-sibling  avia-align-center '  itemprop=\"image\" itemscope=\"itemscope\" itemtype=\"https:\/\/schema.org\/ImageObject\"  ><div class='avia-image-container-inner'><div class='avia-image-overlay-wrap'><img decoding=\"async\" class='wp-image-48320 avia-img-lazy-loading-not-48320 avia_image' src=\"https:\/\/radiorevelacionfm.cl\/wp-content\/uploads\/2024\/11\/ed-destacadas-2_optimized.jpg\" alt='' title='ed-destacadas-2_optimized' height=\"600\" width=\"800\"  itemprop=\"thumbnailUrl\" srcset=\"https:\/\/radiorevelacionfm.cl\/wp-content\/uploads\/2024\/11\/ed-destacadas-2_optimized.jpg 800w, https:\/\/radiorevelacionfm.cl\/wp-content\/uploads\/2024\/11\/ed-destacadas-2_optimized-300x225.jpg 300w, https:\/\/radiorevelacionfm.cl\/wp-content\/uploads\/2024\/11\/ed-destacadas-2_optimized-768x576.jpg 768w, https:\/\/radiorevelacionfm.cl\/wp-content\/uploads\/2024\/11\/ed-destacadas-2_optimized-705x529.jpg 705w, https:\/\/radiorevelacionfm.cl\/wp-content\/uploads\/2024\/11\/ed-destacadas-2_optimized-450x338.jpg 450w, https:\/\/radiorevelacionfm.cl\/wp-content\/uploads\/2024\/11\/ed-destacadas-2_optimized-600x450.jpg 600w\" sizes=\"(max-width: 800px) 100vw, 800px\" \/><\/div><\/div><\/div><\/div><div class=\"flex_column av_one_full  flex_column_div av-zero-column-padding first  avia-builder-el-2  el_after_av_one_full  el_before_av_one_full  column-top-margin\" style='border-radius:0px; '><section class=\"av_textblock_section \"  itemscope=\"itemscope\" itemtype=\"https:\/\/schema.org\/BlogPosting\" itemprop=\"blogPost\" ><div class='avia_textblock  '   itemprop=\"text\" ><p style=\"text-align: center;\"><strong><span style=\"font-size: 18pt;\">Con un conversatorio y muestra fotogr\u00e1fica Jard\u00edn de Memorias Ays\u00e9n resaltaron los 160 a\u00f1os de la Educaci\u00f3n Parvularia<\/span><\/strong><\/p>\n<div id=\"gtx-trans\" style=\"position: absolute; left: -50px; top: 4.31534px;\">\n<div class=\"gtx-trans-icon\"><\/div>\n<\/div>\n<\/div><\/section><\/div><div class=\"flex_column av_one_full  flex_column_div av-zero-column-padding first  avia-builder-el-4  el_after_av_one_full  el_before_av_hr  column-top-margin\" style='border-radius:0px; '><section class=\"av_textblock_section \"  itemscope=\"itemscope\" itemtype=\"https:\/\/schema.org\/BlogPosting\" itemprop=\"blogPost\" ><div class='avia_textblock  '   itemprop=\"text\" ><p class=\"v1MsoNormal\" style=\"text-align: justify;\">Para resaltar los 160 a\u00f1os de la Educaci\u00f3n Parvularia P\u00fablica en Chile, la Subsecretar\u00eda de Educaci\u00f3n Parvularia convoc\u00f3 en <a href=\"https:\/\/www.facebook.com\/hashtag\/coyhaique?__eep__=6&amp;__cft__%5b0%5d=AZWFCEJHRY-yvO-6UBsCJaVpifH4U18uqD8PymWv0jwRLa9lV63NERgxP_BJP9VCyOTyA9UgN3mRCK6XOcCwGl_4RL0AHNtdxyOerZ_DzBlJTYqToU6PYXitzN5tSo1dsR576eF2IVzrLXZ4WEY3XaER-AaTPiK-yq_K7R1MFDOtvDGYgu5etEhgFnf-VjySQfg&amp;__tn__=*NK-R\" target=\"_blank\" rel=\"noopener noreferrer\">Coyhaique<\/a> al encuentro \u201cConversatorio Huellas e historia con pertinencia territorial\u201d y a la Muestra Fotogr\u00e1fica Jard\u00edn de Memorias Ays\u00e9n.<\/p>\n<p class=\"v1MsoNormal\" style=\"text-align: justify;\">En la actividad estuvieron presentes la Jefa del Departamento Provincial de Educaci\u00f3n Coyhaique, Michelle Grondona Manac\u00e1, la Directora Regional de Fundaci\u00f3n Integra, Leticia Araya, el Director Regional de JUNJI, Juan Eduardo Lorca, y funcionarios y funcionarias de los servicios del Ministerio de Educaci\u00f3n, y educadoras de p\u00e1rvulos de jardines infantiles y escuelas de la comuna de Ays\u00e9n y Coyhaique.<\/p>\n<p class=\"v1MsoNormal\" style=\"text-align: justify;\">En la oportunidad, se reconoci\u00f3 y valor\u00f3 la trayectoria profesional de educadoras de p\u00e1rvulos de la regi\u00f3n de Ays\u00e9n, a trav\u00e9s de relatos e historias que dan cuentan de los cambios, avances y proyecciones para el nivel. Fueron distinguidas Mar\u00eda Francisca Rojas, Mar\u00eda Ang\u00e9lica Reyes, Mar\u00eda In\u00e9s Mardones, Yerka Manac\u00e1, Ana Mar\u00eda Schartzmann y Gloria Cort\u00e9s.<\/p>\n<p class=\"v1MsoNormal\" style=\"text-align: justify;\">La SEREMI de Educaci\u00f3n de Ays\u00e9n, Isabel Garrido, destac\u00f3 que \u201cEste a\u00f1o se celebra un acontecimiento hist\u00f3rico para la educaci\u00f3n en Chile: los 160 a\u00f1os de la Educaci\u00f3n Parvularia P\u00fablica. Desde la creaci\u00f3n de la primera escuela de p\u00e1rvulos por decreto del Ministerio de Justicia, Culto e Instrucci\u00f3n el 6 de octubre de 1864, hemos recorrido un largo camino en la valoraci\u00f3n y desarrollo de la educaci\u00f3n inicial.\u201d<\/p>\n<p class=\"v1MsoNormal\" style=\"text-align: justify;\">\u201cCon este hito de 160 a\u00f1os destacamos la participaci\u00f3n de las salas cuna, jardines infantiles y escuelas con larga trayectoria, as\u00ed como la de equipos educativos que han sido fundamentales en el desarrollo de esta historia y que han permitido generar sostenidos avances, y resaltar la importancia del juego en los aprendizajes tempranos. La educaci\u00f3n parvularia es un bien colectivo, que nos pertenece a todas y todos; mientras m\u00e1s ni\u00f1as y ni\u00f1os acceden a una educaci\u00f3n de calidad, hacemos de Chile un mejor pa\u00eds para todas y todos\u201d.<\/p>\n<p class=\"v1MsoNormal\" style=\"text-align: justify;\">En tanto, la Jefa del DEPROVED Coyhaique Michelle Grondona manifest\u00f3: \u201cDestacamos de esta actividad el conversatorio que se realiz\u00f3 con educadoras de p\u00e1rvulos destacadas en nuestro territorio, con quienes repasamos los principales logros del nivel en estos a\u00f1os y los desaf\u00edos futuros. La educaci\u00f3n parvularia p\u00fablica ha permitido incorporar al sistema educativo durante todo este tiempo a miles de ni\u00f1os sin importar su condici\u00f3n socioecon\u00f3mica, Hemos avanzado mucho en este nivel de educaci\u00f3n inicial que es clave para la trayectoria educativa, hemos pasado desde la mirada del jard\u00edn infantil como un espacio de asistencialismo social y de cuidados a un espacio educativo de alta profesionalizaci\u00f3n de la carrera donde est\u00e1n nuestras ni\u00f1as y nuestros ni\u00f1os hasta los 5 a\u00f1os y donde se logran las primeras habilidades que les permitir\u00e1n posteriormente mantenerse y avanzar con \u00e9xito en la trayectoria educativa\u201d.<\/p>\n<\/div><\/section><\/div><div  style='height:50px' class='hr hr-invisible   avia-builder-el-6  el_after_av_one_full  el_before_av_social_share '><span class='hr-inner ' ><span class='hr-inner-style'><\/span><\/span><\/div><\/p>\n<div  class='av-social-sharing-box  avia-builder-el-7  el_after_av_hr  el_before_av_hr  '><div class='av-share-box'><h5 class='av-share-link-description av-no-toc '>Compartir esta noticia<\/h5><ul class='av-share-box-list noLightbox'><li class='av-share-link av-social-link-facebook' ><a target=\"_blank\" aria-label=\"Compartir en Facebook\" href='https:\/\/www.facebook.com\/sharer.php?u=https:\/\/radiorevelacionfm.cl\/?p=48319&#038;t=Con%20un%20conversatorio%20y%20muestra%20fotogr%C3%A1fica%20Jard%C3%ADn%20de%20Memorias%20Ays%C3%A9n%20resaltaron%20los%20160%20a%C3%B1os%20de%20la%20Educaci%C3%B3n%20Parvularia' aria-hidden='false' data-av_icon='\ue8f3' data-av_iconfont='entypo-fontello' title='' data-avia-related-tooltip='Compartir en Facebook' rel=\"noopener\"><span class='avia_hidden_link_text'>Compartir en Facebook<\/span><\/a><\/li><li class='av-share-link av-social-link-twitter' ><a target=\"_blank\" aria-label=\"Compartir en Twitter\" href='https:\/\/twitter.com\/share?text=Con%20un%20conversatorio%20y%20muestra%20fotogr%C3%A1fica%20Jard%C3%ADn%20de%20Memorias%20Ays%C3%A9n%20resaltaron%20los%20160%20a%C3%B1os%20de%20la%20Educaci%C3%B3n%20Parvularia&#038;url=https:\/\/radiorevelacionfm.cl\/?p=48319' aria-hidden='false' data-av_icon='\ue8f1' data-av_iconfont='entypo-fontello' title='' data-avia-related-tooltip='Compartir en Twitter' rel=\"noopener\"><span class='avia_hidden_link_text'>Compartir en Twitter<\/span><\/a><\/li><li class='av-share-link av-social-link-whatsapp' ><a target=\"_blank\" aria-label=\"Compartir en Whatsapp\" href='https:\/\/api.whatsapp.com\/send?text=https:\/\/radiorevelacionfm.cl\/?p=48319' aria-hidden='false' data-av_icon='\uf232' data-av_iconfont='entypo-fontello' title='' data-avia-related-tooltip='Compartir en Whatsapp' rel=\"noopener\"><span class='avia_hidden_link_text'>Compartir en Whatsapp<\/span><\/a><\/li><li class='av-share-link av-social-link-linkedin' ><a target=\"_blank\" aria-label=\"Compartir en LinkedIn\" href='https:\/\/linkedin.com\/shareArticle?mini=true&#038;title=Con%20un%20conversatorio%20y%20muestra%20fotogr%C3%A1fica%20Jard%C3%ADn%20de%20Memorias%20Ays%C3%A9n%20resaltaron%20los%20160%20a%C3%B1os%20de%20la%20Educaci%C3%B3n%20Parvularia&#038;url=https:\/\/radiorevelacionfm.cl\/?p=48319' aria-hidden='false' data-av_icon='\ue8fc' data-av_iconfont='entypo-fontello' title='' data-avia-related-tooltip='Compartir en LinkedIn' rel=\"noopener\"><span class='avia_hidden_link_text'>Compartir en LinkedIn<\/span><\/a><\/li><li class='av-share-link av-social-link-mail' ><a  aria-label=\"Compartir por correo\" href='mailto:?subject=Con%20un%20conversatorio%20y%20muestra%20fotogr%C3%A1fica%20Jard%C3%ADn%20de%20Memorias%20Ays%C3%A9n%20resaltaron%20los%20160%20a%C3%B1os%20de%20la%20Educaci%C3%B3n%20Parvularia&#038;body=https:\/\/radiorevelacionfm.cl\/?p=48319' aria-hidden='false' data-av_icon='\ue805' data-av_iconfont='entypo-fontello' title='' data-avia-related-tooltip='Compartir por correo'><span class='avia_hidden_link_text'>Compartir por correo<\/span><\/a><\/li><\/ul><\/div><\/div>\n<div  style='height:50px' class='hr hr-invisible   avia-builder-el-8  el_after_av_social_share  el_before_av_comments_list '><span class='hr-inner ' ><span class='hr-inner-style'><\/span><\/span><\/div>\n<div  class='av-buildercomment  av-blog-meta-html-info-disabled av-blog-meta-tag-disabled  '><\/div>\n","protected":false},"excerpt":{"rendered":"","protected":false},"author":1,"featured_media":48320,"comment_status":"open","ping_status":"open","sticky":false,"template":"","format":"standard","meta":{"footnotes":""},"categories":[49],"tags":[],"class_list":["post-48319","post","type-post","status-publish","format-standard","has-post-thumbnail","hentry","category-educacion"],"jetpack_featured_media_url":"https:\/\/radiorevelacionfm.cl\/wp-content\/uploads\/2024\/11\/ed-destacadas-2_optimized.jpg","_links":{"self":[{"href":"https:\/\/radiorevelacionfm.cl\/index.php?rest_route=\/wp\/v2\/posts\/48319","targetHints":{"allow":["GET"]}}],"collection":[{"href":"https:\/\/radiorevelacionfm.cl\/index.php?rest_route=\/wp\/v2\/posts"}],"about":[{"href":"https:\/\/radiorevelacionfm.cl\/index.php?rest_route=\/wp\/v2\/types\/post"}],"author":[{"embeddable":true,"href":"https:\/\/radiorevelacionfm.cl\/index.php?rest_route=\/wp\/v2\/users\/1"}],"replies":[{"embeddable":true,"href":"https:\/\/radiorevelacionfm.cl\/index.php?rest_route=%2Fwp%2Fv2%2Fcomments&post=48319"}],"version-history":[{"count":1,"href":"https:\/\/radiorevelacionfm.cl\/index.php?rest_route=\/wp\/v2\/posts\/48319\/revisions"}],"predecessor-version":[{"id":48321,"href":"https:\/\/radiorevelacionfm.cl\/index.php?rest_route=\/wp\/v2\/posts\/48319\/revisions\/48321"}],"wp:featuredmedia":[{"embeddable":true,"href":"https:\/\/radiorevelacionfm.cl\/index.php?rest_route=\/wp\/v2\/media\/48320"}],"wp:attachment":[{"href":"https:\/\/radiorevelacionfm.cl\/index.php?rest_route=%2Fwp%2Fv2%2Fmedia&parent=48319"}],"wp:term":[{"taxonomy":"category","embeddable":true,"href":"https:\/\/radiorevelacionfm.cl\/index.php?rest_route=%2Fwp%2Fv2%2Fcategories&post=48319"},{"taxonomy":"post_tag","embeddable":true,"href":"https:\/\/radiorevelacionfm.cl\/index.php?rest_route=%2Fwp%2Fv2%2Ftags&post=48319"}],"curies":[{"name":"wp","href":"https:\/\/api.w.org\/{rel}","templated":true}]}}