{"id":48316,"date":"2024-11-27T18:25:57","date_gmt":"2024-11-27T21:25:57","guid":{"rendered":"https:\/\/radiorevelacionfm.cl\/?p=48316"},"modified":"2024-11-27T18:25:57","modified_gmt":"2024-11-27T21:25:57","slug":"ministro-de-la-corte-suprema-realizo-visita-anual-a-tribunales-de-la-jurisdiccion-coyhaique","status":"publish","type":"post","link":"https:\/\/radiorevelacionfm.cl\/?p=48316","title":{"rendered":"Ministro de la Corte Suprema realiz\u00f3 visita anual a tribunales de la jurisdicci\u00f3n Coyhaique"},"content":{"rendered":"<div class=\"flex_column av_one_full  flex_column_div av-zero-column-padding first  avia-builder-el-0  el_before_av_one_full  avia-builder-el-first  \" style='border-radius:0px; '><div  class='avia-image-container  av-styling-    avia-builder-el-1  avia-builder-el-no-sibling  avia-align-center '  itemprop=\"image\" itemscope=\"itemscope\" itemtype=\"https:\/\/schema.org\/ImageObject\"  ><div class='avia-image-container-inner'><div class='avia-image-overlay-wrap'><img decoding=\"async\" class='wp-image-48317 avia-img-lazy-loading-not-48317 avia_image' src=\"https:\/\/radiorevelacionfm.cl\/wp-content\/uploads\/2024\/11\/Foto-04-2-2.jpg\" alt='' title='Foto 04-2-2' height=\"600\" width=\"904\"  itemprop=\"thumbnailUrl\" srcset=\"https:\/\/radiorevelacionfm.cl\/wp-content\/uploads\/2024\/11\/Foto-04-2-2.jpg 904w, https:\/\/radiorevelacionfm.cl\/wp-content\/uploads\/2024\/11\/Foto-04-2-2-300x199.jpg 300w, https:\/\/radiorevelacionfm.cl\/wp-content\/uploads\/2024\/11\/Foto-04-2-2-768x510.jpg 768w, https:\/\/radiorevelacionfm.cl\/wp-content\/uploads\/2024\/11\/Foto-04-2-2-705x468.jpg 705w, https:\/\/radiorevelacionfm.cl\/wp-content\/uploads\/2024\/11\/Foto-04-2-2-450x299.jpg 450w, https:\/\/radiorevelacionfm.cl\/wp-content\/uploads\/2024\/11\/Foto-04-2-2-600x398.jpg 600w\" sizes=\"(max-width: 904px) 100vw, 904px\" \/><\/div><\/div><\/div><\/div><div class=\"flex_column av_one_full  flex_column_div av-zero-column-padding first  avia-builder-el-2  el_after_av_one_full  el_before_av_one_full  column-top-margin\" style='border-radius:0px; '><section class=\"av_textblock_section \"  itemscope=\"itemscope\" itemtype=\"https:\/\/schema.org\/BlogPosting\" itemprop=\"blogPost\" ><div class='avia_textblock  '   itemprop=\"text\" ><p style=\"text-align: center;\"><span style=\"font-size: 18pt;\"><b>Ministro\u00a0 de la Corte Suprema realiz\u00f3 visita anual a tribunales de la jurisdicci\u00f3n Coyhaique<\/b><\/span><\/p>\n<div id=\"gtx-trans\" style=\"position: absolute; left: -50px; top: 4.31534px;\">\n<div class=\"gtx-trans-icon\"><\/div>\n<\/div>\n<\/div><\/section><\/div><div class=\"flex_column av_one_full  flex_column_div av-zero-column-padding first  avia-builder-el-4  el_after_av_one_full  el_before_av_hr  column-top-margin\" style='border-radius:0px; '><section class=\"av_textblock_section \"  itemscope=\"itemscope\" itemtype=\"https:\/\/schema.org\/BlogPosting\" itemprop=\"blogPost\" ><div class='avia_textblock  '   itemprop=\"text\" ><p class=\"v1MsoNormal\" style=\"text-align: justify;\">El ministro de la Corte Suprema Arturo Prado Puga desarroll\u00f3 -entre el lunes 25 y martes 26 de noviembre- su visita anual a los 10 tribunales que componen la jurisdicci\u00f3n de Coyhaique, instancia que le permiti\u00f3 interiorizarse sobre el trabajo de administraci\u00f3n de justicia en Ays\u00e9n.<\/p>\n<p class=\"v1MsoNormal\" style=\"text-align: justify;\">La visita -efectuada mediante la plataforma Zoom- fue la oportunidad para entrevistarse con el pleno de ministros, encabezado por el presidente (s) del tribunal de alzada, Pedro Castro Espinoza; adem\u00e1s de\u00a0 jueces, funcionarios y autoridades regionales.<\/p>\n<p class=\"v1MsoNormal\" style=\"text-align: justify;\">Tras concluir sus audiencias, el ministro Prado sostuvo que \u00ablo m\u00e1s notable es el ambiente de trabajo, con tanto compromiso, con tanta dedicaci\u00f3n, esmero y de manera presencial casi en un 100%. Y lo m\u00e1s importante, con tanta alegr\u00eda\u00bb.<\/p>\n<p class=\"v1MsoNormal\" style=\"text-align: justify;\">Agreg\u00f3 que \u00abllama la atenci\u00f3n que en un momento en que muchas veces hay crispaci\u00f3n, hay desencuentros, ac\u00e1, sin embargo, existe absoluta armon\u00eda, yo dir\u00eda, en las relaciones personales. Y salvo un foco muy aislado, muy singular, que s\u00e9 que est\u00e1n en v\u00edas de soluci\u00f3n, yo dir\u00eda que es un ejemplo de trabajo, de trabajo colectivo\u00bb.<\/p>\n<p class=\"v1MsoNormal\" style=\"text-align: justify;\"><b>Conectividad<\/b><\/p>\n<p class=\"v1MsoNormal\" style=\"text-align: justify;\">Dentro de las problem\u00e1ticas existentes, el ministro Prado indic\u00f3 que \u00abhe tomado nota de todos los problemas, que parten todos de ellos, de la misma fuente, que es la conexi\u00f3n de la regi\u00f3n. Una parte importante del a\u00f1o pasan con problemas de conexi\u00f3n digital y que a pesar de que son pocos kil\u00f3metros entre las ciudades, hacen que la distancia no se mida por n\u00famero de kil\u00f3metros, sino que por el n\u00famero de horas y por lo tanto se va a hacer un esfuerzo de reforzar las v\u00edas de conexi\u00f3n digital pasando a algo satelital, en los casos que as\u00ed lo requieran\u00bb.<\/p>\n<p class=\"v1MsoNormal\" style=\"text-align: justify;\">En otras tem\u00e1ticas de car\u00e1cter jurisdiccional, el ministro visitador dijo que \u00abla Corte va a ir reforzando cada vez m\u00e1s las posibilidades de descongestionar los juzgados justamente por el cargo de jueces destinados y\/o buscar una soluci\u00f3n alternativa\u00bb.<\/p>\n<p class=\"v1MsoNormal\" style=\"text-align: justify;\">Asimismo se\u00f1al\u00f3 que \u00abla Corte tambi\u00e9n est\u00e1 buscando m\u00e1s apoyo desde el punto de vista de las instituciones que auxilian al Poder Judicial, como es el Servicio M\u00e9dico Legal, especialmente en materia de peritajes\u00bb.<\/p>\n<p class=\"v1MsoNormal\" style=\"text-align: justify;\">\u00abY lo que es novedoso es la existencia a partir de enero de una secci\u00f3n femenina en la ciudad de Puerto Ays\u00e9n, en materia de personas con compromiso delictivo, que van a poder tener una parte del penal dedicado a personas de sexo femenino\u00bb, concluy\u00f3.<\/p>\n<\/div><\/section><\/div><div  style='height:50px' class='hr hr-invisible   avia-builder-el-6  el_after_av_one_full  el_before_av_social_share '><span class='hr-inner ' ><span class='hr-inner-style'><\/span><\/span><\/div><\/p>\n<div  class='av-social-sharing-box  avia-builder-el-7  el_after_av_hr  el_before_av_hr  '><div class='av-share-box'><h5 class='av-share-link-description av-no-toc '>Compartir esta noticia<\/h5><ul class='av-share-box-list noLightbox'><li class='av-share-link av-social-link-facebook' ><a target=\"_blank\" aria-label=\"Compartir en Facebook\" href='https:\/\/www.facebook.com\/sharer.php?u=https:\/\/radiorevelacionfm.cl\/?p=48316&#038;t=Ministro%20de%20la%20Corte%20Suprema%20realiz%C3%B3%20visita%20anual%20a%20tribunales%20de%20la%20jurisdicci%C3%B3n%20Coyhaique' aria-hidden='false' data-av_icon='\ue8f3' data-av_iconfont='entypo-fontello' title='' data-avia-related-tooltip='Compartir en Facebook' rel=\"noopener\"><span class='avia_hidden_link_text'>Compartir en Facebook<\/span><\/a><\/li><li class='av-share-link av-social-link-twitter' ><a target=\"_blank\" aria-label=\"Compartir en Twitter\" href='https:\/\/twitter.com\/share?text=Ministro%20de%20la%20Corte%20Suprema%20realiz%C3%B3%20visita%20anual%20a%20tribunales%20de%20la%20jurisdicci%C3%B3n%20Coyhaique&#038;url=https:\/\/radiorevelacionfm.cl\/?p=48316' aria-hidden='false' data-av_icon='\ue8f1' data-av_iconfont='entypo-fontello' title='' data-avia-related-tooltip='Compartir en Twitter' rel=\"noopener\"><span class='avia_hidden_link_text'>Compartir en Twitter<\/span><\/a><\/li><li class='av-share-link av-social-link-whatsapp' ><a target=\"_blank\" aria-label=\"Compartir en Whatsapp\" href='https:\/\/api.whatsapp.com\/send?text=https:\/\/radiorevelacionfm.cl\/?p=48316' aria-hidden='false' data-av_icon='\uf232' data-av_iconfont='entypo-fontello' title='' data-avia-related-tooltip='Compartir en Whatsapp' rel=\"noopener\"><span class='avia_hidden_link_text'>Compartir en Whatsapp<\/span><\/a><\/li><li class='av-share-link av-social-link-linkedin' ><a target=\"_blank\" aria-label=\"Compartir en LinkedIn\" href='https:\/\/linkedin.com\/shareArticle?mini=true&#038;title=Ministro%20de%20la%20Corte%20Suprema%20realiz%C3%B3%20visita%20anual%20a%20tribunales%20de%20la%20jurisdicci%C3%B3n%20Coyhaique&#038;url=https:\/\/radiorevelacionfm.cl\/?p=48316' aria-hidden='false' data-av_icon='\ue8fc' data-av_iconfont='entypo-fontello' title='' data-avia-related-tooltip='Compartir en LinkedIn' rel=\"noopener\"><span class='avia_hidden_link_text'>Compartir en LinkedIn<\/span><\/a><\/li><li class='av-share-link av-social-link-mail' ><a  aria-label=\"Compartir por correo\" href='mailto:?subject=Ministro%20de%20la%20Corte%20Suprema%20realiz%C3%B3%20visita%20anual%20a%20tribunales%20de%20la%20jurisdicci%C3%B3n%20Coyhaique&#038;body=https:\/\/radiorevelacionfm.cl\/?p=48316' aria-hidden='false' data-av_icon='\ue805' data-av_iconfont='entypo-fontello' title='' data-avia-related-tooltip='Compartir por correo'><span class='avia_hidden_link_text'>Compartir por correo<\/span><\/a><\/li><\/ul><\/div><\/div>\n<div  style='height:50px' class='hr hr-invisible   avia-builder-el-8  el_after_av_social_share  el_before_av_comments_list '><span class='hr-inner ' ><span class='hr-inner-style'><\/span><\/span><\/div>\n<div  class='av-buildercomment  av-blog-meta-html-info-disabled av-blog-meta-tag-disabled  '><\/div>\n","protected":false},"excerpt":{"rendered":"","protected":false},"author":1,"featured_media":48317,"comment_status":"open","ping_status":"open","sticky":false,"template":"","format":"standard","meta":{"footnotes":""},"categories":[55],"tags":[],"class_list":["post-48316","post","type-post","status-publish","format-standard","has-post-thumbnail","hentry","category-justicia"],"jetpack_featured_media_url":"https:\/\/radiorevelacionfm.cl\/wp-content\/uploads\/2024\/11\/Foto-04-2-2.jpg","_links":{"self":[{"href":"https:\/\/radiorevelacionfm.cl\/index.php?rest_route=\/wp\/v2\/posts\/48316","targetHints":{"allow":["GET"]}}],"collection":[{"href":"https:\/\/radiorevelacionfm.cl\/index.php?rest_route=\/wp\/v2\/posts"}],"about":[{"href":"https:\/\/radiorevelacionfm.cl\/index.php?rest_route=\/wp\/v2\/types\/post"}],"author":[{"embeddable":true,"href":"https:\/\/radiorevelacionfm.cl\/index.php?rest_route=\/wp\/v2\/users\/1"}],"replies":[{"embeddable":true,"href":"https:\/\/radiorevelacionfm.cl\/index.php?rest_route=%2Fwp%2Fv2%2Fcomments&post=48316"}],"version-history":[{"count":1,"href":"https:\/\/radiorevelacionfm.cl\/index.php?rest_route=\/wp\/v2\/posts\/48316\/revisions"}],"predecessor-version":[{"id":48318,"href":"https:\/\/radiorevelacionfm.cl\/index.php?rest_route=\/wp\/v2\/posts\/48316\/revisions\/48318"}],"wp:featuredmedia":[{"embeddable":true,"href":"https:\/\/radiorevelacionfm.cl\/index.php?rest_route=\/wp\/v2\/media\/48317"}],"wp:attachment":[{"href":"https:\/\/radiorevelacionfm.cl\/index.php?rest_route=%2Fwp%2Fv2%2Fmedia&parent=48316"}],"wp:term":[{"taxonomy":"category","embeddable":true,"href":"https:\/\/radiorevelacionfm.cl\/index.php?rest_route=%2Fwp%2Fv2%2Fcategories&post=48316"},{"taxonomy":"post_tag","embeddable":true,"href":"https:\/\/radiorevelacionfm.cl\/index.php?rest_route=%2Fwp%2Fv2%2Ftags&post=48316"}],"curies":[{"name":"wp","href":"https:\/\/api.w.org\/{rel}","templated":true}]}}