{"id":48313,"date":"2024-11-27T18:08:21","date_gmt":"2024-11-27T21:08:21","guid":{"rendered":"https:\/\/radiorevelacionfm.cl\/?p=48313"},"modified":"2024-11-27T18:08:21","modified_gmt":"2024-11-27T21:08:21","slug":"programa-fndr-suelos-aysen-agricultura-desarrolla-induccion-para-capacitar-a-operadores","status":"publish","type":"post","link":"https:\/\/radiorevelacionfm.cl\/?p=48313","title":{"rendered":"Programa FNDR Suelos Ays\u00e9n: Agricultura desarrolla inducci\u00f3n para capacitar a operadores"},"content":{"rendered":"<div class=\"flex_column av_one_full  flex_column_div av-zero-column-padding first  avia-builder-el-0  el_before_av_one_full  avia-builder-el-first  \" style='border-radius:0px; '><div  class='avia-image-container  av-styling-    avia-builder-el-1  avia-builder-el-no-sibling  avia-align-center '  itemprop=\"image\" itemscope=\"itemscope\" itemtype=\"https:\/\/schema.org\/ImageObject\"  ><div class='avia-image-container-inner'><div class='avia-image-overlay-wrap'><img decoding=\"async\" class='wp-image-48314 avia-img-lazy-loading-not-48314 avia_image' src=\"https:\/\/radiorevelacionfm.cl\/wp-content\/uploads\/2024\/11\/Suelos-Aysen-foto-Minagri-2-2.jpeg\" alt='' title='Suelos Ays\u00e9n foto Minagri-2-2' height=\"600\" width=\"900\"  itemprop=\"thumbnailUrl\" srcset=\"https:\/\/radiorevelacionfm.cl\/wp-content\/uploads\/2024\/11\/Suelos-Aysen-foto-Minagri-2-2.jpeg 900w, https:\/\/radiorevelacionfm.cl\/wp-content\/uploads\/2024\/11\/Suelos-Aysen-foto-Minagri-2-2-300x200.jpeg 300w, https:\/\/radiorevelacionfm.cl\/wp-content\/uploads\/2024\/11\/Suelos-Aysen-foto-Minagri-2-2-768x512.jpeg 768w, https:\/\/radiorevelacionfm.cl\/wp-content\/uploads\/2024\/11\/Suelos-Aysen-foto-Minagri-2-2-705x470.jpeg 705w, https:\/\/radiorevelacionfm.cl\/wp-content\/uploads\/2024\/11\/Suelos-Aysen-foto-Minagri-2-2-450x300.jpeg 450w, https:\/\/radiorevelacionfm.cl\/wp-content\/uploads\/2024\/11\/Suelos-Aysen-foto-Minagri-2-2-600x400.jpeg 600w\" sizes=\"(max-width: 900px) 100vw, 900px\" \/><\/div><\/div><\/div><\/div><div class=\"flex_column av_one_full  flex_column_div av-zero-column-padding first  avia-builder-el-2  el_after_av_one_full  el_before_av_one_full  column-top-margin\" style='border-radius:0px; '><section class=\"av_textblock_section \"  itemscope=\"itemscope\" itemtype=\"https:\/\/schema.org\/BlogPosting\" itemprop=\"blogPost\" ><div class='avia_textblock  '   itemprop=\"text\" ><p style=\"text-align: center;\"><strong><span style=\"font-size: 18pt;\">Programa FNDR Suelos Ays\u00e9n: Agricultura desarrolla inducci\u00f3n para capacitar a operadores<\/span><\/strong><\/p>\n<div id=\"gtx-trans\" style=\"position: absolute; left: -50px; top: 4.31534px;\">\n<div class=\"gtx-trans-icon\"><\/div>\n<\/div>\n<\/div><\/section><\/div><div class=\"flex_column av_one_full  flex_column_div av-zero-column-padding first  avia-builder-el-4  el_after_av_one_full  el_before_av_hr  column-top-margin\" style='border-radius:0px; '><section class=\"av_textblock_section \"  itemscope=\"itemscope\" itemtype=\"https:\/\/schema.org\/BlogPosting\" itemprop=\"blogPost\" ><div class='avia_textblock  '   itemprop=\"text\" ><p style=\"text-align: justify;\"><em>M\u00e1s de 60 personas asistieron, de acuerdo con la modalidad h\u00edbrida. Durante la oportunidad se delimit\u00f3 ampliar el plazo para postular a concurso p\u00fablico hasta el 17 de febrero de 2025.\u00a0<\/em><\/p>\n<p style=\"text-align: justify;\">A trav\u00e9s de una convocatoria abierta iniciada en noviembre, este martes el seremi de Agricultura de Ays\u00e9n, Eugenio Ruiz Espinoza, junto al director regional del Servicio Agr\u00edcola y Ganadero, Julio Cerda Cordero, encabez\u00f3 la inducci\u00f3n a profesionales y t\u00e9cnicos del \u00e1rea silvoagropecuaria para la acreditaci\u00f3n al programa FNDR \u00abSuelos Ays\u00e9n\u00bb, desarrollada en modalidad h\u00edbrida desde el edificio del agro en Coyhaique.<\/p>\n<p style=\"text-align: justify;\">Dirigida tanto a nuevas personas ejecutoras de planes de manejo como tambi\u00e9n a antiguas operadoras y operadores del Sistema de Incentivos para la Sustentabilidad Agroambiental (SIRSD-S), la oportunidad permiti\u00f3 capacitar respecto a las nuevas pr\u00e1cticas silvoagroambientales que incluye el nuevo programa, quienes para su validaci\u00f3n final deber\u00e1n rendir un examen\u00a0online\u00a0el lunes 2 de diciembre.<\/p>\n<p style=\"text-align: justify;\">El seremi de Agricultura, Eugenio Ruiz, detall\u00f3 que \u00abdesde el Ministerio de Agricultura estamos comprometidos con impulsar iniciativas que fortalezcan la soberan\u00eda y seguridad alimentaria, y el programa que gener\u00f3 nuestra seremi permitir\u00e1 contribuir al mejoramiento de la productividad y sustentabilidad de los sistemas ganaderos para aumentar la disponibilidad de forraje en \u00e9pocas cr\u00edticas. Estamos\u00a0muy contentos porque este programa tambi\u00e9n integra una tabla de costos con los valores reales de la regi\u00f3n\u00bb.<\/p>\n<p style=\"text-align: justify;\">\u00abDurante la jornada de inducci\u00f3n tuvimos a m\u00e1s de 60 personas presentes, por lo que valoramos el gran compromiso que tienen nuevos y antiguos profesionales y t\u00e9cnicos silvoagropecuarios para lograr acreditarse y aprender sobre las nuevas pr\u00e1cticas sustentables que promovemos con Suelos Ays\u00e9n\u00bb.<\/p>\n<p style=\"text-align: justify;\">Siendo una actualizaci\u00f3n del programa SIRDS-S regional, el programa busca entregar capacidades a productoras, productores, asesores t\u00e9cnicos y profesionales del agro para la implementaci\u00f3n de pr\u00e1cticas silvoagroambientales, fomentar su inversi\u00f3n, logrando disminuir e incluso revertir procesos de degradaci\u00f3n del recurso ed\u00e1fico.<\/p>\n<p style=\"text-align: justify;\">De esta manera, se permite generar un impacto positivo en t\u00e9rminos de la base productiva y ambiental que es fundamental para dar sustento a los sistemas productivos del sector rural en la Patagonia. El incentivo de expandir estas pr\u00e1cticas, adem\u00e1s de poseer un componente resiliente a los actuales efectos del cambio clim\u00e1tico, resulta imprescindible para la recuperaci\u00f3n de suelos, su fertilizaci\u00f3n, establecimiento de praderas, rehabilitaci\u00f3n y conservaci\u00f3n.<\/p>\n<p style=\"text-align: justify;\">Para la ingeniera agr\u00f3noma que busca acreditarse por primera vez como operadora de suelos en la regi\u00f3n, Karla Vargas, esta oportunidad \u00abpermite hacer preguntas y reunirse con otros consultores que tienen m\u00e1s trayectoria que una que est\u00e1 reci\u00e9n empezando. Estaba interesada hace harto tiempo, espero me vaya bien y creo que lo m\u00e1s rescatable es la visi\u00f3n de sustentabilidad por el cuidado de nuestros suelos, como tambi\u00e9n desde una perspectiva econ\u00f3mica. Es interesante que pueda llegar a m\u00e1s usuarios\u00bb.<\/p>\n<p style=\"text-align: justify;\">Cabe se\u00f1alar que se ampli\u00f3 el plazo para postular a los concursos p\u00fablicos que convocan los servicios regionales del SAG e INDAP y estar\u00e1n abiertos hasta el 17 de febrero de 2025, a las 13:00 horas. Tanto las oficinas de \u00e1rea como las provinciales presentes en todo el territorio regional est\u00e1n disponibles para guiar a quienes resulten interesadas e interesados.<\/p>\n<p style=\"text-align: justify;\">La iniciativa tiene un plazo de ejecuci\u00f3n de 3 a\u00f1os y es financiada a trav\u00e9s de un Fondo Nacional de Desarrollo Regional (FNDR) del Gobierno Regional de Ays\u00e9n y su Consejo, adjudicado en noviembre de 2023, permitiendo beneficiar a las y los peque\u00f1os productores silvoagropecuarios de INDAP, como tambi\u00e9n peque\u00f1os, medianos y grandes productores silvoagropecuarios del segmento SAG de la regi\u00f3n de Ays\u00e9n.<\/p>\n<\/div><\/section><\/div><div  style='height:50px' class='hr hr-invisible   avia-builder-el-6  el_after_av_one_full  el_before_av_social_share '><span class='hr-inner ' ><span class='hr-inner-style'><\/span><\/span><\/div><\/p>\n<div  class='av-social-sharing-box  avia-builder-el-7  el_after_av_hr  el_before_av_hr  '><div class='av-share-box'><h5 class='av-share-link-description av-no-toc '>Compartir esta noticia<\/h5><ul class='av-share-box-list noLightbox'><li class='av-share-link av-social-link-facebook' ><a target=\"_blank\" aria-label=\"Compartir en Facebook\" href='https:\/\/www.facebook.com\/sharer.php?u=https:\/\/radiorevelacionfm.cl\/?p=48313&#038;t=Programa%20FNDR%20Suelos%20Ays%C3%A9n%3A%20Agricultura%20desarrolla%20inducci%C3%B3n%20para%20capacitar%20a%20operadores' aria-hidden='false' data-av_icon='\ue8f3' data-av_iconfont='entypo-fontello' title='' data-avia-related-tooltip='Compartir en Facebook' rel=\"noopener\"><span class='avia_hidden_link_text'>Compartir en Facebook<\/span><\/a><\/li><li class='av-share-link av-social-link-twitter' ><a target=\"_blank\" aria-label=\"Compartir en Twitter\" href='https:\/\/twitter.com\/share?text=Programa%20FNDR%20Suelos%20Ays%C3%A9n%3A%20Agricultura%20desarrolla%20inducci%C3%B3n%20para%20capacitar%20a%20operadores&#038;url=https:\/\/radiorevelacionfm.cl\/?p=48313' aria-hidden='false' data-av_icon='\ue8f1' data-av_iconfont='entypo-fontello' title='' data-avia-related-tooltip='Compartir en Twitter' rel=\"noopener\"><span class='avia_hidden_link_text'>Compartir en Twitter<\/span><\/a><\/li><li class='av-share-link av-social-link-whatsapp' ><a target=\"_blank\" aria-label=\"Compartir en Whatsapp\" href='https:\/\/api.whatsapp.com\/send?text=https:\/\/radiorevelacionfm.cl\/?p=48313' aria-hidden='false' data-av_icon='\uf232' data-av_iconfont='entypo-fontello' title='' data-avia-related-tooltip='Compartir en Whatsapp' rel=\"noopener\"><span class='avia_hidden_link_text'>Compartir en Whatsapp<\/span><\/a><\/li><li class='av-share-link av-social-link-linkedin' ><a target=\"_blank\" aria-label=\"Compartir en LinkedIn\" href='https:\/\/linkedin.com\/shareArticle?mini=true&#038;title=Programa%20FNDR%20Suelos%20Ays%C3%A9n%3A%20Agricultura%20desarrolla%20inducci%C3%B3n%20para%20capacitar%20a%20operadores&#038;url=https:\/\/radiorevelacionfm.cl\/?p=48313' aria-hidden='false' data-av_icon='\ue8fc' data-av_iconfont='entypo-fontello' title='' data-avia-related-tooltip='Compartir en LinkedIn' rel=\"noopener\"><span class='avia_hidden_link_text'>Compartir en LinkedIn<\/span><\/a><\/li><li class='av-share-link av-social-link-mail' ><a  aria-label=\"Compartir por correo\" href='mailto:?subject=Programa%20FNDR%20Suelos%20Ays%C3%A9n%3A%20Agricultura%20desarrolla%20inducci%C3%B3n%20para%20capacitar%20a%20operadores&#038;body=https:\/\/radiorevelacionfm.cl\/?p=48313' aria-hidden='false' data-av_icon='\ue805' data-av_iconfont='entypo-fontello' title='' data-avia-related-tooltip='Compartir por correo'><span class='avia_hidden_link_text'>Compartir por correo<\/span><\/a><\/li><\/ul><\/div><\/div>\n<div  style='height:50px' class='hr hr-invisible   avia-builder-el-8  el_after_av_social_share  el_before_av_comments_list '><span class='hr-inner ' ><span class='hr-inner-style'><\/span><\/span><\/div>\n<div  class='av-buildercomment  av-blog-meta-html-info-disabled av-blog-meta-tag-disabled  '><\/div>\n","protected":false},"excerpt":{"rendered":"","protected":false},"author":1,"featured_media":48314,"comment_status":"open","ping_status":"open","sticky":false,"template":"","format":"standard","meta":{"footnotes":""},"categories":[58],"tags":[],"class_list":["post-48313","post","type-post","status-publish","format-standard","has-post-thumbnail","hentry","category-agricultura"],"jetpack_featured_media_url":"https:\/\/radiorevelacionfm.cl\/wp-content\/uploads\/2024\/11\/Suelos-Aysen-foto-Minagri-2-2.jpeg","_links":{"self":[{"href":"https:\/\/radiorevelacionfm.cl\/index.php?rest_route=\/wp\/v2\/posts\/48313","targetHints":{"allow":["GET"]}}],"collection":[{"href":"https:\/\/radiorevelacionfm.cl\/index.php?rest_route=\/wp\/v2\/posts"}],"about":[{"href":"https:\/\/radiorevelacionfm.cl\/index.php?rest_route=\/wp\/v2\/types\/post"}],"author":[{"embeddable":true,"href":"https:\/\/radiorevelacionfm.cl\/index.php?rest_route=\/wp\/v2\/users\/1"}],"replies":[{"embeddable":true,"href":"https:\/\/radiorevelacionfm.cl\/index.php?rest_route=%2Fwp%2Fv2%2Fcomments&post=48313"}],"version-history":[{"count":1,"href":"https:\/\/radiorevelacionfm.cl\/index.php?rest_route=\/wp\/v2\/posts\/48313\/revisions"}],"predecessor-version":[{"id":48315,"href":"https:\/\/radiorevelacionfm.cl\/index.php?rest_route=\/wp\/v2\/posts\/48313\/revisions\/48315"}],"wp:featuredmedia":[{"embeddable":true,"href":"https:\/\/radiorevelacionfm.cl\/index.php?rest_route=\/wp\/v2\/media\/48314"}],"wp:attachment":[{"href":"https:\/\/radiorevelacionfm.cl\/index.php?rest_route=%2Fwp%2Fv2%2Fmedia&parent=48313"}],"wp:term":[{"taxonomy":"category","embeddable":true,"href":"https:\/\/radiorevelacionfm.cl\/index.php?rest_route=%2Fwp%2Fv2%2Fcategories&post=48313"},{"taxonomy":"post_tag","embeddable":true,"href":"https:\/\/radiorevelacionfm.cl\/index.php?rest_route=%2Fwp%2Fv2%2Ftags&post=48313"}],"curies":[{"name":"wp","href":"https:\/\/api.w.org\/{rel}","templated":true}]}}