{"id":48310,"date":"2024-11-27T16:18:21","date_gmt":"2024-11-27T19:18:21","guid":{"rendered":"https:\/\/radiorevelacionfm.cl\/?p=48310"},"modified":"2024-11-27T16:18:21","modified_gmt":"2024-11-27T19:18:21","slug":"este-viernes-finaliza-proceso-de-postulacion-a-jardines-infantiles-integra","status":"publish","type":"post","link":"https:\/\/radiorevelacionfm.cl\/?p=48310","title":{"rendered":"Este viernes finaliza proceso de postulaci\u00f3n a jardines infantiles Integra"},"content":{"rendered":"<div class=\"flex_column av_one_full  flex_column_div av-zero-column-padding first  avia-builder-el-0  el_before_av_one_full  avia-builder-el-first  \" style='border-radius:0px; '><div  class='avia-image-container  av-styling-    avia-builder-el-1  avia-builder-el-no-sibling  avia-align-center '  itemprop=\"image\" itemscope=\"itemscope\" itemtype=\"https:\/\/schema.org\/ImageObject\"  ><div class='avia-image-container-inner'><div class='avia-image-overlay-wrap'><img decoding=\"async\" class='wp-image-48311 avia-img-lazy-loading-not-48311 avia_image' src=\"https:\/\/radiorevelacionfm.cl\/wp-content\/uploads\/2024\/11\/muestra-lienzo-2-2.jpg\" alt='' title='muestra-lienzo-2-2' height=\"600\" width=\"926\"  itemprop=\"thumbnailUrl\" srcset=\"https:\/\/radiorevelacionfm.cl\/wp-content\/uploads\/2024\/11\/muestra-lienzo-2-2.jpg 926w, https:\/\/radiorevelacionfm.cl\/wp-content\/uploads\/2024\/11\/muestra-lienzo-2-2-300x194.jpg 300w, https:\/\/radiorevelacionfm.cl\/wp-content\/uploads\/2024\/11\/muestra-lienzo-2-2-768x498.jpg 768w, https:\/\/radiorevelacionfm.cl\/wp-content\/uploads\/2024\/11\/muestra-lienzo-2-2-705x457.jpg 705w, https:\/\/radiorevelacionfm.cl\/wp-content\/uploads\/2024\/11\/muestra-lienzo-2-2-450x292.jpg 450w, https:\/\/radiorevelacionfm.cl\/wp-content\/uploads\/2024\/11\/muestra-lienzo-2-2-600x389.jpg 600w\" sizes=\"(max-width: 926px) 100vw, 926px\" \/><\/div><\/div><\/div><\/div><div class=\"flex_column av_one_full  flex_column_div av-zero-column-padding first  avia-builder-el-2  el_after_av_one_full  el_before_av_one_full  column-top-margin\" style='border-radius:0px; '><section class=\"av_textblock_section \"  itemscope=\"itemscope\" itemtype=\"https:\/\/schema.org\/BlogPosting\" itemprop=\"blogPost\" ><div class='avia_textblock  '   itemprop=\"text\" ><p style=\"text-align: center;\"><span style=\"font-size: 18pt;\"><b>Este viernes finaliza proceso de postulaci\u00f3n a jardines infantiles Integra<\/b><\/span><\/p>\n<div id=\"gtx-trans\" style=\"position: absolute; left: -50px; top: 4.31534px;\">\n<div class=\"gtx-trans-icon\"><\/div>\n<\/div>\n<\/div><\/section><\/div><div class=\"flex_column av_one_full  flex_column_div av-zero-column-padding first  avia-builder-el-4  el_after_av_one_full  el_before_av_hr  column-top-margin\" style='border-radius:0px; '><section class=\"av_textblock_section \"  itemscope=\"itemscope\" itemtype=\"https:\/\/schema.org\/BlogPosting\" itemprop=\"blogPost\" ><div class='avia_textblock  '   itemprop=\"text\" ><p style=\"text-align: justify;\">Fundaci\u00f3n Integra record\u00f3 a las familias que el proceso de postulaci\u00f3n a las salas cuna y jardines infantiles, para el A\u00f1o Parvulario 2025, finaliza este viernes 29 de noviembre a las 14:00 horas, por lo cual el llamado es a ingresar a la plataforma disponible en <a href=\"http:\/\/www.integra.cl\/\" data-saferedirecturl=\"https:\/\/www.google.com\/url?q=http:\/\/www.integra.cl&amp;source=gmail&amp;ust=1732809715862000&amp;usg=AOvVaw10mG1a6QOMWF2PdfyGEaZY\">www.integra.cl<\/a> y completar los pasos.<\/p>\n<p style=\"text-align: justify;\">Para iniciar la postulaci\u00f3n hay que entrar al sitio web de Fundaci\u00f3n Integra y presionar \u201cPostula aqu\u00ed\u201d, despleg\u00e1ndose la p\u00e1gina de Postulaci\u00f3n 2025. Ac\u00e1, el sistema solicitar\u00e1 un correo electr\u00f3nico y contrase\u00f1a. Si se realiza el proceso por primera vez, las familias deben registrarse. Quienes ya han postulado antes, pueden usar las credenciales creadas previamente en el sistema.<\/p>\n<p style=\"text-align: justify;\">Luego de ingresar a la plataforma, las familias deben seguir los pasos que indique el sistema, donde se solicitar\u00e1n diversos datos entre ellos el RUN o IPE (Identificador Provisorio Escolar) de la ni\u00f1a o ni\u00f1o. En el caso de las y los postulantes que no cuenten con este dato, la plataforma asignar\u00e1 un n\u00famero provisorio.<\/p>\n<p style=\"text-align: justify;\">Leticia Araya Norambuena, directora regional de Fundaci\u00f3n Integra hace un llamado a las familias de la regi\u00f3n a participar de este proceso \u201cy a que conozcan nuestros jardines infantiles y que puedan conocer como son, la oferta educativa que cada uno de ellos tiene, materiales disponibles\u201d. A la vez refuerza que \u201cpueden ingresar a la p\u00e1gina web de Integra y que participen de este proceso de postulaci\u00f3n\u201d.<\/p>\n<p style=\"text-align: justify;\">Los resultados del proceso de postulaci\u00f3n se conocer\u00e1n el 18 de diciembre. Las familias a las que se les haya asignado un cupo, deber\u00e1n concurrir a la sala cuna y jard\u00edn infantil respectivo a partir del d\u00eda 23 de diciembre, para realizar la matr\u00edcula de forma presencial.<\/p>\n<p style=\"text-align: justify;\">Desde Fundaci\u00f3n Integra indicaron que en la plataforma se puede postular a todos los establecimientos que estimen convenientes, considerando factores como la cercan\u00eda al hogar o lugar de trabajo, proyecto educativo o si cuentan con Reconocimiento Oficial, entre otros.<\/p>\n<p style=\"text-align: justify;\">Adem\u00e1s, desde la entidad recalcaron que la plataforma no asigna una prioridad mayor o menor a las postulaciones dependiendo de cu\u00e1ndo se realice, es decir, las efectuadas los primeros d\u00edas no se privilegian por sobre las recibidas el 29 de noviembre.<\/p>\n<p style=\"text-align: justify;\">S\u00ed es clave que las familias terminen todo el proceso una vez iniciado y no esperen hasta el final del plazo para postular, para as\u00ed evitar errores en los datos ingresados o corregir los que se detecten.<\/p>\n<p style=\"text-align: justify;\">\u00bfA QU\u00c9 NIVEL DEBE ASISTIR MI HIJA O HIJO SEG\u00daN SU EDAD?<\/p>\n<ul style=\"text-align: justify;\">\n<li>Sala Cuna Menor: 0 a 1 a\u00f1o.<\/li>\n<li>Sala Cuna Mayor: 1 a 2 a\u00f1os (edad cumplida a marzo 2024, 1 a\u00f1o).<\/li>\n<li>Nivel Medio Menor: 2 a 3 a\u00f1os (edad cumplida a marzo 2024, 2 a\u00f1os).<\/li>\n<li>Nivel Medio Mayor: 3 a 4 a\u00f1os (edad cumplida a marzo 2024, 3 a\u00f1os).<\/li>\n<\/ul>\n<p style=\"text-align: justify;\">Quienes requieran mayor informaci\u00f3n sobre el proceso de postulaci\u00f3n, o tengan dudas sobre c\u00f3mo realizarlo, pueden revisar el sitio web <a href=\"http:\/\/www.integra.cl\/\" data-saferedirecturl=\"https:\/\/www.google.com\/url?q=http:\/\/www.integra.cl&amp;source=gmail&amp;ust=1732809715862000&amp;usg=AOvVaw10mG1a6QOMWF2PdfyGEaZY\">www.integra.cl<\/a>, ingresarlas a trav\u00e9s de la plataforma ASI (<a href=\"https:\/\/asi.integra.cl\/\" data-saferedirecturl=\"https:\/\/www.google.com\/url?q=https:\/\/asi.integra.cl\/&amp;source=gmail&amp;ust=1732809715862000&amp;usg=AOvVaw15IN7AHD0CNAMsEdP_F0zd\">https:\/\/asi.integra.cl\/<\/a>), el servicio de atenci\u00f3n telef\u00f3nica 800 540 011 o las redes sociales oficiales de Fundaci\u00f3n Integra.<\/p>\n<p style=\"text-align: justify;\">La directora regional refuerza e invita a \u201clas familias a que visiten y conozcan los establecimientos que tenemos en la regi\u00f3n porque cada uno tiene proyectos educativos distintos, por lo tanto el poder ir a visitar estos espacios les permitir\u00e1 conocer qu\u00e9 hace cada uno, cu\u00e1l es su sello, su infraestructura permiti\u00e9ndoles poder tomar la mejor decisi\u00f3n para ellos\u201d.<\/p>\n<p style=\"text-align: justify;\">Fundaci\u00f3n Integra, con 34 a\u00f1os de experiencia y m\u00e1s de 1.200 salas cuna y jardines infantiles gratuitos en todo el pa\u00eds, trabaja para que ni\u00f1as y ni\u00f1os alcancen su desarrollo pleno, bienestar integral y aprendizajes significativos, a trav\u00e9s de su protagonismo en espacios educativos amorosos, inclusivos, diversos y de calidad.<\/p>\n<\/div><\/section><\/div><div  style='height:50px' class='hr hr-invisible   avia-builder-el-6  el_after_av_one_full  el_before_av_social_share '><span class='hr-inner ' ><span class='hr-inner-style'><\/span><\/span><\/div><\/p>\n<div  class='av-social-sharing-box  avia-builder-el-7  el_after_av_hr  el_before_av_hr  '><div class='av-share-box'><h5 class='av-share-link-description av-no-toc '>Compartir esta noticia<\/h5><ul class='av-share-box-list noLightbox'><li class='av-share-link av-social-link-facebook' ><a target=\"_blank\" aria-label=\"Compartir en Facebook\" href='https:\/\/www.facebook.com\/sharer.php?u=https:\/\/radiorevelacionfm.cl\/?p=48310&#038;t=Este%20viernes%20finaliza%20proceso%20de%20postulaci%C3%B3n%20a%20jardines%20infantiles%20Integra' aria-hidden='false' data-av_icon='\ue8f3' data-av_iconfont='entypo-fontello' title='' data-avia-related-tooltip='Compartir en Facebook' rel=\"noopener\"><span class='avia_hidden_link_text'>Compartir en Facebook<\/span><\/a><\/li><li class='av-share-link av-social-link-twitter' ><a target=\"_blank\" aria-label=\"Compartir en Twitter\" href='https:\/\/twitter.com\/share?text=Este%20viernes%20finaliza%20proceso%20de%20postulaci%C3%B3n%20a%20jardines%20infantiles%20Integra&#038;url=https:\/\/radiorevelacionfm.cl\/?p=48310' aria-hidden='false' data-av_icon='\ue8f1' data-av_iconfont='entypo-fontello' title='' data-avia-related-tooltip='Compartir en Twitter' rel=\"noopener\"><span class='avia_hidden_link_text'>Compartir en Twitter<\/span><\/a><\/li><li class='av-share-link av-social-link-whatsapp' ><a target=\"_blank\" aria-label=\"Compartir en Whatsapp\" href='https:\/\/api.whatsapp.com\/send?text=https:\/\/radiorevelacionfm.cl\/?p=48310' aria-hidden='false' data-av_icon='\uf232' data-av_iconfont='entypo-fontello' title='' data-avia-related-tooltip='Compartir en Whatsapp' rel=\"noopener\"><span class='avia_hidden_link_text'>Compartir en Whatsapp<\/span><\/a><\/li><li class='av-share-link av-social-link-linkedin' ><a target=\"_blank\" aria-label=\"Compartir en LinkedIn\" href='https:\/\/linkedin.com\/shareArticle?mini=true&#038;title=Este%20viernes%20finaliza%20proceso%20de%20postulaci%C3%B3n%20a%20jardines%20infantiles%20Integra&#038;url=https:\/\/radiorevelacionfm.cl\/?p=48310' aria-hidden='false' data-av_icon='\ue8fc' data-av_iconfont='entypo-fontello' title='' data-avia-related-tooltip='Compartir en LinkedIn' rel=\"noopener\"><span class='avia_hidden_link_text'>Compartir en LinkedIn<\/span><\/a><\/li><li class='av-share-link av-social-link-mail' ><a  aria-label=\"Compartir por correo\" href='mailto:?subject=Este%20viernes%20finaliza%20proceso%20de%20postulaci%C3%B3n%20a%20jardines%20infantiles%20Integra&#038;body=https:\/\/radiorevelacionfm.cl\/?p=48310' aria-hidden='false' data-av_icon='\ue805' data-av_iconfont='entypo-fontello' title='' data-avia-related-tooltip='Compartir por correo'><span class='avia_hidden_link_text'>Compartir por correo<\/span><\/a><\/li><\/ul><\/div><\/div>\n<div  style='height:50px' class='hr hr-invisible   avia-builder-el-8  el_after_av_social_share  el_before_av_comments_list '><span class='hr-inner ' ><span class='hr-inner-style'><\/span><\/span><\/div>\n<div  class='av-buildercomment  av-blog-meta-html-info-disabled av-blog-meta-tag-disabled  '><\/div>\n","protected":false},"excerpt":{"rendered":"","protected":false},"author":1,"featured_media":48311,"comment_status":"open","ping_status":"open","sticky":false,"template":"","format":"standard","meta":{"footnotes":""},"categories":[49],"tags":[],"class_list":["post-48310","post","type-post","status-publish","format-standard","has-post-thumbnail","hentry","category-educacion"],"jetpack_featured_media_url":"https:\/\/radiorevelacionfm.cl\/wp-content\/uploads\/2024\/11\/muestra-lienzo-2-2.jpg","_links":{"self":[{"href":"https:\/\/radiorevelacionfm.cl\/index.php?rest_route=\/wp\/v2\/posts\/48310","targetHints":{"allow":["GET"]}}],"collection":[{"href":"https:\/\/radiorevelacionfm.cl\/index.php?rest_route=\/wp\/v2\/posts"}],"about":[{"href":"https:\/\/radiorevelacionfm.cl\/index.php?rest_route=\/wp\/v2\/types\/post"}],"author":[{"embeddable":true,"href":"https:\/\/radiorevelacionfm.cl\/index.php?rest_route=\/wp\/v2\/users\/1"}],"replies":[{"embeddable":true,"href":"https:\/\/radiorevelacionfm.cl\/index.php?rest_route=%2Fwp%2Fv2%2Fcomments&post=48310"}],"version-history":[{"count":1,"href":"https:\/\/radiorevelacionfm.cl\/index.php?rest_route=\/wp\/v2\/posts\/48310\/revisions"}],"predecessor-version":[{"id":48312,"href":"https:\/\/radiorevelacionfm.cl\/index.php?rest_route=\/wp\/v2\/posts\/48310\/revisions\/48312"}],"wp:featuredmedia":[{"embeddable":true,"href":"https:\/\/radiorevelacionfm.cl\/index.php?rest_route=\/wp\/v2\/media\/48311"}],"wp:attachment":[{"href":"https:\/\/radiorevelacionfm.cl\/index.php?rest_route=%2Fwp%2Fv2%2Fmedia&parent=48310"}],"wp:term":[{"taxonomy":"category","embeddable":true,"href":"https:\/\/radiorevelacionfm.cl\/index.php?rest_route=%2Fwp%2Fv2%2Fcategories&post=48310"},{"taxonomy":"post_tag","embeddable":true,"href":"https:\/\/radiorevelacionfm.cl\/index.php?rest_route=%2Fwp%2Fv2%2Ftags&post=48310"}],"curies":[{"name":"wp","href":"https:\/\/api.w.org\/{rel}","templated":true}]}}