{"id":48304,"date":"2024-11-27T11:03:30","date_gmt":"2024-11-27T14:03:30","guid":{"rendered":"https:\/\/radiorevelacionfm.cl\/?p=48304"},"modified":"2024-11-27T11:03:30","modified_gmt":"2024-11-27T14:03:30","slug":"comite-paritario-de-coyhaique-realiza-simulacro-de-incendio-en-juzgado-de-puerto-aysen","status":"publish","type":"post","link":"https:\/\/radiorevelacionfm.cl\/?p=48304","title":{"rendered":"Comit\u00e9 Paritario de Coyhaique realiza simulacro de incendio en Juzgado de Puerto Ays\u00e9n"},"content":{"rendered":"<div class=\"flex_column av_one_full  flex_column_div av-zero-column-padding first  avia-builder-el-0  el_before_av_one_full  avia-builder-el-first  \" style='border-radius:0px; '><div  class='avia-image-container  av-styling-    avia-builder-el-1  avia-builder-el-no-sibling  avia-align-center '  itemprop=\"image\" itemscope=\"itemscope\" itemtype=\"https:\/\/schema.org\/ImageObject\"  ><div class='avia-image-container-inner'><div class='avia-image-overlay-wrap'><img decoding=\"async\" class='wp-image-48305 avia-img-lazy-loading-not-48305 avia_image' src=\"https:\/\/radiorevelacionfm.cl\/wp-content\/uploads\/2024\/11\/Foto-1-simulacro-2-2.jpg\" alt='' title='Foto 1 simulacro-2-2' height=\"600\" width=\"900\"  itemprop=\"thumbnailUrl\" srcset=\"https:\/\/radiorevelacionfm.cl\/wp-content\/uploads\/2024\/11\/Foto-1-simulacro-2-2.jpg 900w, https:\/\/radiorevelacionfm.cl\/wp-content\/uploads\/2024\/11\/Foto-1-simulacro-2-2-300x200.jpg 300w, https:\/\/radiorevelacionfm.cl\/wp-content\/uploads\/2024\/11\/Foto-1-simulacro-2-2-768x512.jpg 768w, https:\/\/radiorevelacionfm.cl\/wp-content\/uploads\/2024\/11\/Foto-1-simulacro-2-2-705x470.jpg 705w, https:\/\/radiorevelacionfm.cl\/wp-content\/uploads\/2024\/11\/Foto-1-simulacro-2-2-450x300.jpg 450w, https:\/\/radiorevelacionfm.cl\/wp-content\/uploads\/2024\/11\/Foto-1-simulacro-2-2-600x400.jpg 600w\" sizes=\"(max-width: 900px) 100vw, 900px\" \/><\/div><\/div><\/div><\/div><div class=\"flex_column av_one_full  flex_column_div av-zero-column-padding first  avia-builder-el-2  el_after_av_one_full  el_before_av_one_full  column-top-margin\" style='border-radius:0px; '><section class=\"av_textblock_section \"  itemscope=\"itemscope\" itemtype=\"https:\/\/schema.org\/BlogPosting\" itemprop=\"blogPost\" ><div class='avia_textblock  '   itemprop=\"text\" ><p style=\"text-align: center;\"><span style=\"font-size: 18pt;\"><b>Comit\u00e9 Paritario de Coyhaique realiza simulacro de incendio en Juzgado de Puerto Ays\u00e9n<\/b><\/span><\/p>\n<div id=\"gtx-trans\" style=\"position: absolute; left: -50px; top: 4.31534px;\">\n<div class=\"gtx-trans-icon\"><\/div>\n<\/div>\n<\/div><\/section><\/div><div class=\"flex_column av_one_full  flex_column_div av-zero-column-padding first  avia-builder-el-4  el_after_av_one_full  el_before_av_hr  column-top-margin\" style='border-radius:0px; '><section class=\"av_textblock_section \"  itemscope=\"itemscope\" itemtype=\"https:\/\/schema.org\/BlogPosting\" itemprop=\"blogPost\" ><div class='avia_textblock  '   itemprop=\"text\" ><p class=\"v1MsoNormal\" style=\"text-align: justify;\">El pasado viernes 15 de noviembre, el Comit\u00e9 Paritario de la jurisdicci\u00f3n Coyhaique, encabezado por el presidente de la Corte de Apelaciones, ministro Luis Aedo, y el fiscal judicial Juan Patricio Silva; adem\u00e1s de Cristian G\u00f3mez, prevencionista de la zonal de la Corporaci\u00f3n Administrativa del Poder Judicial (CAPJ), se trasladaron hasta la comuna de Puerto Ays\u00e9n, para efectuar un ejercicio de simulacro de incendio. Iniciativa que busca medir los tiempos de respuestas y la aplicaci\u00f3n del plan de emergencias de la CAPJ.<\/p>\n<p class=\"v1MsoNormal\" style=\"text-align: justify;\">\u00abHemos experimentado un ejercicio de emergencia ligado particularmente a un simulacro de incendio en el Juzgado de Letras, Garant\u00eda, Familia y Laboral de Ays\u00e9n. El desarrollo de este ejercicio ha sido en presencia y en funcionamiento pleno de los dos magistrados titulares, administradora subrogante, m\u00e1s 13 funcionarios presentes en las distintas unidades de trabajo de este juzgado\u00bb, sostuvo el ministro Luis Aedo.<\/p>\n<p class=\"v1MsoNormal\" style=\"text-align: justify;\">Agreg\u00f3 que \u00abhago presente que este ejercicio en primer t\u00e9rmino se enmarca en aquellos que corresponden al trabajo del Comit\u00e9 de Higiene y Seguridad de nuestra jurisdicci\u00f3n, Comit\u00e9 Paritario, que tiende precisamente a preparar a nuestros magistrados y funcionarios en situaciones de emergencia que pueden producirse al interior de cada una de las unidades de desempe\u00f1o\u00bb.<\/p>\n<p class=\"v1MsoNormal\" style=\"text-align: justify;\">El ministro explic\u00f3 que \u00abla instancia permiti\u00f3 evaluar el resultado que se tradujo primeramente en su desarrollo y luego en una reuni\u00f3n breve con los participantes de retroalimentaci\u00f3n acerca de los aspectos en los que se han observado deficiencias y aquellos tambi\u00e9n donde la unidad posee fortalezas. No cabe duda, que continuar con este tipo de ejercicios va a contribuir a prepararnos para que en un escenario real se puedan abordar estas situaciones de la manera m\u00e1s asertiva posible\u00bb.<\/p>\n<p class=\"v1MsoNormal\" style=\"text-align: justify;\">Recordar, que esta actividad tambi\u00e9n se efectu\u00f3 en el mes de octubre en las dependencias de la Corporaci\u00f3n Administrativa Zonal.<\/p>\n<\/div><\/section><\/div><div  style='height:50px' class='hr hr-invisible   avia-builder-el-6  el_after_av_one_full  el_before_av_social_share '><span class='hr-inner ' ><span class='hr-inner-style'><\/span><\/span><\/div><\/p>\n<div  class='av-social-sharing-box  avia-builder-el-7  el_after_av_hr  el_before_av_hr  '><div class='av-share-box'><h5 class='av-share-link-description av-no-toc '>Compartir esta noticia<\/h5><ul class='av-share-box-list noLightbox'><li class='av-share-link av-social-link-facebook' ><a target=\"_blank\" aria-label=\"Compartir en Facebook\" href='https:\/\/www.facebook.com\/sharer.php?u=https:\/\/radiorevelacionfm.cl\/?p=48304&#038;t=Comit%C3%A9%20Paritario%20de%20Coyhaique%20realiza%20simulacro%20de%20incendio%20en%20Juzgado%20de%20Puerto%20Ays%C3%A9n' aria-hidden='false' data-av_icon='\ue8f3' data-av_iconfont='entypo-fontello' title='' data-avia-related-tooltip='Compartir en Facebook' rel=\"noopener\"><span class='avia_hidden_link_text'>Compartir en Facebook<\/span><\/a><\/li><li class='av-share-link av-social-link-twitter' ><a target=\"_blank\" aria-label=\"Compartir en Twitter\" href='https:\/\/twitter.com\/share?text=Comit%C3%A9%20Paritario%20de%20Coyhaique%20realiza%20simulacro%20de%20incendio%20en%20Juzgado%20de%20Puerto%20Ays%C3%A9n&#038;url=https:\/\/radiorevelacionfm.cl\/?p=48304' aria-hidden='false' data-av_icon='\ue8f1' data-av_iconfont='entypo-fontello' title='' data-avia-related-tooltip='Compartir en Twitter' rel=\"noopener\"><span class='avia_hidden_link_text'>Compartir en Twitter<\/span><\/a><\/li><li class='av-share-link av-social-link-whatsapp' ><a target=\"_blank\" aria-label=\"Compartir en Whatsapp\" href='https:\/\/api.whatsapp.com\/send?text=https:\/\/radiorevelacionfm.cl\/?p=48304' aria-hidden='false' data-av_icon='\uf232' data-av_iconfont='entypo-fontello' title='' data-avia-related-tooltip='Compartir en Whatsapp' rel=\"noopener\"><span class='avia_hidden_link_text'>Compartir en Whatsapp<\/span><\/a><\/li><li class='av-share-link av-social-link-linkedin' ><a target=\"_blank\" aria-label=\"Compartir en LinkedIn\" href='https:\/\/linkedin.com\/shareArticle?mini=true&#038;title=Comit%C3%A9%20Paritario%20de%20Coyhaique%20realiza%20simulacro%20de%20incendio%20en%20Juzgado%20de%20Puerto%20Ays%C3%A9n&#038;url=https:\/\/radiorevelacionfm.cl\/?p=48304' aria-hidden='false' data-av_icon='\ue8fc' data-av_iconfont='entypo-fontello' title='' data-avia-related-tooltip='Compartir en LinkedIn' rel=\"noopener\"><span class='avia_hidden_link_text'>Compartir en LinkedIn<\/span><\/a><\/li><li class='av-share-link av-social-link-mail' ><a  aria-label=\"Compartir por correo\" href='mailto:?subject=Comit%C3%A9%20Paritario%20de%20Coyhaique%20realiza%20simulacro%20de%20incendio%20en%20Juzgado%20de%20Puerto%20Ays%C3%A9n&#038;body=https:\/\/radiorevelacionfm.cl\/?p=48304' aria-hidden='false' data-av_icon='\ue805' data-av_iconfont='entypo-fontello' title='' data-avia-related-tooltip='Compartir por correo'><span class='avia_hidden_link_text'>Compartir por correo<\/span><\/a><\/li><\/ul><\/div><\/div>\n<div  style='height:50px' class='hr hr-invisible   avia-builder-el-8  el_after_av_social_share  el_before_av_comments_list '><span class='hr-inner ' ><span class='hr-inner-style'><\/span><\/span><\/div>\n<div  class='av-buildercomment  av-blog-meta-html-info-disabled av-blog-meta-tag-disabled  '><\/div>\n","protected":false},"excerpt":{"rendered":"","protected":false},"author":1,"featured_media":48305,"comment_status":"open","ping_status":"open","sticky":false,"template":"","format":"standard","meta":{"footnotes":""},"categories":[55],"tags":[],"class_list":["post-48304","post","type-post","status-publish","format-standard","has-post-thumbnail","hentry","category-justicia"],"jetpack_featured_media_url":"https:\/\/radiorevelacionfm.cl\/wp-content\/uploads\/2024\/11\/Foto-1-simulacro-2-2.jpg","_links":{"self":[{"href":"https:\/\/radiorevelacionfm.cl\/index.php?rest_route=\/wp\/v2\/posts\/48304","targetHints":{"allow":["GET"]}}],"collection":[{"href":"https:\/\/radiorevelacionfm.cl\/index.php?rest_route=\/wp\/v2\/posts"}],"about":[{"href":"https:\/\/radiorevelacionfm.cl\/index.php?rest_route=\/wp\/v2\/types\/post"}],"author":[{"embeddable":true,"href":"https:\/\/radiorevelacionfm.cl\/index.php?rest_route=\/wp\/v2\/users\/1"}],"replies":[{"embeddable":true,"href":"https:\/\/radiorevelacionfm.cl\/index.php?rest_route=%2Fwp%2Fv2%2Fcomments&post=48304"}],"version-history":[{"count":1,"href":"https:\/\/radiorevelacionfm.cl\/index.php?rest_route=\/wp\/v2\/posts\/48304\/revisions"}],"predecessor-version":[{"id":48306,"href":"https:\/\/radiorevelacionfm.cl\/index.php?rest_route=\/wp\/v2\/posts\/48304\/revisions\/48306"}],"wp:featuredmedia":[{"embeddable":true,"href":"https:\/\/radiorevelacionfm.cl\/index.php?rest_route=\/wp\/v2\/media\/48305"}],"wp:attachment":[{"href":"https:\/\/radiorevelacionfm.cl\/index.php?rest_route=%2Fwp%2Fv2%2Fmedia&parent=48304"}],"wp:term":[{"taxonomy":"category","embeddable":true,"href":"https:\/\/radiorevelacionfm.cl\/index.php?rest_route=%2Fwp%2Fv2%2Fcategories&post=48304"},{"taxonomy":"post_tag","embeddable":true,"href":"https:\/\/radiorevelacionfm.cl\/index.php?rest_route=%2Fwp%2Fv2%2Ftags&post=48304"}],"curies":[{"name":"wp","href":"https:\/\/api.w.org\/{rel}","templated":true}]}}