{"id":48300,"date":"2024-11-27T12:42:47","date_gmt":"2024-11-27T15:42:47","guid":{"rendered":"https:\/\/radiorevelacionfm.cl\/?p=48300"},"modified":"2024-11-27T12:42:47","modified_gmt":"2024-11-27T15:42:47","slug":"invitan-a-conversatorio-mitos-y-realidades-sobre-diabetes-y-trabajo","status":"publish","type":"post","link":"https:\/\/radiorevelacionfm.cl\/?p=48300","title":{"rendered":"Invitan a conversatorio \u00abMitos y realidades sobre diabetes y trabajo\u00bb"},"content":{"rendered":"<div class=\"flex_column av_one_full  flex_column_div av-zero-column-padding first  avia-builder-el-0  el_before_av_one_full  avia-builder-el-first  \" style='border-radius:0px; '><div  class='avia-image-container  av-styling-    avia-builder-el-1  avia-builder-el-no-sibling  avia-align-center '  itemprop=\"image\" itemscope=\"itemscope\" itemtype=\"https:\/\/schema.org\/ImageObject\"  ><div class='avia-image-container-inner'><div class='avia-image-overlay-wrap'><img decoding=\"async\" class='wp-image-48301 avia-img-lazy-loading-not-48301 avia_image' src=\"https:\/\/radiorevelacionfm.cl\/wp-content\/uploads\/2024\/11\/conversatorio-diabetes-trabajo-2_optimized.jpeg\" alt='' title='conversatorio-diabetes-trabajo-2_optimized' height=\"800\" width=\"800\"  itemprop=\"thumbnailUrl\" srcset=\"https:\/\/radiorevelacionfm.cl\/wp-content\/uploads\/2024\/11\/conversatorio-diabetes-trabajo-2_optimized.jpeg 800w, https:\/\/radiorevelacionfm.cl\/wp-content\/uploads\/2024\/11\/conversatorio-diabetes-trabajo-2_optimized-300x300.jpeg 300w, https:\/\/radiorevelacionfm.cl\/wp-content\/uploads\/2024\/11\/conversatorio-diabetes-trabajo-2_optimized-80x80.jpeg 80w, https:\/\/radiorevelacionfm.cl\/wp-content\/uploads\/2024\/11\/conversatorio-diabetes-trabajo-2_optimized-768x768.jpeg 768w, https:\/\/radiorevelacionfm.cl\/wp-content\/uploads\/2024\/11\/conversatorio-diabetes-trabajo-2_optimized-36x36.jpeg 36w, https:\/\/radiorevelacionfm.cl\/wp-content\/uploads\/2024\/11\/conversatorio-diabetes-trabajo-2_optimized-180x180.jpeg 180w, https:\/\/radiorevelacionfm.cl\/wp-content\/uploads\/2024\/11\/conversatorio-diabetes-trabajo-2_optimized-705x705.jpeg 705w, https:\/\/radiorevelacionfm.cl\/wp-content\/uploads\/2024\/11\/conversatorio-diabetes-trabajo-2_optimized-120x120.jpeg 120w, https:\/\/radiorevelacionfm.cl\/wp-content\/uploads\/2024\/11\/conversatorio-diabetes-trabajo-2_optimized-450x450.jpeg 450w, https:\/\/radiorevelacionfm.cl\/wp-content\/uploads\/2024\/11\/conversatorio-diabetes-trabajo-2_optimized-600x600.jpeg 600w, https:\/\/radiorevelacionfm.cl\/wp-content\/uploads\/2024\/11\/conversatorio-diabetes-trabajo-2_optimized-100x100.jpeg 100w\" sizes=\"(max-width: 800px) 100vw, 800px\" \/><\/div><\/div><\/div><\/div><div class=\"flex_column av_one_full  flex_column_div av-zero-column-padding first  avia-builder-el-2  el_after_av_one_full  el_before_av_one_full  column-top-margin\" style='border-radius:0px; '><section class=\"av_textblock_section \"  itemscope=\"itemscope\" itemtype=\"https:\/\/schema.org\/BlogPosting\" itemprop=\"blogPost\" ><div class='avia_textblock  '   itemprop=\"text\" ><p style=\"text-align: center;\"><span style=\"font-size: 18pt;\"><b>Invitan a conversatorio \u00abMitos y realidades sobre diabetes y trabajo\u00bb\u00a0<\/b><\/span><\/p>\n<div id=\"gtx-trans\" style=\"position: absolute; left: -50px; top: 4.31534px;\">\n<div class=\"gtx-trans-icon\"><\/div>\n<\/div>\n<\/div><\/section><\/div><div class=\"flex_column av_one_full  flex_column_div av-zero-column-padding first  avia-builder-el-4  el_after_av_one_full  el_before_av_hr  column-top-margin\" style='border-radius:0px; '><section class=\"av_textblock_section \"  itemscope=\"itemscope\" itemtype=\"https:\/\/schema.org\/BlogPosting\" itemprop=\"blogPost\" ><div class='avia_textblock  '   itemprop=\"text\" ><div dir=\"ltr\" style=\"text-align: justify;\"><i><span lang=\"ES\">Desde las Seremis de Salud y Trabajo buscan informar, sensibilizar y entregar orientaci\u00f3n oportuna a trabajadores y empleadores donde el diagn\u00f3stico temprano es clave para mantener el bienestar.<\/span><\/i><\/div>\n<p class=\"v1gmail-MsoListParagraphCxSpLast\" style=\"text-align: justify;\"><span style=\"font-family: verdana, sans-serif;\"><i>\u00bfSab\u00edas que una de cada dos personas no saben que tienen diabetes? \u00bfun trabajador con diabetes puede realizar sus tareas con normalidad? \u00bflas personas con diabetes deben tener un cuidado especial en sus pies? <\/i>Esta y varias preguntas m\u00e1s esperan ser respondidas en el conversatorio organizado entre la Seremi de Salud y la Seremi de Trabajo y Previsi\u00f3n Social, que se realizar\u00e1 este jueves 28 de noviembre, en el Mes de la Diabetes Mellitus, que este a\u00f1o 2024, se conmemora bajo el lema \u00abDiabetes y bienestar\u00bb.<\/span><\/p>\n<p class=\"v1MsoNormal\" style=\"text-align: justify;\"><span style=\"font-family: verdana, sans-serif;\">La Seremi de Salud Ays\u00e9n, Carmen Monsalve G\u00f3mez, afirm\u00f3 sobre esta actividad, \u00abA toda la comunidad de Coyhaique, desde la Seremi de Salud de la Regi\u00f3n de Ays\u00e9n y desde la Seremi del Trabajo, queremos invitarlos a participar de una actividad de conversatorio respecto de mitos y realidades sobre la diabetes y el trabajo. Esta es una actividad que llevaremos a cabo en el Telecentro Quinta Burgos el jueves 28 de noviembre a las 3 de la tarde. Toda la comunidad est\u00e1 invitada a participar para poder aprender respecto de los mitos y las realidades sobre la diabetes que es una de las enfermedades cr\u00f3nicas no transmisibles m\u00e1s frecuentes en nuestra comunidad y que tiene una afectaci\u00f3n que va en directa relaci\u00f3n con la calidad de vida de todas las personas que la padecen.<\/span><\/p>\n<p class=\"v1MsoNormal\" style=\"text-align: justify;\"><span style=\"font-family: verdana, sans-serif;\">La autoridad a\u00f1adi\u00f3, \u00ab<span class=\"v1gmail_default\">v<\/span>an a haber exposiciones respecto a los ex\u00e1menes de medicina preventiva, va a estar la oportunidad de realiz\u00e1rselos, de recibir educaci\u00f3n nutricional, de hablar respecto a la adherencia al tratamiento farmacol\u00f3gico, al cuidado de los pies que es un tema muy relevante para los usuarios diab\u00e9ticos y la prevenci\u00f3n de las complicaciones l\u00f3gicamente, apoyado todo con material educativo y con expositores interesantes y colaboradores como INACAP, Colegio de Qu\u00edmicos Farmac\u00e9uticos y profesionales del Consultorio V\u00edctor Domingo Silva. Est\u00e1n todos invitados a participar de esta actividad abierta que va en directo beneficio de nuestra comunidad\u00bb, destac\u00f3 la Seremi Carmen Monsalve.<\/span><\/p>\n<p class=\"v1MsoNormal\" style=\"text-align: justify;\"><span style=\"font-family: verdana, sans-serif;\">Por su parte, la Seremi de Trabajo y Previsi\u00f3n Social, Camila Covarrubias Retamal, hizo hincapi\u00e9 en la importancia que tanto trabajadores como empleadores se informen, \u00abDesde el Ministerio del Trabajo y Previsi\u00f3n Social queremos reforzar los derechos laborales, la informaci\u00f3n y el autocuidado en el contexto del trabajo decente, donde las y los trabajadores, los sindicatos, gremios y las y los empleadores se informen de primera fuente tanto de las leyes laborales &#8211; como son los permisos para realizarse ex\u00e1menes preventivos, para lo cual estaremos con la Direcci\u00f3n del Trabajo-, como de los cuidados que deben tener en t\u00e9rminos de salud, todo esto para que puedan tener una buena calidad de vida. Los invitamos a aprovechar esta oportunidad\u00bb. \u00a0\u00a0<\/span><\/p>\n<p class=\"v1MsoNormal\" style=\"text-align: justify;\">El conversatorio denominado \u00abMitos y Realidades sobre Diabetes y Trabajo\u00bb, \u00a0se desarrollar\u00e1 el Jueves 28 de Noviembre 2024, a las 15.00 hrs., en Telecentro Quinta Burgos. Miraflores 5, Coyhaique, dirigido a personas con diabetes, sindicatos, empleadores, trabajadores y comunidad en general. La mini expo diabetes se realizar\u00e1 de 15:00 a 17:30 y el conversatorio ser\u00e1 en la primera parte, entre 15:00 y 16:00.<\/p>\n<p class=\"v1MsoNormal\" style=\"text-align: justify;\"><span style=\"font-family: verdana, sans-serif;\">En la mini Expo Diabetes, la comunidad encontrar\u00e1 Examen de Medicina Preventiva; Educaci\u00f3n Nutricional; Cuidados de los pies; Prevenci\u00f3n de complicaciones; Adherencia al tratamiento farmacol\u00f3gico; Salud bucal; Material Educativo.\u00a0<\/span><\/p>\n<p class=\"v1MsoNormal\" style=\"text-align: justify;\"><span style=\"font-family: verdana, sans-serif;\">\u00a0<\/span><\/p>\n<\/div><\/section><\/div><div  style='height:50px' class='hr hr-invisible   avia-builder-el-6  el_after_av_one_full  el_before_av_social_share '><span class='hr-inner ' ><span class='hr-inner-style'><\/span><\/span><\/div><\/p>\n<div  class='av-social-sharing-box  avia-builder-el-7  el_after_av_hr  el_before_av_hr  '><div class='av-share-box'><h5 class='av-share-link-description av-no-toc '>Compartir esta noticia<\/h5><ul class='av-share-box-list noLightbox'><li class='av-share-link av-social-link-facebook' ><a target=\"_blank\" aria-label=\"Compartir en Facebook\" href='https:\/\/www.facebook.com\/sharer.php?u=https:\/\/radiorevelacionfm.cl\/?p=48300&#038;t=Invitan%20a%20conversatorio%20%C2%ABMitos%20y%20realidades%20sobre%20diabetes%20y%20trabajo%C2%BB' aria-hidden='false' data-av_icon='\ue8f3' data-av_iconfont='entypo-fontello' title='' data-avia-related-tooltip='Compartir en Facebook' rel=\"noopener\"><span class='avia_hidden_link_text'>Compartir en Facebook<\/span><\/a><\/li><li class='av-share-link av-social-link-twitter' ><a target=\"_blank\" aria-label=\"Compartir en Twitter\" href='https:\/\/twitter.com\/share?text=Invitan%20a%20conversatorio%20%C2%ABMitos%20y%20realidades%20sobre%20diabetes%20y%20trabajo%C2%BB&#038;url=https:\/\/radiorevelacionfm.cl\/?p=48300' aria-hidden='false' data-av_icon='\ue8f1' data-av_iconfont='entypo-fontello' title='' data-avia-related-tooltip='Compartir en Twitter' rel=\"noopener\"><span class='avia_hidden_link_text'>Compartir en Twitter<\/span><\/a><\/li><li class='av-share-link av-social-link-whatsapp' ><a target=\"_blank\" aria-label=\"Compartir en Whatsapp\" href='https:\/\/api.whatsapp.com\/send?text=https:\/\/radiorevelacionfm.cl\/?p=48300' aria-hidden='false' data-av_icon='\uf232' data-av_iconfont='entypo-fontello' title='' data-avia-related-tooltip='Compartir en Whatsapp' rel=\"noopener\"><span class='avia_hidden_link_text'>Compartir en Whatsapp<\/span><\/a><\/li><li class='av-share-link av-social-link-linkedin' ><a target=\"_blank\" aria-label=\"Compartir en LinkedIn\" href='https:\/\/linkedin.com\/shareArticle?mini=true&#038;title=Invitan%20a%20conversatorio%20%C2%ABMitos%20y%20realidades%20sobre%20diabetes%20y%20trabajo%C2%BB&#038;url=https:\/\/radiorevelacionfm.cl\/?p=48300' aria-hidden='false' data-av_icon='\ue8fc' data-av_iconfont='entypo-fontello' title='' data-avia-related-tooltip='Compartir en LinkedIn' rel=\"noopener\"><span class='avia_hidden_link_text'>Compartir en LinkedIn<\/span><\/a><\/li><li class='av-share-link av-social-link-mail' ><a  aria-label=\"Compartir por correo\" href='mailto:?subject=Invitan%20a%20conversatorio%20%C2%ABMitos%20y%20realidades%20sobre%20diabetes%20y%20trabajo%C2%BB&#038;body=https:\/\/radiorevelacionfm.cl\/?p=48300' aria-hidden='false' data-av_icon='\ue805' data-av_iconfont='entypo-fontello' title='' data-avia-related-tooltip='Compartir por correo'><span class='avia_hidden_link_text'>Compartir por correo<\/span><\/a><\/li><\/ul><\/div><\/div>\n<div  style='height:50px' class='hr hr-invisible   avia-builder-el-8  el_after_av_social_share  el_before_av_comments_list '><span class='hr-inner ' ><span class='hr-inner-style'><\/span><\/span><\/div>\n<div  class='av-buildercomment  av-blog-meta-html-info-disabled av-blog-meta-tag-disabled  '><\/div>\n","protected":false},"excerpt":{"rendered":"","protected":false},"author":1,"featured_media":48301,"comment_status":"open","ping_status":"open","sticky":false,"template":"","format":"standard","meta":{"footnotes":""},"categories":[56],"tags":[],"class_list":["post-48300","post","type-post","status-publish","format-standard","has-post-thumbnail","hentry","category-trabajo"],"jetpack_featured_media_url":"https:\/\/radiorevelacionfm.cl\/wp-content\/uploads\/2024\/11\/conversatorio-diabetes-trabajo-2_optimized.jpeg","_links":{"self":[{"href":"https:\/\/radiorevelacionfm.cl\/index.php?rest_route=\/wp\/v2\/posts\/48300","targetHints":{"allow":["GET"]}}],"collection":[{"href":"https:\/\/radiorevelacionfm.cl\/index.php?rest_route=\/wp\/v2\/posts"}],"about":[{"href":"https:\/\/radiorevelacionfm.cl\/index.php?rest_route=\/wp\/v2\/types\/post"}],"author":[{"embeddable":true,"href":"https:\/\/radiorevelacionfm.cl\/index.php?rest_route=\/wp\/v2\/users\/1"}],"replies":[{"embeddable":true,"href":"https:\/\/radiorevelacionfm.cl\/index.php?rest_route=%2Fwp%2Fv2%2Fcomments&post=48300"}],"version-history":[{"count":1,"href":"https:\/\/radiorevelacionfm.cl\/index.php?rest_route=\/wp\/v2\/posts\/48300\/revisions"}],"predecessor-version":[{"id":48302,"href":"https:\/\/radiorevelacionfm.cl\/index.php?rest_route=\/wp\/v2\/posts\/48300\/revisions\/48302"}],"wp:featuredmedia":[{"embeddable":true,"href":"https:\/\/radiorevelacionfm.cl\/index.php?rest_route=\/wp\/v2\/media\/48301"}],"wp:attachment":[{"href":"https:\/\/radiorevelacionfm.cl\/index.php?rest_route=%2Fwp%2Fv2%2Fmedia&parent=48300"}],"wp:term":[{"taxonomy":"category","embeddable":true,"href":"https:\/\/radiorevelacionfm.cl\/index.php?rest_route=%2Fwp%2Fv2%2Fcategories&post=48300"},{"taxonomy":"post_tag","embeddable":true,"href":"https:\/\/radiorevelacionfm.cl\/index.php?rest_route=%2Fwp%2Fv2%2Ftags&post=48300"}],"curies":[{"name":"wp","href":"https:\/\/api.w.org\/{rel}","templated":true}]}}